{"id":8755,"date":"2020-03-25T15:55:38","date_gmt":"2020-03-25T14:55:38","guid":{"rendered":"https:\/\/www.ils-forschung.de\/2020\/03\/interkommunales-projekt-neila-erfolgreicher-austausch-von-kommunalpolitikerinnen-und-politikern\/"},"modified":"2025-11-20T14:46:10","modified_gmt":"2025-11-20T13:46:10","slug":"interkommunales-projekt-neila-erfolgreicher-austausch-von-kommunalpolitikerinnen-und-politikern","status":"publish","type":"post","link":"https:\/\/www.ils-forschung.de\/en\/2020\/03\/interkommunales-projekt-neila-erfolgreicher-austausch-von-kommunalpolitikerinnen-und-politikern\/","title":{"rendered":"Interkommunales Projekt NEILA: Erfolgreicher Austausch von Kommunalpolitikerinnen und -politikern"},"content":{"rendered":"<div class=\"fusion-fullwidth fullwidth-box fusion-builder-row-1 fusion-flex-container nonhundred-percent-fullwidth non-hundred-percent-height-scrolling\" style=\"--awb-border-radius-top-left:0px;--awb-border-radius-top-right:0px;--awb-border-radius-bottom-right:0px;--awb-border-radius-bottom-left:0px;--awb-flex-wrap:wrap;\" ><div class=\"fusion-builder-row fusion-row fusion-flex-align-items-flex-start fusion-flex-content-wrap\" style=\"max-width:calc( 1100px + 0px );margin-left: calc(-0px \/ 2 );margin-right: calc(-0px \/ 2 );\"><div class=\"fusion-layout-column fusion_builder_column fusion-builder-column-0 fusion_builder_column_1_1 1_1 fusion-flex-column\" style=\"--awb-bg-size:cover;--awb-width-large:100%;--awb-margin-top-large:0px;--awb-spacing-right-large:0px;--awb-margin-bottom-large:20px;--awb-spacing-left-large:0px;--awb-width-medium:100%;--awb-spacing-right-medium:0px;--awb-spacing-left-medium:0px;--awb-width-small:100%;--awb-spacing-right-small:0px;--awb-spacing-left-small:0px;\"><div class=\"fusion-column-wrapper fusion-column-has-shadow fusion-flex-justify-content-flex-start fusion-content-layout-column\"><div class=\"fusion-text fusion-text-1\"><p>Rund 80 kommunale Vertreterinnen und Vertreter aus dem Gebiet des Projektes <a href=\"https:\/\/www.ils-forschung.de\/en\/research\/research-projects\/?id=232\">NEILA<\/a> haben sich jetzt an der Hochschule Bonn-Rhein-Sieg in Sankt Augustin ausgetauscht. \u201eNEILA\u201c steht f\u00fcr \u201eNachhaltige Entwicklung durch Interkommunales Landmanagement\u201c und ist ein gemeinsames Projekt der Bundesstadt Bonn, des Rhein-Sieg-Kreises und des Kreises Ahrweiler sowie der Wirtschaftsf\u00f6rderungs- und Wohnungsbaugesellschaft der Stadt K\u00f6nigswinter. Wissenschaftlich wird das vom Bundesministerium f\u00fcr Bildung und Forschung (BMBF) gef\u00f6rderte Projekt durch die TU Dortmund und dem ILS &#8211; Institut f\u00fcr Landes- und Stadtentwicklungsforschung begleitet.<\/p>\n<p>Ratsmitglieder aus den beteiligten Kommunen sowie deren B\u00fcrgermeisterinnen und B\u00fcrgermeister sprachen bei dem Treffen \u00fcber die Siedlungsentwicklung der :rak-Region. :rak steht f\u00fcr Regionaler Arbeitskreis Bonn\/Rhein-Sieg\/Ahrweiler. Professor Thorsten Wiechmann von der TU Dortmund stellte den Teilnehmenden erste Erkenntnisse aus der Projektarbeit und die Herausforderungen der Region vor. Die Lokalpolitikerinnen und \u2013politiker diskutierten in verschiedenen Workshops in welchen Bereichen die Zusammenarbeit gest\u00e4rkt werden sollte und die daf\u00fcr notwendigen Rahmenbedingungen.<\/p>\n<p>Zentrale Themen waren dabei Perspektiven f\u00fcr die gemeinsame Entwicklung von Wohn- und Gewerbefl\u00e4chen bei gleichzeitiger Sicherung der vorhandenen Qualit\u00e4ten der Region. Zudem betonten alle Teilnehmenden die Bedeutung interkommunaler L\u00f6sungen auch in den Bereichen Bildung, Klimawandelanpassung und Mobilit\u00e4tswende.<\/p>\n<p>Am Ende lautete die klare Botschaft aller: \u201eEs geht nur zusammen!\u201c Und der B\u00fcrgermeister von Bad Honnef, Otto Neuhoff, forderte als Grundvoraussetzung f\u00fcr eine funktionierende Kooperation: \u201eKommunikation, Kommunikation, Kommunikation!\u201c<\/p>\n<p>Das Projekt NEILA setzt sich zum Ziel, die Siedlungsentwicklung in der Region Bonn\/Rhein-Sieg\/Ahrweiler gemeinsam und nachhaltig zu gestalten. Gleichzeitig soll mit Hilfe eines Ausgleichssystems Nutzen und Lasten zwischen den Kommunen gerecht verteilt werden. Damit beides gelingt, soll die Siedlungsentwicklung \u201evon unten\u201c \u2013 durch die teilnehmenden Kommunen \u2013 \u00fcber kommunale Grenzen hinweg abgestimmt werden.<\/p>\n<p>Weitere Informationen zum Projekt NEILA finden Sie unter <a href=\"http:\/\/www.neila-rak.de\/\" target=\"_blank\" rel=\"noopener noreferrer\">www.neila-rak.de<\/a>.<\/p>\n<p><em>Der Text erschien am 24. M\u00e4rz 2020 als <a href=\"https:\/\/www.rhein-sieg-kreis.de\/wirtschaft-bildung\/wirtschaftsfoerdeung\/neila.php\" target=\"_blank\" rel=\"noopener noreferrer\">Pressemitteilung<\/a> des Rhein-Sieg-Kreises.<\/em><\/p>\n<\/div><\/div><\/div><\/div><\/div>\n","protected":false},"excerpt":{"rendered":"","protected":false},"author":14,"featured_media":8752,"comment_status":"closed","ping_status":"closed","sticky":false,"template":"","format":"standard","meta":{"footnotes":""},"categories":[10],"tags":[],"class_list":["post-8755","post","type-post","status-publish","format-standard","has-post-thumbnail","hentry","category-uncategorized"],"yoast_head":"<!-- This site is optimized with the Yoast SEO plugin v27.1.1 - https:\/\/yoast.com\/product\/yoast-seo-wordpress\/ -->\n<title>Interkommunales Projekt NEILA: Erfolgreicher Austausch von Kommunalpolitikerinnen und -politikern - ILS - Institut f\u00fcr Landes- und Stadtentwicklungsforschung<\/title>\n<meta name=\"robots\" content=\"index, follow, max-snippet:-1, max-image-preview:large, max-video-preview:-1\" \/>\n<link rel=\"canonical\" href=\"https:\/\/www.ils-forschung.de\/en\/2020\/03\/interkommunales-projekt-neila-erfolgreicher-austausch-von-kommunalpolitikerinnen-und-politikern\/\" \/>\n<meta property=\"og:locale\" content=\"en_US\" \/>\n<meta property=\"og:type\" content=\"article\" \/>\n<meta property=\"og:title\" content=\"Interkommunales Projekt NEILA: Erfolgreicher Austausch von Kommunalpolitikerinnen und -politikern - ILS - Institut f\u00fcr Landes- und Stadtentwicklungsforschung\" \/>\n<meta property=\"og:url\" content=\"https:\/\/www.ils-forschung.de\/en\/2020\/03\/interkommunales-projekt-neila-erfolgreicher-austausch-von-kommunalpolitikerinnen-und-politikern\/\" \/>\n<meta property=\"og:site_name\" content=\"ILS - Institut f\u00fcr Landes- und Stadtentwicklungsforschung\" \/>\n<meta property=\"article:published_time\" content=\"2020-03-25T14:55:38+00:00\" \/>\n<meta property=\"article:modified_time\" content=\"2025-11-20T13:46:10+00:00\" \/>\n<meta property=\"og:image\" content=\"https:\/\/www.ils-forschung.de\/wp-content\/uploads\/2020\/03\/neila-treffen-schmeer.jpg\" \/>\n\t<meta property=\"og:image:width\" content=\"1000\" \/>\n\t<meta property=\"og:image:height\" content=\"750\" \/>\n\t<meta property=\"og:image:type\" content=\"image\/jpeg\" \/>\n<meta name=\"author\" content=\"ils-admin\" \/>\n<meta name=\"twitter:card\" content=\"summary_large_image\" \/>\n<meta name=\"twitter:title\" content=\"Interkommunales Projekt NEILA: Erfolgreicher Austausch von Kommunalpolitikerinnen und -politikern\" \/>\n<meta name=\"twitter:description\" content=\"Rund 80 kommunale Vertreterinnen und Vertreter aus dem Gebiet des Projektes NEILA haben sich jetzt an der Hochschule Bonn-Rhein-Sieg in Sankt Augustin ausgetauscht.\" \/>\n<meta name=\"twitter:image\" content=\"https:\/\/www.ils-forschung.de\/wp-content\/uploads\/2020\/03\/neila-treffen-schmeer.jpg\" \/>\n<meta name=\"twitter:creator\" content=\"@ILS_forschung\" \/>\n<meta name=\"twitter:site\" content=\"@ILS_forschung\" \/>\n<meta name=\"twitter:label1\" content=\"Written by\" \/>\n\t<meta name=\"twitter:data1\" content=\"ils-admin\" \/>\n\t<meta name=\"twitter:label2\" content=\"Est. reading time\" \/>\n\t<meta name=\"twitter:data2\" content=\"3 minutes\" \/>\n<script type=\"application\/ld+json\" class=\"yoast-schema-graph\">{\"@context\":\"https:\/\/schema.org\",\"@graph\":[{\"@type\":\"Article\",\"@id\":\"https:\/\/www.ils-forschung.de\/en\/2020\/03\/interkommunales-projekt-neila-erfolgreicher-austausch-von-kommunalpolitikerinnen-und-politikern\/#article\",\"isPartOf\":{\"@id\":\"https:\/\/www.ils-forschung.de\/en\/2020\/03\/interkommunales-projekt-neila-erfolgreicher-austausch-von-kommunalpolitikerinnen-und-politikern\/\"},\"author\":{\"name\":\"ils-admin\",\"@id\":\"https:\/\/www.ils-forschung.de\/en\/#\/schema\/person\/5a4e18575766674595b96b1fcb394571\"},\"headline\":\"Interkommunales Projekt NEILA: Erfolgreicher Austausch von Kommunalpolitikerinnen und -politikern\",\"datePublished\":\"2020-03-25T14:55:38+00:00\",\"dateModified\":\"2025-11-20T13:46:10+00:00\",\"mainEntityOfPage\":{\"@id\":\"https:\/\/www.ils-forschung.de\/en\/2020\/03\/interkommunales-projekt-neila-erfolgreicher-austausch-von-kommunalpolitikerinnen-und-politikern\/\"},\"wordCount\":692,\"image\":{\"@id\":\"https:\/\/www.ils-forschung.de\/en\/2020\/03\/interkommunales-projekt-neila-erfolgreicher-austausch-von-kommunalpolitikerinnen-und-politikern\/#primaryimage\"},\"thumbnailUrl\":\"https:\/\/www.ils-forschung.de\/wp-content\/uploads\/2020\/03\/neila-treffen-schmeer.jpg\",\"inLanguage\":\"en-US\"},{\"@type\":\"WebPage\",\"@id\":\"https:\/\/www.ils-forschung.de\/en\/2020\/03\/interkommunales-projekt-neila-erfolgreicher-austausch-von-kommunalpolitikerinnen-und-politikern\/\",\"url\":\"https:\/\/www.ils-forschung.de\/en\/2020\/03\/interkommunales-projekt-neila-erfolgreicher-austausch-von-kommunalpolitikerinnen-und-politikern\/\",\"name\":\"Interkommunales Projekt NEILA: Erfolgreicher Austausch von Kommunalpolitikerinnen und -politikern - ILS - Institut f\u00fcr Landes- und Stadtentwicklungsforschung\",\"isPartOf\":{\"@id\":\"https:\/\/www.ils-forschung.de\/en\/#website\"},\"primaryImageOfPage\":{\"@id\":\"https:\/\/www.ils-forschung.de\/en\/2020\/03\/interkommunales-projekt-neila-erfolgreicher-austausch-von-kommunalpolitikerinnen-und-politikern\/#primaryimage\"},\"image\":{\"@id\":\"https:\/\/www.ils-forschung.de\/en\/2020\/03\/interkommunales-projekt-neila-erfolgreicher-austausch-von-kommunalpolitikerinnen-und-politikern\/#primaryimage\"},\"thumbnailUrl\":\"https:\/\/www.ils-forschung.de\/wp-content\/uploads\/2020\/03\/neila-treffen-schmeer.jpg\",\"datePublished\":\"2020-03-25T14:55:38+00:00\",\"dateModified\":\"2025-11-20T13:46:10+00:00\",\"author\":{\"@id\":\"https:\/\/www.ils-forschung.de\/en\/#\/schema\/person\/5a4e18575766674595b96b1fcb394571\"},\"breadcrumb\":{\"@id\":\"https:\/\/www.ils-forschung.de\/en\/2020\/03\/interkommunales-projekt-neila-erfolgreicher-austausch-von-kommunalpolitikerinnen-und-politikern\/#breadcrumb\"},\"inLanguage\":\"en-US\",\"potentialAction\":[{\"@type\":\"ReadAction\",\"target\":[\"https:\/\/www.ils-forschung.de\/en\/2020\/03\/interkommunales-projekt-neila-erfolgreicher-austausch-von-kommunalpolitikerinnen-und-politikern\/\"]}]},{\"@type\":\"ImageObject\",\"inLanguage\":\"en-US\",\"@id\":\"https:\/\/www.ils-forschung.de\/en\/2020\/03\/interkommunales-projekt-neila-erfolgreicher-austausch-von-kommunalpolitikerinnen-und-politikern\/#primaryimage\",\"url\":\"https:\/\/www.ils-forschung.de\/wp-content\/uploads\/2020\/03\/neila-treffen-schmeer.jpg\",\"contentUrl\":\"https:\/\/www.ils-forschung.de\/wp-content\/uploads\/2020\/03\/neila-treffen-schmeer.jpg\",\"width\":1000,\"height\":750},{\"@type\":\"BreadcrumbList\",\"@id\":\"https:\/\/www.ils-forschung.de\/en\/2020\/03\/interkommunales-projekt-neila-erfolgreicher-austausch-von-kommunalpolitikerinnen-und-politikern\/#breadcrumb\",\"itemListElement\":[{\"@type\":\"ListItem\",\"position\":1,\"name\":\"Home\",\"item\":\"https:\/\/www.ils-forschung.de\/en\/\"},{\"@type\":\"ListItem\",\"position\":2,\"name\":\"Interkommunales Projekt NEILA: Erfolgreicher Austausch von Kommunalpolitikerinnen und -politikern\"}]},{\"@type\":\"WebSite\",\"@id\":\"https:\/\/www.ils-forschung.de\/en\/#website\",\"url\":\"https:\/\/www.ils-forschung.de\/en\/\",\"name\":\"ILS - Institut f\u00fcr Landes- und Stadtentwicklungsforschung\",\"description\":\"Das ILS \u2013 Institut f\u00fcr Landes- und Stadtentwicklungsforschung ist ein raumwissenschaftliches au\u00dferuniversit\u00e4res Forschungsinstitut mit Sitz in Dortmund.\",\"potentialAction\":[{\"@type\":\"SearchAction\",\"target\":{\"@type\":\"EntryPoint\",\"urlTemplate\":\"https:\/\/www.ils-forschung.de\/en\/?s={search_term_string}\"},\"query-input\":{\"@type\":\"PropertyValueSpecification\",\"valueRequired\":true,\"valueName\":\"search_term_string\"}}],\"inLanguage\":\"en-US\"},{\"@type\":\"Person\",\"@id\":\"https:\/\/www.ils-forschung.de\/en\/#\/schema\/person\/5a4e18575766674595b96b1fcb394571\",\"name\":\"ils-admin\",\"url\":\"https:\/\/www.ils-forschung.de\/en\/author\/ils-admin\/\"}]}<\/script>\n<!-- \/ Yoast SEO plugin. -->","yoast_head_json":{"title":"Interkommunales Projekt NEILA: Erfolgreicher Austausch von Kommunalpolitikerinnen und -politikern - ILS - Institut f\u00fcr Landes- und Stadtentwicklungsforschung","robots":{"index":"index","follow":"follow","max-snippet":"max-snippet:-1","max-image-preview":"max-image-preview:large","max-video-preview":"max-video-preview:-1"},"canonical":"https:\/\/www.ils-forschung.de\/en\/2020\/03\/interkommunales-projekt-neila-erfolgreicher-austausch-von-kommunalpolitikerinnen-und-politikern\/","og_locale":"en_US","og_type":"article","og_title":"Interkommunales Projekt NEILA: Erfolgreicher Austausch von Kommunalpolitikerinnen und -politikern - ILS - Institut f\u00fcr Landes- und Stadtentwicklungsforschung","og_url":"https:\/\/www.ils-forschung.de\/en\/2020\/03\/interkommunales-projekt-neila-erfolgreicher-austausch-von-kommunalpolitikerinnen-und-politikern\/","og_site_name":"ILS - Institut f\u00fcr Landes- und Stadtentwicklungsforschung","article_published_time":"2020-03-25T14:55:38+00:00","article_modified_time":"2025-11-20T13:46:10+00:00","og_image":[{"width":1000,"height":750,"url":"https:\/\/www.ils-forschung.de\/wp-content\/uploads\/2020\/03\/neila-treffen-schmeer.jpg","type":"image\/jpeg"}],"author":"ils-admin","twitter_card":"summary_large_image","twitter_title":"Interkommunales Projekt NEILA: Erfolgreicher Austausch von Kommunalpolitikerinnen und -politikern","twitter_description":"Rund 80 kommunale Vertreterinnen und Vertreter aus dem Gebiet des Projektes NEILA haben sich jetzt an der Hochschule Bonn-Rhein-Sieg in Sankt Augustin ausgetauscht.","twitter_image":"https:\/\/www.ils-forschung.de\/wp-content\/uploads\/2020\/03\/neila-treffen-schmeer.jpg","twitter_creator":"@ILS_forschung","twitter_site":"@ILS_forschung","twitter_misc":{"Written by":"ils-admin","Est. reading time":"3 minutes"},"schema":{"@context":"https:\/\/schema.org","@graph":[{"@type":"Article","@id":"https:\/\/www.ils-forschung.de\/en\/2020\/03\/interkommunales-projekt-neila-erfolgreicher-austausch-von-kommunalpolitikerinnen-und-politikern\/#article","isPartOf":{"@id":"https:\/\/www.ils-forschung.de\/en\/2020\/03\/interkommunales-projekt-neila-erfolgreicher-austausch-von-kommunalpolitikerinnen-und-politikern\/"},"author":{"name":"ils-admin","@id":"https:\/\/www.ils-forschung.de\/en\/#\/schema\/person\/5a4e18575766674595b96b1fcb394571"},"headline":"Interkommunales Projekt NEILA: Erfolgreicher Austausch von Kommunalpolitikerinnen und -politikern","datePublished":"2020-03-25T14:55:38+00:00","dateModified":"2025-11-20T13:46:10+00:00","mainEntityOfPage":{"@id":"https:\/\/www.ils-forschung.de\/en\/2020\/03\/interkommunales-projekt-neila-erfolgreicher-austausch-von-kommunalpolitikerinnen-und-politikern\/"},"wordCount":692,"image":{"@id":"https:\/\/www.ils-forschung.de\/en\/2020\/03\/interkommunales-projekt-neila-erfolgreicher-austausch-von-kommunalpolitikerinnen-und-politikern\/#primaryimage"},"thumbnailUrl":"https:\/\/www.ils-forschung.de\/wp-content\/uploads\/2020\/03\/neila-treffen-schmeer.jpg","inLanguage":"en-US"},{"@type":"WebPage","@id":"https:\/\/www.ils-forschung.de\/en\/2020\/03\/interkommunales-projekt-neila-erfolgreicher-austausch-von-kommunalpolitikerinnen-und-politikern\/","url":"https:\/\/www.ils-forschung.de\/en\/2020\/03\/interkommunales-projekt-neila-erfolgreicher-austausch-von-kommunalpolitikerinnen-und-politikern\/","name":"Interkommunales Projekt NEILA: Erfolgreicher Austausch von Kommunalpolitikerinnen und -politikern - ILS - Institut f\u00fcr Landes- und Stadtentwicklungsforschung","isPartOf":{"@id":"https:\/\/www.ils-forschung.de\/en\/#website"},"primaryImageOfPage":{"@id":"https:\/\/www.ils-forschung.de\/en\/2020\/03\/interkommunales-projekt-neila-erfolgreicher-austausch-von-kommunalpolitikerinnen-und-politikern\/#primaryimage"},"image":{"@id":"https:\/\/www.ils-forschung.de\/en\/2020\/03\/interkommunales-projekt-neila-erfolgreicher-austausch-von-kommunalpolitikerinnen-und-politikern\/#primaryimage"},"thumbnailUrl":"https:\/\/www.ils-forschung.de\/wp-content\/uploads\/2020\/03\/neila-treffen-schmeer.jpg","datePublished":"2020-03-25T14:55:38+00:00","dateModified":"2025-11-20T13:46:10+00:00","author":{"@id":"https:\/\/www.ils-forschung.de\/en\/#\/schema\/person\/5a4e18575766674595b96b1fcb394571"},"breadcrumb":{"@id":"https:\/\/www.ils-forschung.de\/en\/2020\/03\/interkommunales-projekt-neila-erfolgreicher-austausch-von-kommunalpolitikerinnen-und-politikern\/#breadcrumb"},"inLanguage":"en-US","potentialAction":[{"@type":"ReadAction","target":["https:\/\/www.ils-forschung.de\/en\/2020\/03\/interkommunales-projekt-neila-erfolgreicher-austausch-von-kommunalpolitikerinnen-und-politikern\/"]}]},{"@type":"ImageObject","inLanguage":"en-US","@id":"https:\/\/www.ils-forschung.de\/en\/2020\/03\/interkommunales-projekt-neila-erfolgreicher-austausch-von-kommunalpolitikerinnen-und-politikern\/#primaryimage","url":"https:\/\/www.ils-forschung.de\/wp-content\/uploads\/2020\/03\/neila-treffen-schmeer.jpg","contentUrl":"https:\/\/www.ils-forschung.de\/wp-content\/uploads\/2020\/03\/neila-treffen-schmeer.jpg","width":1000,"height":750},{"@type":"BreadcrumbList","@id":"https:\/\/www.ils-forschung.de\/en\/2020\/03\/interkommunales-projekt-neila-erfolgreicher-austausch-von-kommunalpolitikerinnen-und-politikern\/#breadcrumb","itemListElement":[{"@type":"ListItem","position":1,"name":"Home","item":"https:\/\/www.ils-forschung.de\/en\/"},{"@type":"ListItem","position":2,"name":"Interkommunales Projekt NEILA: Erfolgreicher Austausch von Kommunalpolitikerinnen und -politikern"}]},{"@type":"WebSite","@id":"https:\/\/www.ils-forschung.de\/en\/#website","url":"https:\/\/www.ils-forschung.de\/en\/","name":"ILS - Institut f\u00fcr Landes- und Stadtentwicklungsforschung","description":"Das ILS \u2013 Institut f\u00fcr Landes- und Stadtentwicklungsforschung ist ein raumwissenschaftliches au\u00dferuniversit\u00e4res Forschungsinstitut mit Sitz in Dortmund.","potentialAction":[{"@type":"SearchAction","target":{"@type":"EntryPoint","urlTemplate":"https:\/\/www.ils-forschung.de\/en\/?s={search_term_string}"},"query-input":{"@type":"PropertyValueSpecification","valueRequired":true,"valueName":"search_term_string"}}],"inLanguage":"en-US"},{"@type":"Person","@id":"https:\/\/www.ils-forschung.de\/en\/#\/schema\/person\/5a4e18575766674595b96b1fcb394571","name":"ils-admin","url":"https:\/\/www.ils-forschung.de\/en\/author\/ils-admin\/"}]}},"cc_featured_image_caption":{"caption_text":"\u00a9 Nora Schmeer \/ TU Dortmund","source_text":"","source_url":""},"_links":{"self":[{"href":"https:\/\/www.ils-forschung.de\/en\/wp-json\/wp\/v2\/posts\/8755","targetHints":{"allow":["GET"]}}],"collection":[{"href":"https:\/\/www.ils-forschung.de\/en\/wp-json\/wp\/v2\/posts"}],"about":[{"href":"https:\/\/www.ils-forschung.de\/en\/wp-json\/wp\/v2\/types\/post"}],"author":[{"embeddable":true,"href":"https:\/\/www.ils-forschung.de\/en\/wp-json\/wp\/v2\/users\/14"}],"replies":[{"embeddable":true,"href":"https:\/\/www.ils-forschung.de\/en\/wp-json\/wp\/v2\/comments?post=8755"}],"version-history":[{"count":2,"href":"https:\/\/www.ils-forschung.de\/en\/wp-json\/wp\/v2\/posts\/8755\/revisions"}],"predecessor-version":[{"id":53290,"href":"https:\/\/www.ils-forschung.de\/en\/wp-json\/wp\/v2\/posts\/8755\/revisions\/53290"}],"wp:featuredmedia":[{"embeddable":true,"href":"https:\/\/www.ils-forschung.de\/en\/wp-json\/wp\/v2\/media\/8752"}],"wp:attachment":[{"href":"https:\/\/www.ils-forschung.de\/en\/wp-json\/wp\/v2\/media?parent=8755"}],"wp:term":[{"taxonomy":"category","embeddable":true,"href":"https:\/\/www.ils-forschung.de\/en\/wp-json\/wp\/v2\/categories?post=8755"},{"taxonomy":"post_tag","embeddable":true,"href":"https:\/\/www.ils-forschung.de\/en\/wp-json\/wp\/v2\/tags?post=8755"}],"curies":[{"name":"wp","href":"https:\/\/api.w.org\/{rel}","templated":true}]}}