{"id":7714,"date":"2020-01-17T08:46:27","date_gmt":"2020-01-17T07:46:27","guid":{"rendered":"https:\/\/www.ils-forschung.de\/2020\/01\/forum-stadtbaukultur-dortmund-auftaktveranstaltung-2020\/"},"modified":"2020-01-17T08:46:27","modified_gmt":"2020-01-17T07:46:27","slug":"forum-stadtbaukultur-dortmund-auftaktveranstaltung-2020","status":"publish","type":"post","link":"https:\/\/www.ils-forschung.de\/en\/2020\/01\/forum-stadtbaukultur-dortmund-auftaktveranstaltung-2020\/","title":{"rendered":"Forum StadtBauKultur Dortmund \u2013 Auftaktveranstaltung 2020"},"content":{"rendered":"<div class=\"fusion-fullwidth fullwidth-box fusion-builder-row-1 fusion-flex-container nonhundred-percent-fullwidth non-hundred-percent-height-scrolling\" style=\"--awb-border-radius-top-left:0px;--awb-border-radius-top-right:0px;--awb-border-radius-bottom-right:0px;--awb-border-radius-bottom-left:0px;--awb-flex-wrap:wrap;\" ><div class=\"fusion-builder-row fusion-row fusion-flex-align-items-flex-start fusion-flex-content-wrap\" style=\"max-width:calc( 1100px + 0px );margin-left: calc(-0px \/ 2 );margin-right: calc(-0px \/ 2 );\"><div class=\"fusion-layout-column fusion_builder_column fusion-builder-column-0 fusion_builder_column_1_1 1_1 fusion-flex-column\" style=\"--awb-bg-size:cover;--awb-width-large:100%;--awb-margin-top-large:0px;--awb-spacing-right-large:0px;--awb-margin-bottom-large:20px;--awb-spacing-left-large:0px;--awb-width-medium:100%;--awb-spacing-right-medium:0px;--awb-spacing-left-medium:0px;--awb-width-small:100%;--awb-spacing-right-small:0px;--awb-spacing-left-small:0px;\"><div class=\"fusion-column-wrapper fusion-column-has-shadow fusion-flex-justify-content-flex-start fusion-content-layout-column\"><div class=\"fusion-text fusion-text-1\"><p><strong>27. Januar 2020, 19-21 Uhr<\/strong><br \/>\n<strong>Baukunstarchiv NRW (Lichthof), Ostwall 7, 44135 Dortmund<\/strong><\/p>\n<p>Dortmund erf\u00e4hrt gegenw\u00e4rtig wie andere Metropolen und Regionen ein intensives, nicht zuletzt investives Wachstum. Bereits seit l\u00e4ngerer Zeit vollzieht sich in der Stadtentwicklung ein nachhaltiger und erfolgreich sichtbarer Strukturwandel. Auch f\u00fcr das n\u00e4chste Jahrzehnt stehen Transformation und Reurbanisierung weiterhin auf der kommunalen Agenda.<\/p>\n<p>Signifikant hierf\u00fcr sind u. a. die r\u00e4umlichen Konversionsprojekte: das HSP-Gel\u00e4nde, die Nordseite des Hauptbahnhofs sowie das Areal der Speicherstra\u00dfe am Hafen. Sie alle sind konstitutive Bestandteile aktueller Leitideen und Entwicklungsstrategien f\u00fcr Dortmund.  Die planerische Umsetzung und das gesamtst\u00e4dtische Handeln werden dabei k\u00fcnftig noch st\u00e4rker inhaltlich und methodisch von den Vorgaben des Klimawandels, der Wohnraumschaffung, der Mobilit\u00e4tswende sowie einer identit\u00e4tsstiftenden Baukultur bestimmt, erg\u00e4nzt um die Parameter Integration und Partizipation.<\/p>\n<p>Die Veranstaltung soll \u2013 ihrer bisher guten Tradition eines konstruktiven Gedankenaustauschs folgend \u2013 den offenen Diskurs zu den k\u00fcnftigen Leitprojekten und Herangehensweisen der Stadtentwicklung f\u00fcr die neue Dekade 2020 ff. fortf\u00fchren.<\/p>\n<p>Weitere Informationen zum Programm sowie zur Anmeldung finden Sie im <a href=\"https:\/\/www.ils-forschung.de\/wp-content\/uploads\/2020\/01\/20200127_fstbauk_einladungsflyer.pdf\" rel=\"noopener noreferrer\" target=\"_blank\">Flyer<\/a>.<\/p>\n<\/div><\/div><\/div><\/div><\/div>\n","protected":false},"excerpt":{"rendered":"","protected":false},"author":14,"featured_media":7710,"comment_status":"closed","ping_status":"open","sticky":false,"template":"","format":"standard","meta":{"footnotes":""},"categories":[10],"tags":[],"class_list":["post-7714","post","type-post","status-publish","format-standard","has-post-thumbnail","hentry","category-uncategorized"],"yoast_head":"<!-- This site is optimized with the Yoast SEO plugin v27.1.1 - https:\/\/yoast.com\/product\/yoast-seo-wordpress\/ -->\n<title>Forum StadtBauKultur Dortmund \u2013 Auftaktveranstaltung 2020 - ILS - Institut f\u00fcr Landes- und Stadtentwicklungsforschung<\/title>\n<meta name=\"robots\" content=\"index, follow, max-snippet:-1, max-image-preview:large, max-video-preview:-1\" \/>\n<link rel=\"canonical\" href=\"https:\/\/www.ils-forschung.de\/en\/2020\/01\/forum-stadtbaukultur-dortmund-auftaktveranstaltung-2020\/\" \/>\n<meta property=\"og:locale\" content=\"en_US\" \/>\n<meta property=\"og:type\" content=\"article\" \/>\n<meta property=\"og:title\" content=\"Forum StadtBauKultur Dortmund \u2013 Auftaktveranstaltung 2020 - ILS - Institut f\u00fcr Landes- und Stadtentwicklungsforschung\" \/>\n<meta property=\"og:url\" content=\"https:\/\/www.ils-forschung.de\/en\/2020\/01\/forum-stadtbaukultur-dortmund-auftaktveranstaltung-2020\/\" \/>\n<meta property=\"og:site_name\" content=\"ILS - Institut f\u00fcr Landes- und Stadtentwicklungsforschung\" \/>\n<meta property=\"article:published_time\" content=\"2020-01-17T07:46:27+00:00\" \/>\n<meta property=\"og:image\" content=\"https:\/\/www.ils-forschung.de\/wp-content\/uploads\/2020\/01\/ils-kreuzviertel.jpg\" \/>\n\t<meta property=\"og:image:width\" content=\"1000\" \/>\n\t<meta property=\"og:image:height\" content=\"750\" \/>\n\t<meta property=\"og:image:type\" content=\"image\/jpeg\" \/>\n<meta name=\"author\" content=\"ils-admin\" \/>\n<meta name=\"twitter:card\" content=\"summary_large_image\" \/>\n<meta name=\"twitter:title\" content=\"Forum StadtBauKultur Dortmund \u2013 Auftaktveranstaltung 2020\" \/>\n<meta name=\"twitter:description\" content=\"27. Januar 2020, 19-21 Uhr Baukunstarchiv NRW (Lichthof), Ostwall 7, 44135 Dortmund\" \/>\n<meta name=\"twitter:image\" content=\"https:\/\/www.ils-forschung.de\/wp-content\/uploads\/2020\/01\/ils-kreuzviertel.jpg\" \/>\n<meta name=\"twitter:creator\" content=\"@ILS_forschung\" \/>\n<meta name=\"twitter:site\" content=\"@ILS_forschung\" \/>\n<meta name=\"twitter:label1\" content=\"Written by\" \/>\n\t<meta name=\"twitter:data1\" content=\"ils-admin\" \/>\n\t<meta name=\"twitter:label2\" content=\"Est. reading time\" \/>\n\t<meta name=\"twitter:data2\" content=\"3 minutes\" \/>\n<script type=\"application\/ld+json\" class=\"yoast-schema-graph\">{\"@context\":\"https:\/\/schema.org\",\"@graph\":[{\"@type\":\"Article\",\"@id\":\"https:\/\/www.ils-forschung.de\/en\/2020\/01\/forum-stadtbaukultur-dortmund-auftaktveranstaltung-2020\/#article\",\"isPartOf\":{\"@id\":\"https:\/\/www.ils-forschung.de\/en\/2020\/01\/forum-stadtbaukultur-dortmund-auftaktveranstaltung-2020\/\"},\"author\":{\"name\":\"ils-admin\",\"@id\":\"https:\/\/www.ils-forschung.de\/en\/#\/schema\/person\/5a4e18575766674595b96b1fcb394571\"},\"headline\":\"Forum StadtBauKultur Dortmund \u2013 Auftaktveranstaltung 2020\",\"datePublished\":\"2020-01-17T07:46:27+00:00\",\"mainEntityOfPage\":{\"@id\":\"https:\/\/www.ils-forschung.de\/en\/2020\/01\/forum-stadtbaukultur-dortmund-auftaktveranstaltung-2020\/\"},\"wordCount\":551,\"image\":{\"@id\":\"https:\/\/www.ils-forschung.de\/en\/2020\/01\/forum-stadtbaukultur-dortmund-auftaktveranstaltung-2020\/#primaryimage\"},\"thumbnailUrl\":\"https:\/\/www.ils-forschung.de\/wp-content\/uploads\/2020\/01\/ils-kreuzviertel.jpg\",\"inLanguage\":\"en-US\"},{\"@type\":\"WebPage\",\"@id\":\"https:\/\/www.ils-forschung.de\/en\/2020\/01\/forum-stadtbaukultur-dortmund-auftaktveranstaltung-2020\/\",\"url\":\"https:\/\/www.ils-forschung.de\/en\/2020\/01\/forum-stadtbaukultur-dortmund-auftaktveranstaltung-2020\/\",\"name\":\"Forum StadtBauKultur Dortmund \u2013 Auftaktveranstaltung 2020 - ILS - Institut f\u00fcr Landes- und Stadtentwicklungsforschung\",\"isPartOf\":{\"@id\":\"https:\/\/www.ils-forschung.de\/en\/#website\"},\"primaryImageOfPage\":{\"@id\":\"https:\/\/www.ils-forschung.de\/en\/2020\/01\/forum-stadtbaukultur-dortmund-auftaktveranstaltung-2020\/#primaryimage\"},\"image\":{\"@id\":\"https:\/\/www.ils-forschung.de\/en\/2020\/01\/forum-stadtbaukultur-dortmund-auftaktveranstaltung-2020\/#primaryimage\"},\"thumbnailUrl\":\"https:\/\/www.ils-forschung.de\/wp-content\/uploads\/2020\/01\/ils-kreuzviertel.jpg\",\"datePublished\":\"2020-01-17T07:46:27+00:00\",\"author\":{\"@id\":\"https:\/\/www.ils-forschung.de\/en\/#\/schema\/person\/5a4e18575766674595b96b1fcb394571\"},\"breadcrumb\":{\"@id\":\"https:\/\/www.ils-forschung.de\/en\/2020\/01\/forum-stadtbaukultur-dortmund-auftaktveranstaltung-2020\/#breadcrumb\"},\"inLanguage\":\"en-US\",\"potentialAction\":[{\"@type\":\"ReadAction\",\"target\":[\"https:\/\/www.ils-forschung.de\/en\/2020\/01\/forum-stadtbaukultur-dortmund-auftaktveranstaltung-2020\/\"]}]},{\"@type\":\"ImageObject\",\"inLanguage\":\"en-US\",\"@id\":\"https:\/\/www.ils-forschung.de\/en\/2020\/01\/forum-stadtbaukultur-dortmund-auftaktveranstaltung-2020\/#primaryimage\",\"url\":\"https:\/\/www.ils-forschung.de\/wp-content\/uploads\/2020\/01\/ils-kreuzviertel.jpg\",\"contentUrl\":\"https:\/\/www.ils-forschung.de\/wp-content\/uploads\/2020\/01\/ils-kreuzviertel.jpg\",\"width\":1000,\"height\":750},{\"@type\":\"BreadcrumbList\",\"@id\":\"https:\/\/www.ils-forschung.de\/en\/2020\/01\/forum-stadtbaukultur-dortmund-auftaktveranstaltung-2020\/#breadcrumb\",\"itemListElement\":[{\"@type\":\"ListItem\",\"position\":1,\"name\":\"Home\",\"item\":\"https:\/\/www.ils-forschung.de\/en\/\"},{\"@type\":\"ListItem\",\"position\":2,\"name\":\"Forum StadtBauKultur Dortmund \u2013 Auftaktveranstaltung 2020\"}]},{\"@type\":\"WebSite\",\"@id\":\"https:\/\/www.ils-forschung.de\/en\/#website\",\"url\":\"https:\/\/www.ils-forschung.de\/en\/\",\"name\":\"ILS - Institut f\u00fcr Landes- und Stadtentwicklungsforschung\",\"description\":\"Das ILS \u2013 Institut f\u00fcr Landes- und Stadtentwicklungsforschung ist ein raumwissenschaftliches au\u00dferuniversit\u00e4res Forschungsinstitut mit Sitz in Dortmund.\",\"potentialAction\":[{\"@type\":\"SearchAction\",\"target\":{\"@type\":\"EntryPoint\",\"urlTemplate\":\"https:\/\/www.ils-forschung.de\/en\/?s={search_term_string}\"},\"query-input\":{\"@type\":\"PropertyValueSpecification\",\"valueRequired\":true,\"valueName\":\"search_term_string\"}}],\"inLanguage\":\"en-US\"},{\"@type\":\"Person\",\"@id\":\"https:\/\/www.ils-forschung.de\/en\/#\/schema\/person\/5a4e18575766674595b96b1fcb394571\",\"name\":\"ils-admin\",\"url\":\"https:\/\/www.ils-forschung.de\/en\/author\/ils-admin\/\"}]}<\/script>\n<!-- \/ Yoast SEO plugin. -->","yoast_head_json":{"title":"Forum StadtBauKultur Dortmund \u2013 Auftaktveranstaltung 2020 - ILS - Institut f\u00fcr Landes- und Stadtentwicklungsforschung","robots":{"index":"index","follow":"follow","max-snippet":"max-snippet:-1","max-image-preview":"max-image-preview:large","max-video-preview":"max-video-preview:-1"},"canonical":"https:\/\/www.ils-forschung.de\/en\/2020\/01\/forum-stadtbaukultur-dortmund-auftaktveranstaltung-2020\/","og_locale":"en_US","og_type":"article","og_title":"Forum StadtBauKultur Dortmund \u2013 Auftaktveranstaltung 2020 - ILS - Institut f\u00fcr Landes- und Stadtentwicklungsforschung","og_url":"https:\/\/www.ils-forschung.de\/en\/2020\/01\/forum-stadtbaukultur-dortmund-auftaktveranstaltung-2020\/","og_site_name":"ILS - Institut f\u00fcr Landes- und Stadtentwicklungsforschung","article_published_time":"2020-01-17T07:46:27+00:00","og_image":[{"width":1000,"height":750,"url":"https:\/\/www.ils-forschung.de\/wp-content\/uploads\/2020\/01\/ils-kreuzviertel.jpg","type":"image\/jpeg"}],"author":"ils-admin","twitter_card":"summary_large_image","twitter_title":"Forum StadtBauKultur Dortmund \u2013 Auftaktveranstaltung 2020","twitter_description":"27. Januar 2020, 19-21 Uhr Baukunstarchiv NRW (Lichthof), Ostwall 7, 44135 Dortmund","twitter_image":"https:\/\/www.ils-forschung.de\/wp-content\/uploads\/2020\/01\/ils-kreuzviertel.jpg","twitter_creator":"@ILS_forschung","twitter_site":"@ILS_forschung","twitter_misc":{"Written by":"ils-admin","Est. reading time":"3 minutes"},"schema":{"@context":"https:\/\/schema.org","@graph":[{"@type":"Article","@id":"https:\/\/www.ils-forschung.de\/en\/2020\/01\/forum-stadtbaukultur-dortmund-auftaktveranstaltung-2020\/#article","isPartOf":{"@id":"https:\/\/www.ils-forschung.de\/en\/2020\/01\/forum-stadtbaukultur-dortmund-auftaktveranstaltung-2020\/"},"author":{"name":"ils-admin","@id":"https:\/\/www.ils-forschung.de\/en\/#\/schema\/person\/5a4e18575766674595b96b1fcb394571"},"headline":"Forum StadtBauKultur Dortmund \u2013 Auftaktveranstaltung 2020","datePublished":"2020-01-17T07:46:27+00:00","mainEntityOfPage":{"@id":"https:\/\/www.ils-forschung.de\/en\/2020\/01\/forum-stadtbaukultur-dortmund-auftaktveranstaltung-2020\/"},"wordCount":551,"image":{"@id":"https:\/\/www.ils-forschung.de\/en\/2020\/01\/forum-stadtbaukultur-dortmund-auftaktveranstaltung-2020\/#primaryimage"},"thumbnailUrl":"https:\/\/www.ils-forschung.de\/wp-content\/uploads\/2020\/01\/ils-kreuzviertel.jpg","inLanguage":"en-US"},{"@type":"WebPage","@id":"https:\/\/www.ils-forschung.de\/en\/2020\/01\/forum-stadtbaukultur-dortmund-auftaktveranstaltung-2020\/","url":"https:\/\/www.ils-forschung.de\/en\/2020\/01\/forum-stadtbaukultur-dortmund-auftaktveranstaltung-2020\/","name":"Forum StadtBauKultur Dortmund \u2013 Auftaktveranstaltung 2020 - ILS - Institut f\u00fcr Landes- und Stadtentwicklungsforschung","isPartOf":{"@id":"https:\/\/www.ils-forschung.de\/en\/#website"},"primaryImageOfPage":{"@id":"https:\/\/www.ils-forschung.de\/en\/2020\/01\/forum-stadtbaukultur-dortmund-auftaktveranstaltung-2020\/#primaryimage"},"image":{"@id":"https:\/\/www.ils-forschung.de\/en\/2020\/01\/forum-stadtbaukultur-dortmund-auftaktveranstaltung-2020\/#primaryimage"},"thumbnailUrl":"https:\/\/www.ils-forschung.de\/wp-content\/uploads\/2020\/01\/ils-kreuzviertel.jpg","datePublished":"2020-01-17T07:46:27+00:00","author":{"@id":"https:\/\/www.ils-forschung.de\/en\/#\/schema\/person\/5a4e18575766674595b96b1fcb394571"},"breadcrumb":{"@id":"https:\/\/www.ils-forschung.de\/en\/2020\/01\/forum-stadtbaukultur-dortmund-auftaktveranstaltung-2020\/#breadcrumb"},"inLanguage":"en-US","potentialAction":[{"@type":"ReadAction","target":["https:\/\/www.ils-forschung.de\/en\/2020\/01\/forum-stadtbaukultur-dortmund-auftaktveranstaltung-2020\/"]}]},{"@type":"ImageObject","inLanguage":"en-US","@id":"https:\/\/www.ils-forschung.de\/en\/2020\/01\/forum-stadtbaukultur-dortmund-auftaktveranstaltung-2020\/#primaryimage","url":"https:\/\/www.ils-forschung.de\/wp-content\/uploads\/2020\/01\/ils-kreuzviertel.jpg","contentUrl":"https:\/\/www.ils-forschung.de\/wp-content\/uploads\/2020\/01\/ils-kreuzviertel.jpg","width":1000,"height":750},{"@type":"BreadcrumbList","@id":"https:\/\/www.ils-forschung.de\/en\/2020\/01\/forum-stadtbaukultur-dortmund-auftaktveranstaltung-2020\/#breadcrumb","itemListElement":[{"@type":"ListItem","position":1,"name":"Home","item":"https:\/\/www.ils-forschung.de\/en\/"},{"@type":"ListItem","position":2,"name":"Forum StadtBauKultur Dortmund \u2013 Auftaktveranstaltung 2020"}]},{"@type":"WebSite","@id":"https:\/\/www.ils-forschung.de\/en\/#website","url":"https:\/\/www.ils-forschung.de\/en\/","name":"ILS - Institut f\u00fcr Landes- und Stadtentwicklungsforschung","description":"Das ILS \u2013 Institut f\u00fcr Landes- und Stadtentwicklungsforschung ist ein raumwissenschaftliches au\u00dferuniversit\u00e4res Forschungsinstitut mit Sitz in Dortmund.","potentialAction":[{"@type":"SearchAction","target":{"@type":"EntryPoint","urlTemplate":"https:\/\/www.ils-forschung.de\/en\/?s={search_term_string}"},"query-input":{"@type":"PropertyValueSpecification","valueRequired":true,"valueName":"search_term_string"}}],"inLanguage":"en-US"},{"@type":"Person","@id":"https:\/\/www.ils-forschung.de\/en\/#\/schema\/person\/5a4e18575766674595b96b1fcb394571","name":"ils-admin","url":"https:\/\/www.ils-forschung.de\/en\/author\/ils-admin\/"}]}},"cc_featured_image_caption":{"caption_text":"\u00a9 Roland Fechter \/ ILS","source_text":"","source_url":""},"_links":{"self":[{"href":"https:\/\/www.ils-forschung.de\/en\/wp-json\/wp\/v2\/posts\/7714","targetHints":{"allow":["GET"]}}],"collection":[{"href":"https:\/\/www.ils-forschung.de\/en\/wp-json\/wp\/v2\/posts"}],"about":[{"href":"https:\/\/www.ils-forschung.de\/en\/wp-json\/wp\/v2\/types\/post"}],"author":[{"embeddable":true,"href":"https:\/\/www.ils-forschung.de\/en\/wp-json\/wp\/v2\/users\/14"}],"replies":[{"embeddable":true,"href":"https:\/\/www.ils-forschung.de\/en\/wp-json\/wp\/v2\/comments?post=7714"}],"version-history":[{"count":0,"href":"https:\/\/www.ils-forschung.de\/en\/wp-json\/wp\/v2\/posts\/7714\/revisions"}],"wp:featuredmedia":[{"embeddable":true,"href":"https:\/\/www.ils-forschung.de\/en\/wp-json\/wp\/v2\/media\/7710"}],"wp:attachment":[{"href":"https:\/\/www.ils-forschung.de\/en\/wp-json\/wp\/v2\/media?parent=7714"}],"wp:term":[{"taxonomy":"category","embeddable":true,"href":"https:\/\/www.ils-forschung.de\/en\/wp-json\/wp\/v2\/categories?post=7714"},{"taxonomy":"post_tag","embeddable":true,"href":"https:\/\/www.ils-forschung.de\/en\/wp-json\/wp\/v2\/tags?post=7714"}],"curies":[{"name":"wp","href":"https:\/\/api.w.org\/{rel}","templated":true}]}}