{"id":60522,"date":"2026-08-31T11:28:13","date_gmt":"2026-08-31T09:28:13","guid":{"rendered":"https:\/\/www.ils-forschung.de\/2026\/08\/ils-gleichstellungsplan-wurde-aktualisiert\/"},"modified":"2026-08-31T11:29:09","modified_gmt":"2026-08-31T09:29:09","slug":"ils-gleichstellungsplan-wurde-aktualisiert","status":"publish","type":"post","link":"https:\/\/www.ils-forschung.de\/en\/2026\/08\/ils-gleichstellungsplan-wurde-aktualisiert\/","title":{"rendered":"<a href=\"https:\/\/www.ils-forschung.de\/gleichstellung\/\"><strong>ILS-Gleichstellungsplan wurde aktualisiert<\/strong><\/a><\/strong>"},"content":{"rendered":"<p>Die Gleichstellung aller Geschlechter begegnet uns t\u00e4glich im Alltag. Bereits seit einigen Jahren sind Themen wie \u201eGleiche Bezahlung f\u00fcr gleiche Arbeit\u201c oder die geschlechtergerechte Sprache breit in allen Medien vertreten und werden diskutiert. Das ILS ist sich seiner Verantwortung bewusst und hat bereits 2022 den ersten Gleichstellungplan ver\u00f6ffentlicht, als Leitfaden und Arbeitshilfe zur F\u00f6rderung und Verwirklichung der Gleichstellung aller Geschlechter im Institut. Der vorliegende Plan wurde von einer Arbeitsgruppe \u00fcberarbeitet und aktuellen Anforderungen angepasst. <strong><a href=\"https:\/\/www.ils-forschung.de\/gleichstellung\/\">Mehr\u2026<\/a><\/strong><\/p>\n","protected":false},"excerpt":{"rendered":"<p>Die Gleichstellung aller Geschlechter begegnet uns t\u00e4glich im Alltag. Bereits seit einigen Jahren sind Themen wie \u201eGleiche Bezahlung f\u00fcr gleiche Arbeit\u201c oder die geschlechtergerechte Sprache breit in allen Medien vertreten und werden diskutiert. Das ILS ist sich seiner Verantwortung bewusst und hat bereits 2022 den ersten Gleichstellungplan ver\u00f6ffentlicht, als Leitfaden und Arbeitshilfe zur F\u00f6rderung und Verwirklichung der Gleichstellung aller Geschlechter im Institut. Der vorliegende Plan wurde von einer Arbeitsgruppe \u00fcberarbeitet und aktuellen Anforderungen angepasst. Mehr\u2026<\/p>\n","protected":false},"author":17,"featured_media":60521,"comment_status":"closed","ping_status":"closed","sticky":false,"template":"","format":"standard","meta":{"footnotes":""},"categories":[27],"tags":[],"class_list":["post-60522","post","type-post","status-publish","format-standard","has-post-thumbnail","hentry","category-aktuelles-en"],"yoast_head":"<!-- This site is optimized with the Yoast SEO plugin v28.3 - https:\/\/yoast.com\/product\/yoast-seo-wordpress\/ -->\n<title>ILS-Gleichstellungsplan wurde aktualisiert - ILS - Institut f\u00fcr Landes- und Stadtentwicklungsforschung<\/title>\n<meta name=\"robots\" content=\"index, follow, max-snippet:-1, max-image-preview:large, max-video-preview:-1\" \/>\n<link rel=\"canonical\" href=\"https:\/\/www.ils-forschung.de\/en\/2026\/08\/ils-gleichstellungsplan-wurde-aktualisiert\/\" \/>\n<meta property=\"og:locale\" content=\"en_US\" \/>\n<meta property=\"og:type\" content=\"article\" \/>\n<meta property=\"og:title\" content=\"ILS-Gleichstellungsplan wurde aktualisiert - ILS - Institut f\u00fcr Landes- und Stadtentwicklungsforschung\" \/>\n<meta property=\"og:description\" content=\"Die Gleichstellung aller Geschlechter begegnet uns t\u00e4glich im Alltag. Bereits seit einigen Jahren sind Themen wie \u201eGleiche Bezahlung f\u00fcr gleiche Arbeit\u201c oder die geschlechtergerechte Sprache breit in allen Medien vertreten und werden diskutiert. Das ILS ist sich seiner Verantwortung bewusst und hat bereits 2022 den ersten Gleichstellungplan ver\u00f6ffentlicht, als Leitfaden und Arbeitshilfe zur F\u00f6rderung und Verwirklichung der Gleichstellung aller Geschlechter im Institut. Der vorliegende Plan wurde von einer Arbeitsgruppe \u00fcberarbeitet und aktuellen Anforderungen angepasst. Mehr\u2026\" \/>\n<meta property=\"og:url\" content=\"https:\/\/www.ils-forschung.de\/en\/2026\/08\/ils-gleichstellungsplan-wurde-aktualisiert\/\" \/>\n<meta property=\"og:site_name\" content=\"ILS - Institut f\u00fcr Landes- und Stadtentwicklungsforschung\" \/>\n<meta property=\"article:published_time\" content=\"2026-08-31T09:28:13+00:00\" \/>\n<meta property=\"article:modified_time\" content=\"2026-08-31T09:29:09+00:00\" \/>\n<meta property=\"og:image\" content=\"https:\/\/www.ils-forschung.de\/wp-content\/uploads\/2026\/08\/AdobeStock_509178298-1024x825.jpg\" \/>\n\t<meta property=\"og:image:width\" content=\"1024\" \/>\n\t<meta property=\"og:image:height\" content=\"825\" \/>\n\t<meta property=\"og:image:type\" content=\"image\/jpeg\" \/>\n<meta name=\"author\" content=\"Ann-Christin Kleinmanns\" \/>\n<meta name=\"twitter:card\" content=\"summary_large_image\" \/>\n<meta name=\"twitter:creator\" content=\"@ILS_forschung\" \/>\n<meta name=\"twitter:site\" content=\"@ILS_forschung\" \/>\n<meta name=\"twitter:label1\" content=\"Written by\" \/>\n\t<meta name=\"twitter:data1\" content=\"Ann-Christin Kleinmanns\" \/>\n\t<meta name=\"twitter:label2\" content=\"Est. reading time\" \/>\n\t<meta name=\"twitter:data2\" content=\"1 minute\" \/>\n<script type=\"application\/ld+json\" class=\"yoast-schema-graph\">{\"@context\":\"https:\\\/\\\/schema.org\",\"@graph\":[{\"@type\":\"Article\",\"@id\":\"https:\\\/\\\/www.ils-forschung.de\\\/en\\\/2026\\\/08\\\/ils-gleichstellungsplan-wurde-aktualisiert\\\/#article\",\"isPartOf\":{\"@id\":\"https:\\\/\\\/www.ils-forschung.de\\\/en\\\/2026\\\/08\\\/ils-gleichstellungsplan-wurde-aktualisiert\\\/\"},\"author\":{\"name\":\"Ann-Christin Kleinmanns\",\"@id\":\"https:\\\/\\\/www.ils-forschung.de\\\/en\\\/#\\\/schema\\\/person\\\/a4f59a1f08c4120437c7e697547b3dba\"},\"headline\":\"ILS-Gleichstellungsplan wurde aktualisiert\",\"datePublished\":\"2026-08-31T09:28:13+00:00\",\"dateModified\":\"2026-08-31T09:29:09+00:00\",\"mainEntityOfPage\":{\"@id\":\"https:\\\/\\\/www.ils-forschung.de\\\/en\\\/2026\\\/08\\\/ils-gleichstellungsplan-wurde-aktualisiert\\\/\"},\"wordCount\":81,\"image\":{\"@id\":\"https:\\\/\\\/www.ils-forschung.de\\\/en\\\/2026\\\/08\\\/ils-gleichstellungsplan-wurde-aktualisiert\\\/#primaryimage\"},\"thumbnailUrl\":\"https:\\\/\\\/www.ils-forschung.de\\\/wp-content\\\/uploads\\\/2026\\\/08\\\/AdobeStock_509178298-scaled.jpg\",\"articleSection\":[\"Aktuelles\"],\"inLanguage\":\"en-US\"},{\"@type\":\"WebPage\",\"@id\":\"https:\\\/\\\/www.ils-forschung.de\\\/en\\\/2026\\\/08\\\/ils-gleichstellungsplan-wurde-aktualisiert\\\/\",\"url\":\"https:\\\/\\\/www.ils-forschung.de\\\/en\\\/2026\\\/08\\\/ils-gleichstellungsplan-wurde-aktualisiert\\\/\",\"name\":\"ILS-Gleichstellungsplan wurde aktualisiert - ILS - Institut f\u00fcr Landes- und Stadtentwicklungsforschung\",\"isPartOf\":{\"@id\":\"https:\\\/\\\/www.ils-forschung.de\\\/en\\\/#website\"},\"primaryImageOfPage\":{\"@id\":\"https:\\\/\\\/www.ils-forschung.de\\\/en\\\/2026\\\/08\\\/ils-gleichstellungsplan-wurde-aktualisiert\\\/#primaryimage\"},\"image\":{\"@id\":\"https:\\\/\\\/www.ils-forschung.de\\\/en\\\/2026\\\/08\\\/ils-gleichstellungsplan-wurde-aktualisiert\\\/#primaryimage\"},\"thumbnailUrl\":\"https:\\\/\\\/www.ils-forschung.de\\\/wp-content\\\/uploads\\\/2026\\\/08\\\/AdobeStock_509178298-scaled.jpg\",\"datePublished\":\"2026-08-31T09:28:13+00:00\",\"dateModified\":\"2026-08-31T09:29:09+00:00\",\"author\":{\"@id\":\"https:\\\/\\\/www.ils-forschung.de\\\/en\\\/#\\\/schema\\\/person\\\/a4f59a1f08c4120437c7e697547b3dba\"},\"breadcrumb\":{\"@id\":\"https:\\\/\\\/www.ils-forschung.de\\\/en\\\/2026\\\/08\\\/ils-gleichstellungsplan-wurde-aktualisiert\\\/#breadcrumb\"},\"inLanguage\":\"en-US\",\"potentialAction\":[{\"@type\":\"ReadAction\",\"target\":[\"https:\\\/\\\/www.ils-forschung.de\\\/en\\\/2026\\\/08\\\/ils-gleichstellungsplan-wurde-aktualisiert\\\/\"]}]},{\"@type\":\"ImageObject\",\"inLanguage\":\"en-US\",\"@id\":\"https:\\\/\\\/www.ils-forschung.de\\\/en\\\/2026\\\/08\\\/ils-gleichstellungsplan-wurde-aktualisiert\\\/#primaryimage\",\"url\":\"https:\\\/\\\/www.ils-forschung.de\\\/wp-content\\\/uploads\\\/2026\\\/08\\\/AdobeStock_509178298-scaled.jpg\",\"contentUrl\":\"https:\\\/\\\/www.ils-forschung.de\\\/wp-content\\\/uploads\\\/2026\\\/08\\\/AdobeStock_509178298-scaled.jpg\",\"width\":2560,\"height\":2062,\"caption\":\"Human resources concept. Raised arms and hand up of multicultural\"},{\"@type\":\"BreadcrumbList\",\"@id\":\"https:\\\/\\\/www.ils-forschung.de\\\/en\\\/2026\\\/08\\\/ils-gleichstellungsplan-wurde-aktualisiert\\\/#breadcrumb\",\"itemListElement\":[{\"@type\":\"ListItem\",\"position\":1,\"name\":\"Home\",\"item\":\"https:\\\/\\\/www.ils-forschung.de\\\/en\\\/\"},{\"@type\":\"ListItem\",\"position\":2,\"name\":\"ILS-Gleichstellungsplan wurde aktualisiert\"}]},{\"@type\":\"WebSite\",\"@id\":\"https:\\\/\\\/www.ils-forschung.de\\\/en\\\/#website\",\"url\":\"https:\\\/\\\/www.ils-forschung.de\\\/en\\\/\",\"name\":\"ILS - Institut f\u00fcr Landes- und Stadtentwicklungsforschung\",\"description\":\"Das ILS \u2013 Institut f\u00fcr Landes- und Stadtentwicklungsforschung ist ein raumwissenschaftliches au\u00dferuniversit\u00e4res Forschungsinstitut mit Sitz in Dortmund.\",\"potentialAction\":[{\"@type\":\"SearchAction\",\"target\":{\"@type\":\"EntryPoint\",\"urlTemplate\":\"https:\\\/\\\/www.ils-forschung.de\\\/en\\\/?s={search_term_string}\"},\"query-input\":{\"@type\":\"PropertyValueSpecification\",\"valueRequired\":true,\"valueName\":\"search_term_string\"}}],\"inLanguage\":\"en-US\"},{\"@type\":\"Person\",\"@id\":\"https:\\\/\\\/www.ils-forschung.de\\\/en\\\/#\\\/schema\\\/person\\\/a4f59a1f08c4120437c7e697547b3dba\",\"name\":\"Ann-Christin Kleinmanns\",\"url\":\"https:\\\/\\\/www.ils-forschung.de\\\/en\\\/author\\\/ann-christin-kleinmanns\\\/\"}]}<\/script>\n<!-- \/ Yoast SEO plugin. -->","yoast_head_json":{"title":"ILS-Gleichstellungsplan wurde aktualisiert - ILS - Institut f\u00fcr Landes- und Stadtentwicklungsforschung","robots":{"index":"index","follow":"follow","max-snippet":"max-snippet:-1","max-image-preview":"max-image-preview:large","max-video-preview":"max-video-preview:-1"},"canonical":"https:\/\/www.ils-forschung.de\/en\/2026\/08\/ils-gleichstellungsplan-wurde-aktualisiert\/","og_locale":"en_US","og_type":"article","og_title":"ILS-Gleichstellungsplan wurde aktualisiert - ILS - Institut f\u00fcr Landes- und Stadtentwicklungsforschung","og_description":"Die Gleichstellung aller Geschlechter begegnet uns t\u00e4glich im Alltag. Bereits seit einigen Jahren sind Themen wie \u201eGleiche Bezahlung f\u00fcr gleiche Arbeit\u201c oder die geschlechtergerechte Sprache breit in allen Medien vertreten und werden diskutiert. Das ILS ist sich seiner Verantwortung bewusst und hat bereits 2022 den ersten Gleichstellungplan ver\u00f6ffentlicht, als Leitfaden und Arbeitshilfe zur F\u00f6rderung und Verwirklichung der Gleichstellung aller Geschlechter im Institut. Der vorliegende Plan wurde von einer Arbeitsgruppe \u00fcberarbeitet und aktuellen Anforderungen angepasst. Mehr\u2026","og_url":"https:\/\/www.ils-forschung.de\/en\/2026\/08\/ils-gleichstellungsplan-wurde-aktualisiert\/","og_site_name":"ILS - Institut f\u00fcr Landes- und Stadtentwicklungsforschung","article_published_time":"2026-08-31T09:28:13+00:00","article_modified_time":"2026-08-31T09:29:09+00:00","og_image":[{"width":1024,"height":825,"url":"https:\/\/www.ils-forschung.de\/wp-content\/uploads\/2026\/08\/AdobeStock_509178298-1024x825.jpg","type":"image\/jpeg"}],"author":"Ann-Christin Kleinmanns","twitter_card":"summary_large_image","twitter_creator":"@ILS_forschung","twitter_site":"@ILS_forschung","twitter_misc":{"Written by":"Ann-Christin Kleinmanns","Est. reading time":"1 minute"},"schema":{"@context":"https:\/\/schema.org","@graph":[{"@type":"Article","@id":"https:\/\/www.ils-forschung.de\/en\/2026\/08\/ils-gleichstellungsplan-wurde-aktualisiert\/#article","isPartOf":{"@id":"https:\/\/www.ils-forschung.de\/en\/2026\/08\/ils-gleichstellungsplan-wurde-aktualisiert\/"},"author":{"name":"Ann-Christin Kleinmanns","@id":"https:\/\/www.ils-forschung.de\/en\/#\/schema\/person\/a4f59a1f08c4120437c7e697547b3dba"},"headline":"ILS-Gleichstellungsplan wurde aktualisiert","datePublished":"2026-08-31T09:28:13+00:00","dateModified":"2026-08-31T09:29:09+00:00","mainEntityOfPage":{"@id":"https:\/\/www.ils-forschung.de\/en\/2026\/08\/ils-gleichstellungsplan-wurde-aktualisiert\/"},"wordCount":81,"image":{"@id":"https:\/\/www.ils-forschung.de\/en\/2026\/08\/ils-gleichstellungsplan-wurde-aktualisiert\/#primaryimage"},"thumbnailUrl":"https:\/\/www.ils-forschung.de\/wp-content\/uploads\/2026\/08\/AdobeStock_509178298-scaled.jpg","articleSection":["Aktuelles"],"inLanguage":"en-US"},{"@type":"WebPage","@id":"https:\/\/www.ils-forschung.de\/en\/2026\/08\/ils-gleichstellungsplan-wurde-aktualisiert\/","url":"https:\/\/www.ils-forschung.de\/en\/2026\/08\/ils-gleichstellungsplan-wurde-aktualisiert\/","name":"ILS-Gleichstellungsplan wurde aktualisiert - ILS - Institut f\u00fcr Landes- und Stadtentwicklungsforschung","isPartOf":{"@id":"https:\/\/www.ils-forschung.de\/en\/#website"},"primaryImageOfPage":{"@id":"https:\/\/www.ils-forschung.de\/en\/2026\/08\/ils-gleichstellungsplan-wurde-aktualisiert\/#primaryimage"},"image":{"@id":"https:\/\/www.ils-forschung.de\/en\/2026\/08\/ils-gleichstellungsplan-wurde-aktualisiert\/#primaryimage"},"thumbnailUrl":"https:\/\/www.ils-forschung.de\/wp-content\/uploads\/2026\/08\/AdobeStock_509178298-scaled.jpg","datePublished":"2026-08-31T09:28:13+00:00","dateModified":"2026-08-31T09:29:09+00:00","author":{"@id":"https:\/\/www.ils-forschung.de\/en\/#\/schema\/person\/a4f59a1f08c4120437c7e697547b3dba"},"breadcrumb":{"@id":"https:\/\/www.ils-forschung.de\/en\/2026\/08\/ils-gleichstellungsplan-wurde-aktualisiert\/#breadcrumb"},"inLanguage":"en-US","potentialAction":[{"@type":"ReadAction","target":["https:\/\/www.ils-forschung.de\/en\/2026\/08\/ils-gleichstellungsplan-wurde-aktualisiert\/"]}]},{"@type":"ImageObject","inLanguage":"en-US","@id":"https:\/\/www.ils-forschung.de\/en\/2026\/08\/ils-gleichstellungsplan-wurde-aktualisiert\/#primaryimage","url":"https:\/\/www.ils-forschung.de\/wp-content\/uploads\/2026\/08\/AdobeStock_509178298-scaled.jpg","contentUrl":"https:\/\/www.ils-forschung.de\/wp-content\/uploads\/2026\/08\/AdobeStock_509178298-scaled.jpg","width":2560,"height":2062,"caption":"Human resources concept. Raised arms and hand up of multicultural"},{"@type":"BreadcrumbList","@id":"https:\/\/www.ils-forschung.de\/en\/2026\/08\/ils-gleichstellungsplan-wurde-aktualisiert\/#breadcrumb","itemListElement":[{"@type":"ListItem","position":1,"name":"Home","item":"https:\/\/www.ils-forschung.de\/en\/"},{"@type":"ListItem","position":2,"name":"ILS-Gleichstellungsplan wurde aktualisiert"}]},{"@type":"WebSite","@id":"https:\/\/www.ils-forschung.de\/en\/#website","url":"https:\/\/www.ils-forschung.de\/en\/","name":"ILS - Institut f\u00fcr Landes- und Stadtentwicklungsforschung","description":"Das ILS \u2013 Institut f\u00fcr Landes- und Stadtentwicklungsforschung ist ein raumwissenschaftliches au\u00dferuniversit\u00e4res Forschungsinstitut mit Sitz in Dortmund.","potentialAction":[{"@type":"SearchAction","target":{"@type":"EntryPoint","urlTemplate":"https:\/\/www.ils-forschung.de\/en\/?s={search_term_string}"},"query-input":{"@type":"PropertyValueSpecification","valueRequired":true,"valueName":"search_term_string"}}],"inLanguage":"en-US"},{"@type":"Person","@id":"https:\/\/www.ils-forschung.de\/en\/#\/schema\/person\/a4f59a1f08c4120437c7e697547b3dba","name":"Ann-Christin Kleinmanns","url":"https:\/\/www.ils-forschung.de\/en\/author\/ann-christin-kleinmanns\/"}]}},"cc_featured_image_caption":{"caption_text":"\u00a9 AdobeStock_509178298","source_text":"","source_url":""},"_links":{"self":[{"href":"https:\/\/www.ils-forschung.de\/en\/wp-json\/wp\/v2\/posts\/60522","targetHints":{"allow":["GET"]}}],"collection":[{"href":"https:\/\/www.ils-forschung.de\/en\/wp-json\/wp\/v2\/posts"}],"about":[{"href":"https:\/\/www.ils-forschung.de\/en\/wp-json\/wp\/v2\/types\/post"}],"author":[{"embeddable":true,"href":"https:\/\/www.ils-forschung.de\/en\/wp-json\/wp\/v2\/users\/17"}],"replies":[{"embeddable":true,"href":"https:\/\/www.ils-forschung.de\/en\/wp-json\/wp\/v2\/comments?post=60522"}],"version-history":[{"count":1,"href":"https:\/\/www.ils-forschung.de\/en\/wp-json\/wp\/v2\/posts\/60522\/revisions"}],"predecessor-version":[{"id":60523,"href":"https:\/\/www.ils-forschung.de\/en\/wp-json\/wp\/v2\/posts\/60522\/revisions\/60523"}],"wp:featuredmedia":[{"embeddable":true,"href":"https:\/\/www.ils-forschung.de\/en\/wp-json\/wp\/v2\/media\/60521"}],"wp:attachment":[{"href":"https:\/\/www.ils-forschung.de\/en\/wp-json\/wp\/v2\/media?parent=60522"}],"wp:term":[{"taxonomy":"category","embeddable":true,"href":"https:\/\/www.ils-forschung.de\/en\/wp-json\/wp\/v2\/categories?post=60522"},{"taxonomy":"post_tag","embeddable":true,"href":"https:\/\/www.ils-forschung.de\/en\/wp-json\/wp\/v2\/tags?post=60522"}],"curies":[{"name":"wp","href":"https:\/\/api.w.org\/{rel}","templated":true}]}}