{"id":57824,"date":"2026-04-29T11:37:29","date_gmt":"2026-04-29T09:37:29","guid":{"rendered":"https:\/\/www.ils-forschung.de\/2026\/04\/wie-gut-geht-es-sich-in-dortmund\/"},"modified":"2026-04-29T11:38:22","modified_gmt":"2026-04-29T09:38:22","slug":"wie-gut-geht-es-sich-in-dortmund","status":"publish","type":"post","link":"https:\/\/www.ils-forschung.de\/en\/2026\/04\/wie-gut-geht-es-sich-in-dortmund\/","title":{"rendered":"<a href=\"https:\/\/www.dortmund.de\/dortmund-erleben\/veranstaltungskalender\/termin_131341.html\">Wie gut geht es sich in Dortmund?<\/a>"},"content":{"rendered":"<p>Wie sieht\u2018s eigentlich mit der Fu\u00dfg\u00e4ngerfreundlichkeit in Dortmund Stadt aus? Das fragt eine Veranstaltung des Seniorenbeirats der Stadt Dortmund am Donnerstag, 7. Mai, ab 17 Uhr im Rathaus. Im Mittelunkt stehen dabei Ergebnisse des ILS-Projekts WalkUrban, das die Fu\u00dfg\u00e4ngerfreundlichkeit in Dortmund untersucht hat. Dr. Janina Welsch und Dr. Anna-Lena Stroms-van der Vlugt stellen die Ergebnisse vor und diskutieren sie mit Podiumsteilnehmenden und Besuchenden der Veranstaltung. <a href=\"https:\/\/www.dortmund.de\/dortmund-erleben\/veranstaltungskalender\/termin_131341.html\"><strong>Mehr&#8230;<\/strong><\/a><\/p>\n","protected":false},"excerpt":{"rendered":"<p>Wie sieht\u2018s eigentlich mit der Fu\u00dfg\u00e4ngerfreundlichkeit in Dortmund Stadt aus? Das fragt eine Veranstaltung des Seniorenbeirats der Stadt Dortmund am Donnerstag, 7. Mai, ab 17 Uhr im Rathaus. Im Mittelunkt stehen dabei Ergebnisse des ILS-Projekts WalkUrban, das die Fu\u00dfg\u00e4ngerfreundlichkeit in Dortmund untersucht hat. Dr. Janina Welsch und Dr. Anna-Lena Stroms-van der Vlugt stellen die Ergebnisse vor und diskutieren sie mit Podiumsteilnehmenden und Besuchenden der Veranstaltung. Mehr&#8230;<\/p>\n","protected":false},"author":13,"featured_media":48673,"comment_status":"closed","ping_status":"closed","sticky":false,"template":"","format":"standard","meta":{"footnotes":""},"categories":[25],"tags":[],"class_list":["post-57824","post","type-post","status-publish","format-standard","has-post-thumbnail","hentry","category-veranstaltungen-en"],"yoast_head":"<!-- This site is optimized with the Yoast SEO plugin v27.1.1 - https:\/\/yoast.com\/product\/yoast-seo-wordpress\/ -->\n<title>Wie gut geht es sich in Dortmund? - ILS - Institut f\u00fcr Landes- und Stadtentwicklungsforschung<\/title>\n<meta name=\"robots\" content=\"index, follow, max-snippet:-1, max-image-preview:large, max-video-preview:-1\" \/>\n<link rel=\"canonical\" href=\"https:\/\/www.ils-forschung.de\/en\/2026\/04\/wie-gut-geht-es-sich-in-dortmund\/\" \/>\n<meta property=\"og:locale\" content=\"en_US\" \/>\n<meta property=\"og:type\" content=\"article\" \/>\n<meta property=\"og:title\" content=\"Wie gut geht es sich in Dortmund? - ILS - Institut f\u00fcr Landes- und Stadtentwicklungsforschung\" \/>\n<meta property=\"og:description\" content=\"Wie sieht\u2018s eigentlich mit der Fu\u00dfg\u00e4ngerfreundlichkeit in Dortmund Stadt aus? Das fragt eine Veranstaltung des Seniorenbeirats der Stadt Dortmund am Donnerstag, 7. Mai, ab 17 Uhr im Rathaus. Im Mittelunkt stehen dabei Ergebnisse des ILS-Projekts WalkUrban, das die Fu\u00dfg\u00e4ngerfreundlichkeit in Dortmund untersucht hat. Dr. Janina Welsch und Dr. Anna-Lena Stroms-van der Vlugt stellen die Ergebnisse vor und diskutieren sie mit Podiumsteilnehmenden und Besuchenden der Veranstaltung. Mehr&#8230;\" \/>\n<meta property=\"og:url\" content=\"https:\/\/www.ils-forschung.de\/en\/2026\/04\/wie-gut-geht-es-sich-in-dortmund\/\" \/>\n<meta property=\"og:site_name\" content=\"ILS - Institut f\u00fcr Landes- und Stadtentwicklungsforschung\" \/>\n<meta property=\"article:published_time\" content=\"2026-04-29T09:37:29+00:00\" \/>\n<meta property=\"article:modified_time\" content=\"2026-04-29T09:38:22+00:00\" \/>\n<meta property=\"og:image\" content=\"https:\/\/www.ils-forschung.de\/wp-content\/uploads\/2025\/06\/adobestock-234322368.webp\" \/>\n\t<meta property=\"og:image:width\" content=\"1000\" \/>\n\t<meta property=\"og:image:height\" content=\"750\" \/>\n\t<meta property=\"og:image:type\" content=\"image\/webp\" \/>\n<meta name=\"author\" content=\"theresa.vonbischopink\" \/>\n<meta name=\"twitter:card\" content=\"summary_large_image\" \/>\n<meta name=\"twitter:creator\" content=\"@ILS_forschung\" \/>\n<meta name=\"twitter:site\" content=\"@ILS_forschung\" \/>\n<meta name=\"twitter:label1\" content=\"Written by\" \/>\n\t<meta name=\"twitter:data1\" content=\"theresa.vonbischopink\" \/>\n\t<meta name=\"twitter:label2\" content=\"Est. reading time\" \/>\n\t<meta name=\"twitter:data2\" content=\"1 minute\" \/>\n<script type=\"application\/ld+json\" class=\"yoast-schema-graph\">{\"@context\":\"https:\/\/schema.org\",\"@graph\":[{\"@type\":\"Article\",\"@id\":\"https:\/\/www.ils-forschung.de\/en\/2026\/04\/wie-gut-geht-es-sich-in-dortmund\/#article\",\"isPartOf\":{\"@id\":\"https:\/\/www.ils-forschung.de\/en\/2026\/04\/wie-gut-geht-es-sich-in-dortmund\/\"},\"author\":{\"name\":\"theresa.vonbischopink\",\"@id\":\"https:\/\/www.ils-forschung.de\/en\/#\/schema\/person\/3bea413910df974622c605afedf3c889\"},\"headline\":\"Wie gut geht es sich in Dortmund?\",\"datePublished\":\"2026-04-29T09:37:29+00:00\",\"dateModified\":\"2026-04-29T09:38:22+00:00\",\"mainEntityOfPage\":{\"@id\":\"https:\/\/www.ils-forschung.de\/en\/2026\/04\/wie-gut-geht-es-sich-in-dortmund\/\"},\"wordCount\":76,\"image\":{\"@id\":\"https:\/\/www.ils-forschung.de\/en\/2026\/04\/wie-gut-geht-es-sich-in-dortmund\/#primaryimage\"},\"thumbnailUrl\":\"https:\/\/www.ils-forschung.de\/wp-content\/uploads\/2025\/06\/adobestock-234322368.webp\",\"articleSection\":[\"Veranstaltungen\"],\"inLanguage\":\"en-US\"},{\"@type\":\"WebPage\",\"@id\":\"https:\/\/www.ils-forschung.de\/en\/2026\/04\/wie-gut-geht-es-sich-in-dortmund\/\",\"url\":\"https:\/\/www.ils-forschung.de\/en\/2026\/04\/wie-gut-geht-es-sich-in-dortmund\/\",\"name\":\"Wie gut geht es sich in Dortmund? - ILS - Institut f\u00fcr Landes- und Stadtentwicklungsforschung\",\"isPartOf\":{\"@id\":\"https:\/\/www.ils-forschung.de\/en\/#website\"},\"primaryImageOfPage\":{\"@id\":\"https:\/\/www.ils-forschung.de\/en\/2026\/04\/wie-gut-geht-es-sich-in-dortmund\/#primaryimage\"},\"image\":{\"@id\":\"https:\/\/www.ils-forschung.de\/en\/2026\/04\/wie-gut-geht-es-sich-in-dortmund\/#primaryimage\"},\"thumbnailUrl\":\"https:\/\/www.ils-forschung.de\/wp-content\/uploads\/2025\/06\/adobestock-234322368.webp\",\"datePublished\":\"2026-04-29T09:37:29+00:00\",\"dateModified\":\"2026-04-29T09:38:22+00:00\",\"author\":{\"@id\":\"https:\/\/www.ils-forschung.de\/en\/#\/schema\/person\/3bea413910df974622c605afedf3c889\"},\"breadcrumb\":{\"@id\":\"https:\/\/www.ils-forschung.de\/en\/2026\/04\/wie-gut-geht-es-sich-in-dortmund\/#breadcrumb\"},\"inLanguage\":\"en-US\",\"potentialAction\":[{\"@type\":\"ReadAction\",\"target\":[\"https:\/\/www.ils-forschung.de\/en\/2026\/04\/wie-gut-geht-es-sich-in-dortmund\/\"]}]},{\"@type\":\"ImageObject\",\"inLanguage\":\"en-US\",\"@id\":\"https:\/\/www.ils-forschung.de\/en\/2026\/04\/wie-gut-geht-es-sich-in-dortmund\/#primaryimage\",\"url\":\"https:\/\/www.ils-forschung.de\/wp-content\/uploads\/2025\/06\/adobestock-234322368.webp\",\"contentUrl\":\"https:\/\/www.ils-forschung.de\/wp-content\/uploads\/2025\/06\/adobestock-234322368.webp\",\"width\":1000,\"height\":750,\"caption\":\"Das Bild ist in Vogelperspektive. Menschen laufen \u00fcber einen Zebrastreifen.\"},{\"@type\":\"BreadcrumbList\",\"@id\":\"https:\/\/www.ils-forschung.de\/en\/2026\/04\/wie-gut-geht-es-sich-in-dortmund\/#breadcrumb\",\"itemListElement\":[{\"@type\":\"ListItem\",\"position\":1,\"name\":\"Home\",\"item\":\"https:\/\/www.ils-forschung.de\/en\/\"},{\"@type\":\"ListItem\",\"position\":2,\"name\":\"Wie gut geht es sich in Dortmund?\"}]},{\"@type\":\"WebSite\",\"@id\":\"https:\/\/www.ils-forschung.de\/en\/#website\",\"url\":\"https:\/\/www.ils-forschung.de\/en\/\",\"name\":\"ILS - Institut f\u00fcr Landes- und Stadtentwicklungsforschung\",\"description\":\"Das ILS \u2013 Institut f\u00fcr Landes- und Stadtentwicklungsforschung ist ein raumwissenschaftliches au\u00dferuniversit\u00e4res Forschungsinstitut mit Sitz in Dortmund.\",\"potentialAction\":[{\"@type\":\"SearchAction\",\"target\":{\"@type\":\"EntryPoint\",\"urlTemplate\":\"https:\/\/www.ils-forschung.de\/en\/?s={search_term_string}\"},\"query-input\":{\"@type\":\"PropertyValueSpecification\",\"valueRequired\":true,\"valueName\":\"search_term_string\"}}],\"inLanguage\":\"en-US\"},{\"@type\":\"Person\",\"@id\":\"https:\/\/www.ils-forschung.de\/en\/#\/schema\/person\/3bea413910df974622c605afedf3c889\",\"name\":\"theresa.vonbischopink\",\"url\":\"https:\/\/www.ils-forschung.de\/en\/author\/theresa-vonbischopink\/\"}]}<\/script>\n<!-- \/ Yoast SEO plugin. -->","yoast_head_json":{"title":"Wie gut geht es sich in Dortmund? - ILS - Institut f\u00fcr Landes- und Stadtentwicklungsforschung","robots":{"index":"index","follow":"follow","max-snippet":"max-snippet:-1","max-image-preview":"max-image-preview:large","max-video-preview":"max-video-preview:-1"},"canonical":"https:\/\/www.ils-forschung.de\/en\/2026\/04\/wie-gut-geht-es-sich-in-dortmund\/","og_locale":"en_US","og_type":"article","og_title":"Wie gut geht es sich in Dortmund? - ILS - Institut f\u00fcr Landes- und Stadtentwicklungsforschung","og_description":"Wie sieht\u2018s eigentlich mit der Fu\u00dfg\u00e4ngerfreundlichkeit in Dortmund Stadt aus? Das fragt eine Veranstaltung des Seniorenbeirats der Stadt Dortmund am Donnerstag, 7. Mai, ab 17 Uhr im Rathaus. Im Mittelunkt stehen dabei Ergebnisse des ILS-Projekts WalkUrban, das die Fu\u00dfg\u00e4ngerfreundlichkeit in Dortmund untersucht hat. Dr. Janina Welsch und Dr. Anna-Lena Stroms-van der Vlugt stellen die Ergebnisse vor und diskutieren sie mit Podiumsteilnehmenden und Besuchenden der Veranstaltung. Mehr&#8230;","og_url":"https:\/\/www.ils-forschung.de\/en\/2026\/04\/wie-gut-geht-es-sich-in-dortmund\/","og_site_name":"ILS - Institut f\u00fcr Landes- und Stadtentwicklungsforschung","article_published_time":"2026-04-29T09:37:29+00:00","article_modified_time":"2026-04-29T09:38:22+00:00","og_image":[{"width":1000,"height":750,"url":"https:\/\/www.ils-forschung.de\/wp-content\/uploads\/2025\/06\/adobestock-234322368.webp","type":"image\/webp"}],"author":"theresa.vonbischopink","twitter_card":"summary_large_image","twitter_creator":"@ILS_forschung","twitter_site":"@ILS_forschung","twitter_misc":{"Written by":"theresa.vonbischopink","Est. reading time":"1 minute"},"schema":{"@context":"https:\/\/schema.org","@graph":[{"@type":"Article","@id":"https:\/\/www.ils-forschung.de\/en\/2026\/04\/wie-gut-geht-es-sich-in-dortmund\/#article","isPartOf":{"@id":"https:\/\/www.ils-forschung.de\/en\/2026\/04\/wie-gut-geht-es-sich-in-dortmund\/"},"author":{"name":"theresa.vonbischopink","@id":"https:\/\/www.ils-forschung.de\/en\/#\/schema\/person\/3bea413910df974622c605afedf3c889"},"headline":"Wie gut geht es sich in Dortmund?","datePublished":"2026-04-29T09:37:29+00:00","dateModified":"2026-04-29T09:38:22+00:00","mainEntityOfPage":{"@id":"https:\/\/www.ils-forschung.de\/en\/2026\/04\/wie-gut-geht-es-sich-in-dortmund\/"},"wordCount":76,"image":{"@id":"https:\/\/www.ils-forschung.de\/en\/2026\/04\/wie-gut-geht-es-sich-in-dortmund\/#primaryimage"},"thumbnailUrl":"https:\/\/www.ils-forschung.de\/wp-content\/uploads\/2025\/06\/adobestock-234322368.webp","articleSection":["Veranstaltungen"],"inLanguage":"en-US"},{"@type":"WebPage","@id":"https:\/\/www.ils-forschung.de\/en\/2026\/04\/wie-gut-geht-es-sich-in-dortmund\/","url":"https:\/\/www.ils-forschung.de\/en\/2026\/04\/wie-gut-geht-es-sich-in-dortmund\/","name":"Wie gut geht es sich in Dortmund? - ILS - Institut f\u00fcr Landes- und Stadtentwicklungsforschung","isPartOf":{"@id":"https:\/\/www.ils-forschung.de\/en\/#website"},"primaryImageOfPage":{"@id":"https:\/\/www.ils-forschung.de\/en\/2026\/04\/wie-gut-geht-es-sich-in-dortmund\/#primaryimage"},"image":{"@id":"https:\/\/www.ils-forschung.de\/en\/2026\/04\/wie-gut-geht-es-sich-in-dortmund\/#primaryimage"},"thumbnailUrl":"https:\/\/www.ils-forschung.de\/wp-content\/uploads\/2025\/06\/adobestock-234322368.webp","datePublished":"2026-04-29T09:37:29+00:00","dateModified":"2026-04-29T09:38:22+00:00","author":{"@id":"https:\/\/www.ils-forschung.de\/en\/#\/schema\/person\/3bea413910df974622c605afedf3c889"},"breadcrumb":{"@id":"https:\/\/www.ils-forschung.de\/en\/2026\/04\/wie-gut-geht-es-sich-in-dortmund\/#breadcrumb"},"inLanguage":"en-US","potentialAction":[{"@type":"ReadAction","target":["https:\/\/www.ils-forschung.de\/en\/2026\/04\/wie-gut-geht-es-sich-in-dortmund\/"]}]},{"@type":"ImageObject","inLanguage":"en-US","@id":"https:\/\/www.ils-forschung.de\/en\/2026\/04\/wie-gut-geht-es-sich-in-dortmund\/#primaryimage","url":"https:\/\/www.ils-forschung.de\/wp-content\/uploads\/2025\/06\/adobestock-234322368.webp","contentUrl":"https:\/\/www.ils-forschung.de\/wp-content\/uploads\/2025\/06\/adobestock-234322368.webp","width":1000,"height":750,"caption":"Das Bild ist in Vogelperspektive. Menschen laufen \u00fcber einen Zebrastreifen."},{"@type":"BreadcrumbList","@id":"https:\/\/www.ils-forschung.de\/en\/2026\/04\/wie-gut-geht-es-sich-in-dortmund\/#breadcrumb","itemListElement":[{"@type":"ListItem","position":1,"name":"Home","item":"https:\/\/www.ils-forschung.de\/en\/"},{"@type":"ListItem","position":2,"name":"Wie gut geht es sich in Dortmund?"}]},{"@type":"WebSite","@id":"https:\/\/www.ils-forschung.de\/en\/#website","url":"https:\/\/www.ils-forschung.de\/en\/","name":"ILS - Institut f\u00fcr Landes- und Stadtentwicklungsforschung","description":"Das ILS \u2013 Institut f\u00fcr Landes- und Stadtentwicklungsforschung ist ein raumwissenschaftliches au\u00dferuniversit\u00e4res Forschungsinstitut mit Sitz in Dortmund.","potentialAction":[{"@type":"SearchAction","target":{"@type":"EntryPoint","urlTemplate":"https:\/\/www.ils-forschung.de\/en\/?s={search_term_string}"},"query-input":{"@type":"PropertyValueSpecification","valueRequired":true,"valueName":"search_term_string"}}],"inLanguage":"en-US"},{"@type":"Person","@id":"https:\/\/www.ils-forschung.de\/en\/#\/schema\/person\/3bea413910df974622c605afedf3c889","name":"theresa.vonbischopink","url":"https:\/\/www.ils-forschung.de\/en\/author\/theresa-vonbischopink\/"}]}},"cc_featured_image_caption":{"caption_text":"\u00a9 Adobe Stock 234322368","source_text":"","source_url":""},"_links":{"self":[{"href":"https:\/\/www.ils-forschung.de\/en\/wp-json\/wp\/v2\/posts\/57824","targetHints":{"allow":["GET"]}}],"collection":[{"href":"https:\/\/www.ils-forschung.de\/en\/wp-json\/wp\/v2\/posts"}],"about":[{"href":"https:\/\/www.ils-forschung.de\/en\/wp-json\/wp\/v2\/types\/post"}],"author":[{"embeddable":true,"href":"https:\/\/www.ils-forschung.de\/en\/wp-json\/wp\/v2\/users\/13"}],"replies":[{"embeddable":true,"href":"https:\/\/www.ils-forschung.de\/en\/wp-json\/wp\/v2\/comments?post=57824"}],"version-history":[{"count":1,"href":"https:\/\/www.ils-forschung.de\/en\/wp-json\/wp\/v2\/posts\/57824\/revisions"}],"predecessor-version":[{"id":57825,"href":"https:\/\/www.ils-forschung.de\/en\/wp-json\/wp\/v2\/posts\/57824\/revisions\/57825"}],"wp:featuredmedia":[{"embeddable":true,"href":"https:\/\/www.ils-forschung.de\/en\/wp-json\/wp\/v2\/media\/48673"}],"wp:attachment":[{"href":"https:\/\/www.ils-forschung.de\/en\/wp-json\/wp\/v2\/media?parent=57824"}],"wp:term":[{"taxonomy":"category","embeddable":true,"href":"https:\/\/www.ils-forschung.de\/en\/wp-json\/wp\/v2\/categories?post=57824"},{"taxonomy":"post_tag","embeddable":true,"href":"https:\/\/www.ils-forschung.de\/en\/wp-json\/wp\/v2\/tags?post=57824"}],"curies":[{"name":"wp","href":"https:\/\/api.w.org\/{rel}","templated":true}]}}