{"id":57816,"date":"2026-04-28T14:02:34","date_gmt":"2026-04-28T12:02:34","guid":{"rendered":"https:\/\/www.ils-forschung.de\/2026\/04\/wissenstransfer-anders-machen-tagung-zur-energiewende-im-wissenschaftspark-gelsenkirchen-2\/"},"modified":"2026-04-28T14:03:19","modified_gmt":"2026-04-28T12:03:19","slug":"wissenstransfer-anders-machen-tagung-zur-energiewende-im-wissenschaftspark-gelsenkirchen-2","status":"publish","type":"post","link":"https:\/\/www.ils-forschung.de\/en\/2026\/04\/wissenstransfer-anders-machen-tagung-zur-energiewende-im-wissenschaftspark-gelsenkirchen-2\/","title":{"rendered":"<a href=\"https:\/\/www.ils-forschung.de\/2026\/04\/wissenstransfer-anders-machen-tagung-zur-energiewende-im-wissenschaftspark-gelsenkirchen\/\">     Wissenstransfer anders machen?! Tagung zur Energiewende im Wissenschaftspark Gelsenkirchen   <\/a>"},"content":{"rendered":"<p>Wie k\u00f6nnen wissenschaftliche Erkenntnisse zur Energiewende besser vermittelt werden? Wie gelingt ein Austausch dazu? Dazu diskutierte am vergangenen Montag (27. April) auf Einladung des Wissenschaftsforums Ruhr im Wissenschaftspark in Gelsenkirchen rund 70 Teilnehmende. Die Veranstaltung stellte verschiedene Fragen rund um das Thema Transfer in den Mittelpunkt. F\u00fcr das ILS stellte Prof. Dr. Thomas Weith konkrete Ans\u00e4tze aus der Forschungspraxis vor. <a href=\"https:\/\/www.ils-forschung.de\/2026\/04\/wissenstransfer-anders-machen-tagung-zur-energiewende-im-wissenschaftspark-gelsenkirchen\/\"><strong>Mehr&#8230;<\/strong><\/a><\/p>\n","protected":false},"excerpt":{"rendered":"<p>Wie k\u00f6nnen wissenschaftliche Erkenntnisse zur Energiewende besser vermittelt werden? Wie gelingt ein Austausch dazu? Dazu diskutierte am vergangenen Montag (27. April) auf Einladung des Wissenschaftsforums Ruhr im Wissenschaftspark in Gelsenkirchen rund 70 Teilnehmende. Die Veranstaltung stellte verschiedene Fragen rund um das Thema Transfer in den Mittelpunkt. F\u00fcr das ILS stellte Prof. Dr. Thomas Weith konkrete Ans\u00e4tze aus der Forschungspraxis vor. Mehr&#8230;<\/p>\n","protected":false},"author":13,"featured_media":57793,"comment_status":"closed","ping_status":"closed","sticky":false,"template":"","format":"standard","meta":{"footnotes":""},"categories":[27,10],"tags":[],"class_list":["post-57816","post","type-post","status-publish","format-standard","has-post-thumbnail","hentry","category-aktuelles-en","category-uncategorized"],"yoast_head":"<!-- This site is optimized with the Yoast SEO plugin v27.1.1 - https:\/\/yoast.com\/product\/yoast-seo-wordpress\/ -->\n<title>Wissenstransfer anders machen?! Tagung zur Energiewende im Wissenschaftspark Gelsenkirchen   - ILS - Institut f\u00fcr Landes- und Stadtentwicklungsforschung<\/title>\n<meta name=\"robots\" content=\"index, follow, max-snippet:-1, max-image-preview:large, max-video-preview:-1\" \/>\n<link rel=\"canonical\" href=\"https:\/\/www.ils-forschung.de\/en\/2026\/04\/wissenstransfer-anders-machen-tagung-zur-energiewende-im-wissenschaftspark-gelsenkirchen-2\/\" \/>\n<meta property=\"og:locale\" content=\"en_US\" \/>\n<meta property=\"og:type\" content=\"article\" \/>\n<meta property=\"og:title\" content=\"Wissenstransfer anders machen?! Tagung zur Energiewende im Wissenschaftspark Gelsenkirchen   - ILS - Institut f\u00fcr Landes- und Stadtentwicklungsforschung\" \/>\n<meta property=\"og:description\" content=\"Wie k\u00f6nnen wissenschaftliche Erkenntnisse zur Energiewende besser vermittelt werden? Wie gelingt ein Austausch dazu? Dazu diskutierte am vergangenen Montag (27. April) auf Einladung des Wissenschaftsforums Ruhr im Wissenschaftspark in Gelsenkirchen rund 70 Teilnehmende. Die Veranstaltung stellte verschiedene Fragen rund um das Thema Transfer in den Mittelpunkt. F\u00fcr das ILS stellte Prof. Dr. Thomas Weith konkrete Ans\u00e4tze aus der Forschungspraxis vor. Mehr&#8230;\" \/>\n<meta property=\"og:url\" content=\"https:\/\/www.ils-forschung.de\/en\/2026\/04\/wissenstransfer-anders-machen-tagung-zur-energiewende-im-wissenschaftspark-gelsenkirchen-2\/\" \/>\n<meta property=\"og:site_name\" content=\"ILS - Institut f\u00fcr Landes- und Stadtentwicklungsforschung\" \/>\n<meta property=\"article:published_time\" content=\"2026-04-28T12:02:34+00:00\" \/>\n<meta property=\"article:modified_time\" content=\"2026-04-28T12:03:19+00:00\" \/>\n<meta property=\"og:image\" content=\"https:\/\/www.ils-forschung.de\/wp-content\/uploads\/2026\/04\/20260427_170631-scaled-e1777371937946.jpg\" \/>\n\t<meta property=\"og:image:width\" content=\"1984\" \/>\n\t<meta property=\"og:image:height\" content=\"1488\" \/>\n\t<meta property=\"og:image:type\" content=\"image\/jpeg\" \/>\n<meta name=\"author\" content=\"theresa.vonbischopink\" \/>\n<meta name=\"twitter:card\" content=\"summary_large_image\" \/>\n<meta name=\"twitter:creator\" content=\"@ILS_forschung\" \/>\n<meta name=\"twitter:site\" content=\"@ILS_forschung\" \/>\n<meta name=\"twitter:label1\" content=\"Written by\" \/>\n\t<meta name=\"twitter:data1\" content=\"theresa.vonbischopink\" \/>\n\t<meta name=\"twitter:label2\" content=\"Est. reading time\" \/>\n\t<meta name=\"twitter:data2\" content=\"1 minute\" \/>\n<script type=\"application\/ld+json\" class=\"yoast-schema-graph\">{\"@context\":\"https:\/\/schema.org\",\"@graph\":[{\"@type\":\"Article\",\"@id\":\"https:\/\/www.ils-forschung.de\/en\/2026\/04\/wissenstransfer-anders-machen-tagung-zur-energiewende-im-wissenschaftspark-gelsenkirchen-2\/#article\",\"isPartOf\":{\"@id\":\"https:\/\/www.ils-forschung.de\/en\/2026\/04\/wissenstransfer-anders-machen-tagung-zur-energiewende-im-wissenschaftspark-gelsenkirchen-2\/\"},\"author\":{\"name\":\"theresa.vonbischopink\",\"@id\":\"https:\/\/www.ils-forschung.de\/en\/#\/schema\/person\/3bea413910df974622c605afedf3c889\"},\"headline\":\"Wissenstransfer anders machen?! Tagung zur Energiewende im Wissenschaftspark Gelsenkirchen\",\"datePublished\":\"2026-04-28T12:02:34+00:00\",\"dateModified\":\"2026-04-28T12:03:19+00:00\",\"mainEntityOfPage\":{\"@id\":\"https:\/\/www.ils-forschung.de\/en\/2026\/04\/wissenstransfer-anders-machen-tagung-zur-energiewende-im-wissenschaftspark-gelsenkirchen-2\/\"},\"wordCount\":71,\"image\":{\"@id\":\"https:\/\/www.ils-forschung.de\/en\/2026\/04\/wissenstransfer-anders-machen-tagung-zur-energiewende-im-wissenschaftspark-gelsenkirchen-2\/#primaryimage\"},\"thumbnailUrl\":\"https:\/\/www.ils-forschung.de\/wp-content\/uploads\/2026\/04\/20260427_170631-scaled-e1777371937946.jpg\",\"articleSection\":[\"Aktuelles\"],\"inLanguage\":\"en-US\"},{\"@type\":\"WebPage\",\"@id\":\"https:\/\/www.ils-forschung.de\/en\/2026\/04\/wissenstransfer-anders-machen-tagung-zur-energiewende-im-wissenschaftspark-gelsenkirchen-2\/\",\"url\":\"https:\/\/www.ils-forschung.de\/en\/2026\/04\/wissenstransfer-anders-machen-tagung-zur-energiewende-im-wissenschaftspark-gelsenkirchen-2\/\",\"name\":\"Wissenstransfer anders machen?! Tagung zur Energiewende im Wissenschaftspark Gelsenkirchen - ILS - Institut f\u00fcr Landes- und Stadtentwicklungsforschung\",\"isPartOf\":{\"@id\":\"https:\/\/www.ils-forschung.de\/en\/#website\"},\"primaryImageOfPage\":{\"@id\":\"https:\/\/www.ils-forschung.de\/en\/2026\/04\/wissenstransfer-anders-machen-tagung-zur-energiewende-im-wissenschaftspark-gelsenkirchen-2\/#primaryimage\"},\"image\":{\"@id\":\"https:\/\/www.ils-forschung.de\/en\/2026\/04\/wissenstransfer-anders-machen-tagung-zur-energiewende-im-wissenschaftspark-gelsenkirchen-2\/#primaryimage\"},\"thumbnailUrl\":\"https:\/\/www.ils-forschung.de\/wp-content\/uploads\/2026\/04\/20260427_170631-scaled-e1777371937946.jpg\",\"datePublished\":\"2026-04-28T12:02:34+00:00\",\"dateModified\":\"2026-04-28T12:03:19+00:00\",\"author\":{\"@id\":\"https:\/\/www.ils-forschung.de\/en\/#\/schema\/person\/3bea413910df974622c605afedf3c889\"},\"breadcrumb\":{\"@id\":\"https:\/\/www.ils-forschung.de\/en\/2026\/04\/wissenstransfer-anders-machen-tagung-zur-energiewende-im-wissenschaftspark-gelsenkirchen-2\/#breadcrumb\"},\"inLanguage\":\"en-US\",\"potentialAction\":[{\"@type\":\"ReadAction\",\"target\":[\"https:\/\/www.ils-forschung.de\/en\/2026\/04\/wissenstransfer-anders-machen-tagung-zur-energiewende-im-wissenschaftspark-gelsenkirchen-2\/\"]}]},{\"@type\":\"ImageObject\",\"inLanguage\":\"en-US\",\"@id\":\"https:\/\/www.ils-forschung.de\/en\/2026\/04\/wissenstransfer-anders-machen-tagung-zur-energiewende-im-wissenschaftspark-gelsenkirchen-2\/#primaryimage\",\"url\":\"https:\/\/www.ils-forschung.de\/wp-content\/uploads\/2026\/04\/20260427_170631-scaled-e1777371937946.jpg\",\"contentUrl\":\"https:\/\/www.ils-forschung.de\/wp-content\/uploads\/2026\/04\/20260427_170631-scaled-e1777371937946.jpg\",\"width\":1984,\"height\":1488,\"caption\":\"\u00a9 ILS\/von Bischopink\"},{\"@type\":\"BreadcrumbList\",\"@id\":\"https:\/\/www.ils-forschung.de\/en\/2026\/04\/wissenstransfer-anders-machen-tagung-zur-energiewende-im-wissenschaftspark-gelsenkirchen-2\/#breadcrumb\",\"itemListElement\":[{\"@type\":\"ListItem\",\"position\":1,\"name\":\"Home\",\"item\":\"https:\/\/www.ils-forschung.de\/en\/\"},{\"@type\":\"ListItem\",\"position\":2,\"name\":\"Wissenstransfer anders machen?! Tagung zur Energiewende im Wissenschaftspark Gelsenkirchen\"}]},{\"@type\":\"WebSite\",\"@id\":\"https:\/\/www.ils-forschung.de\/en\/#website\",\"url\":\"https:\/\/www.ils-forschung.de\/en\/\",\"name\":\"ILS - Institut f\u00fcr Landes- und Stadtentwicklungsforschung\",\"description\":\"Das ILS \u2013 Institut f\u00fcr Landes- und Stadtentwicklungsforschung ist ein raumwissenschaftliches au\u00dferuniversit\u00e4res Forschungsinstitut mit Sitz in Dortmund.\",\"potentialAction\":[{\"@type\":\"SearchAction\",\"target\":{\"@type\":\"EntryPoint\",\"urlTemplate\":\"https:\/\/www.ils-forschung.de\/en\/?s={search_term_string}\"},\"query-input\":{\"@type\":\"PropertyValueSpecification\",\"valueRequired\":true,\"valueName\":\"search_term_string\"}}],\"inLanguage\":\"en-US\"},{\"@type\":\"Person\",\"@id\":\"https:\/\/www.ils-forschung.de\/en\/#\/schema\/person\/3bea413910df974622c605afedf3c889\",\"name\":\"theresa.vonbischopink\",\"url\":\"https:\/\/www.ils-forschung.de\/en\/author\/theresa-vonbischopink\/\"}]}<\/script>\n<!-- \/ Yoast SEO plugin. -->","yoast_head_json":{"title":"Wissenstransfer anders machen?! Tagung zur Energiewende im Wissenschaftspark Gelsenkirchen   - ILS - Institut f\u00fcr Landes- und Stadtentwicklungsforschung","robots":{"index":"index","follow":"follow","max-snippet":"max-snippet:-1","max-image-preview":"max-image-preview:large","max-video-preview":"max-video-preview:-1"},"canonical":"https:\/\/www.ils-forschung.de\/en\/2026\/04\/wissenstransfer-anders-machen-tagung-zur-energiewende-im-wissenschaftspark-gelsenkirchen-2\/","og_locale":"en_US","og_type":"article","og_title":"Wissenstransfer anders machen?! Tagung zur Energiewende im Wissenschaftspark Gelsenkirchen   - ILS - Institut f\u00fcr Landes- und Stadtentwicklungsforschung","og_description":"Wie k\u00f6nnen wissenschaftliche Erkenntnisse zur Energiewende besser vermittelt werden? Wie gelingt ein Austausch dazu? Dazu diskutierte am vergangenen Montag (27. April) auf Einladung des Wissenschaftsforums Ruhr im Wissenschaftspark in Gelsenkirchen rund 70 Teilnehmende. Die Veranstaltung stellte verschiedene Fragen rund um das Thema Transfer in den Mittelpunkt. F\u00fcr das ILS stellte Prof. Dr. Thomas Weith konkrete Ans\u00e4tze aus der Forschungspraxis vor. Mehr&#8230;","og_url":"https:\/\/www.ils-forschung.de\/en\/2026\/04\/wissenstransfer-anders-machen-tagung-zur-energiewende-im-wissenschaftspark-gelsenkirchen-2\/","og_site_name":"ILS - Institut f\u00fcr Landes- und Stadtentwicklungsforschung","article_published_time":"2026-04-28T12:02:34+00:00","article_modified_time":"2026-04-28T12:03:19+00:00","og_image":[{"width":1984,"height":1488,"url":"https:\/\/www.ils-forschung.de\/wp-content\/uploads\/2026\/04\/20260427_170631-scaled-e1777371937946.jpg","type":"image\/jpeg"}],"author":"theresa.vonbischopink","twitter_card":"summary_large_image","twitter_creator":"@ILS_forschung","twitter_site":"@ILS_forschung","twitter_misc":{"Written by":"theresa.vonbischopink","Est. reading time":"1 minute"},"schema":{"@context":"https:\/\/schema.org","@graph":[{"@type":"Article","@id":"https:\/\/www.ils-forschung.de\/en\/2026\/04\/wissenstransfer-anders-machen-tagung-zur-energiewende-im-wissenschaftspark-gelsenkirchen-2\/#article","isPartOf":{"@id":"https:\/\/www.ils-forschung.de\/en\/2026\/04\/wissenstransfer-anders-machen-tagung-zur-energiewende-im-wissenschaftspark-gelsenkirchen-2\/"},"author":{"name":"theresa.vonbischopink","@id":"https:\/\/www.ils-forschung.de\/en\/#\/schema\/person\/3bea413910df974622c605afedf3c889"},"headline":"Wissenstransfer anders machen?! Tagung zur Energiewende im Wissenschaftspark Gelsenkirchen","datePublished":"2026-04-28T12:02:34+00:00","dateModified":"2026-04-28T12:03:19+00:00","mainEntityOfPage":{"@id":"https:\/\/www.ils-forschung.de\/en\/2026\/04\/wissenstransfer-anders-machen-tagung-zur-energiewende-im-wissenschaftspark-gelsenkirchen-2\/"},"wordCount":71,"image":{"@id":"https:\/\/www.ils-forschung.de\/en\/2026\/04\/wissenstransfer-anders-machen-tagung-zur-energiewende-im-wissenschaftspark-gelsenkirchen-2\/#primaryimage"},"thumbnailUrl":"https:\/\/www.ils-forschung.de\/wp-content\/uploads\/2026\/04\/20260427_170631-scaled-e1777371937946.jpg","articleSection":["Aktuelles"],"inLanguage":"en-US"},{"@type":"WebPage","@id":"https:\/\/www.ils-forschung.de\/en\/2026\/04\/wissenstransfer-anders-machen-tagung-zur-energiewende-im-wissenschaftspark-gelsenkirchen-2\/","url":"https:\/\/www.ils-forschung.de\/en\/2026\/04\/wissenstransfer-anders-machen-tagung-zur-energiewende-im-wissenschaftspark-gelsenkirchen-2\/","name":"Wissenstransfer anders machen?! Tagung zur Energiewende im Wissenschaftspark Gelsenkirchen - ILS - Institut f\u00fcr Landes- und Stadtentwicklungsforschung","isPartOf":{"@id":"https:\/\/www.ils-forschung.de\/en\/#website"},"primaryImageOfPage":{"@id":"https:\/\/www.ils-forschung.de\/en\/2026\/04\/wissenstransfer-anders-machen-tagung-zur-energiewende-im-wissenschaftspark-gelsenkirchen-2\/#primaryimage"},"image":{"@id":"https:\/\/www.ils-forschung.de\/en\/2026\/04\/wissenstransfer-anders-machen-tagung-zur-energiewende-im-wissenschaftspark-gelsenkirchen-2\/#primaryimage"},"thumbnailUrl":"https:\/\/www.ils-forschung.de\/wp-content\/uploads\/2026\/04\/20260427_170631-scaled-e1777371937946.jpg","datePublished":"2026-04-28T12:02:34+00:00","dateModified":"2026-04-28T12:03:19+00:00","author":{"@id":"https:\/\/www.ils-forschung.de\/en\/#\/schema\/person\/3bea413910df974622c605afedf3c889"},"breadcrumb":{"@id":"https:\/\/www.ils-forschung.de\/en\/2026\/04\/wissenstransfer-anders-machen-tagung-zur-energiewende-im-wissenschaftspark-gelsenkirchen-2\/#breadcrumb"},"inLanguage":"en-US","potentialAction":[{"@type":"ReadAction","target":["https:\/\/www.ils-forschung.de\/en\/2026\/04\/wissenstransfer-anders-machen-tagung-zur-energiewende-im-wissenschaftspark-gelsenkirchen-2\/"]}]},{"@type":"ImageObject","inLanguage":"en-US","@id":"https:\/\/www.ils-forschung.de\/en\/2026\/04\/wissenstransfer-anders-machen-tagung-zur-energiewende-im-wissenschaftspark-gelsenkirchen-2\/#primaryimage","url":"https:\/\/www.ils-forschung.de\/wp-content\/uploads\/2026\/04\/20260427_170631-scaled-e1777371937946.jpg","contentUrl":"https:\/\/www.ils-forschung.de\/wp-content\/uploads\/2026\/04\/20260427_170631-scaled-e1777371937946.jpg","width":1984,"height":1488,"caption":"\u00a9 ILS\/von Bischopink"},{"@type":"BreadcrumbList","@id":"https:\/\/www.ils-forschung.de\/en\/2026\/04\/wissenstransfer-anders-machen-tagung-zur-energiewende-im-wissenschaftspark-gelsenkirchen-2\/#breadcrumb","itemListElement":[{"@type":"ListItem","position":1,"name":"Home","item":"https:\/\/www.ils-forschung.de\/en\/"},{"@type":"ListItem","position":2,"name":"Wissenstransfer anders machen?! Tagung zur Energiewende im Wissenschaftspark Gelsenkirchen"}]},{"@type":"WebSite","@id":"https:\/\/www.ils-forschung.de\/en\/#website","url":"https:\/\/www.ils-forschung.de\/en\/","name":"ILS - Institut f\u00fcr Landes- und Stadtentwicklungsforschung","description":"Das ILS \u2013 Institut f\u00fcr Landes- und Stadtentwicklungsforschung ist ein raumwissenschaftliches au\u00dferuniversit\u00e4res Forschungsinstitut mit Sitz in Dortmund.","potentialAction":[{"@type":"SearchAction","target":{"@type":"EntryPoint","urlTemplate":"https:\/\/www.ils-forschung.de\/en\/?s={search_term_string}"},"query-input":{"@type":"PropertyValueSpecification","valueRequired":true,"valueName":"search_term_string"}}],"inLanguage":"en-US"},{"@type":"Person","@id":"https:\/\/www.ils-forschung.de\/en\/#\/schema\/person\/3bea413910df974622c605afedf3c889","name":"theresa.vonbischopink","url":"https:\/\/www.ils-forschung.de\/en\/author\/theresa-vonbischopink\/"}]}},"cc_featured_image_caption":{"caption_text":"\u00a9 ILS\/von Bischopink","source_text":"","source_url":""},"_links":{"self":[{"href":"https:\/\/www.ils-forschung.de\/en\/wp-json\/wp\/v2\/posts\/57816","targetHints":{"allow":["GET"]}}],"collection":[{"href":"https:\/\/www.ils-forschung.de\/en\/wp-json\/wp\/v2\/posts"}],"about":[{"href":"https:\/\/www.ils-forschung.de\/en\/wp-json\/wp\/v2\/types\/post"}],"author":[{"embeddable":true,"href":"https:\/\/www.ils-forschung.de\/en\/wp-json\/wp\/v2\/users\/13"}],"replies":[{"embeddable":true,"href":"https:\/\/www.ils-forschung.de\/en\/wp-json\/wp\/v2\/comments?post=57816"}],"version-history":[{"count":1,"href":"https:\/\/www.ils-forschung.de\/en\/wp-json\/wp\/v2\/posts\/57816\/revisions"}],"predecessor-version":[{"id":57817,"href":"https:\/\/www.ils-forschung.de\/en\/wp-json\/wp\/v2\/posts\/57816\/revisions\/57817"}],"wp:featuredmedia":[{"embeddable":true,"href":"https:\/\/www.ils-forschung.de\/en\/wp-json\/wp\/v2\/media\/57793"}],"wp:attachment":[{"href":"https:\/\/www.ils-forschung.de\/en\/wp-json\/wp\/v2\/media?parent=57816"}],"wp:term":[{"taxonomy":"category","embeddable":true,"href":"https:\/\/www.ils-forschung.de\/en\/wp-json\/wp\/v2\/categories?post=57816"},{"taxonomy":"post_tag","embeddable":true,"href":"https:\/\/www.ils-forschung.de\/en\/wp-json\/wp\/v2\/tags?post=57816"}],"curies":[{"name":"wp","href":"https:\/\/api.w.org\/{rel}","templated":true}]}}