{"id":57796,"date":"2026-04-28T12:30:42","date_gmt":"2026-04-28T10:30:42","guid":{"rendered":"https:\/\/www.ils-forschung.de\/2026\/04\/wissenstransfer-anders-machen-tagung-zur-energiewende-im-wissenschaftspark-gelsenkirchen\/"},"modified":"2026-04-28T12:30:46","modified_gmt":"2026-04-28T10:30:46","slug":"wissenstransfer-anders-machen-tagung-zur-energiewende-im-wissenschaftspark-gelsenkirchen","status":"publish","type":"post","link":"https:\/\/www.ils-forschung.de\/en\/2026\/04\/wissenstransfer-anders-machen-tagung-zur-energiewende-im-wissenschaftspark-gelsenkirchen\/","title":{"rendered":"Wissenstransfer anders machen?! Tagung zur Energiewende im Wissenschaftspark Gelsenkirchen"},"content":{"rendered":"<div class=\"fusion-fullwidth fullwidth-box fusion-builder-row-1 fusion-flex-container nonhundred-percent-fullwidth non-hundred-percent-height-scrolling\" style=\"--awb-border-radius-top-left:0px;--awb-border-radius-top-right:0px;--awb-border-radius-bottom-right:0px;--awb-border-radius-bottom-left:0px;--awb-flex-wrap:wrap;\" ><div class=\"fusion-builder-row fusion-row fusion-flex-align-items-flex-start fusion-flex-content-wrap\" style=\"max-width:1144px;margin-left: calc(-4% \/ 2 );margin-right: calc(-4% \/ 2 );\"><div class=\"fusion-layout-column fusion_builder_column fusion-builder-column-0 fusion_builder_column_1_1 1_1 fusion-flex-column\" style=\"--awb-bg-size:cover;--awb-width-large:100%;--awb-margin-top-large:0px;--awb-spacing-right-large:1.92%;--awb-margin-bottom-large:0px;--awb-spacing-left-large:1.92%;--awb-width-medium:100%;--awb-spacing-right-medium:1.92%;--awb-spacing-left-medium:1.92%;--awb-width-small:100%;--awb-spacing-right-small:1.92%;--awb-spacing-left-small:1.92%;\"><div class=\"fusion-column-wrapper fusion-flex-justify-content-flex-start fusion-content-layout-column\"><div class=\"fusion-text fusion-text-1\"><p>Wie k\u00f6nnen wissenschaftliche Erkenntnisse zur Energiewende besser vermittelt werden? Wie gelingt ein Austausch dazu? Dazu diskutierte am vergangenen Montag (27. April) auf Einladung des Wissenschaftsforums Ruhr im Wissenschaftspark in Gelsenkirchen rund 70 Teilnehmende. Die Veranstaltung stellte verschiedene Fragen rund um das Thema Transfer in den Mittelpunkt.<\/p>\n<p>Inputs aus verschiedenen Projekten zeigten die Bandbreite von Reallaboren, Pop-Up-Stores und Ausstellungen. In seiner Keynote rief Prof. Dr. Uwe Schneidewind dazu auf, bestehende Ans\u00e4tze des Wissenstransfers grundlegend zu \u00fcberdenken. Gerade das Ruhrgebiet, so Schneidewind, biete ideale Voraussetzungen, um neue Formate des Austausches zwischen Wissenschaft und Praxis zu erproben und neue Formen des Transfers zu etablieren.<\/p>\n<p>F\u00fcr das ILS stellte <a href=\"https:\/\/www.ils-forschung.de\/en\/the-ils\/ils-staff\/weith-thomas\/\">Prof. Dr. Thomas Weith<\/a> konkrete Ans\u00e4tze aus der Forschungspraxis vor. Neue Formate k\u00f6nnen dazu beitragen, bislang nicht erreichte Zielgruppen anzusprechen. Ein Beispiel ist der k\u00fcrzlich erschienene \u201e<a href=\"https:\/\/www.ils-forschung.de\/en\/knowledge-transfer\/reports-from-research\/?id=860\">Atlas regionaler Energiewenden<\/a>\u201c, der die technischen, rechtlichen und sozialen Aspekte der Energieplanung mit regionalen Identit\u00e4ten, historischen Entwicklungspfaden und lokalen Zukunftsvorstellungen verkn\u00fcpft. Ebenso bieten Kommunikationsans\u00e4tze aus der Zentralen Koordinierungsstelle \u201eAgrarsyteme der Zukunft\u201c vielf\u00e4ltige interaktive und auch futuristische Ansatzpunkte.<\/p>\n<p>In der abschlie\u00dfenden Podiumsdiskussion sowie in den Fachdebatten wurde deutlich: Mut zum Experimentieren zahlt sich aus. Insbesondere in der st\u00e4rkeren Vernetzung unterschiedlicher Akteure liegt gro\u00dfes Potenzial f\u00fcr einen erfolgreichen Wissenstransfer zur Energiewende.<\/p>\n<\/div><div class=\"awb-gallery-wrapper awb-gallery-wrapper-1 button-span-no\" style=\"--more-btn-alignment:center;\" data-limit=\"10\" data-page=\"1\"><div style=\"margin:-5px;--awb-bordersize:0px;\" class=\"fusion-gallery fusion-gallery-container fusion-grid-3 fusion-columns-total-3 fusion-gallery-layout-grid fusion-gallery-1\"><div style=\"padding:5px;\" class=\"fusion-grid-column fusion-gallery-column fusion-gallery-column-3 hover-type-none\"><div class=\"fusion-gallery-image\"><a href=\"https:\/\/www.ils-forschung.de\/wp-content\/uploads\/2026\/04\/20260427_170631-scaled-e1777371937946.jpg\" rel=\"noreferrer\" data-rel=\"iLightbox[gallery_image_1]\" class=\"fusion-lightbox\" target=\"_self\"><img decoding=\"async\" src=\"https:\/\/www.ils-forschung.de\/wp-content\/uploads\/2026\/04\/20260427_170631-scaled-e1777371937946.jpg\" width=\"1984\" height=\"1488\" alt=\"\" title=\"20260427_170631\" aria-label=\"20260427_170631\" class=\"img-responsive wp-image-57793\"  \/><\/a><\/div><\/div><div style=\"padding:5px;\" class=\"fusion-grid-column fusion-gallery-column fusion-gallery-column-3 hover-type-none\"><div class=\"fusion-gallery-image\"><a href=\"https:\/\/www.ils-forschung.de\/wp-content\/uploads\/2026\/04\/1000177222-e1777371876361.jpg\" rel=\"noreferrer\" data-rel=\"iLightbox[gallery_image_1]\" class=\"fusion-lightbox\" target=\"_self\"><img decoding=\"async\" src=\"https:\/\/www.ils-forschung.de\/wp-content\/uploads\/2026\/04\/1000177222-e1777371876361.jpg\" width=\"1984\" height=\"1488\" alt=\"\" title=\"1000177222\" aria-label=\"1000177222\" class=\"img-responsive wp-image-57794\"  \/><\/a><\/div><\/div><div style=\"padding:5px;\" class=\"fusion-grid-column fusion-gallery-column fusion-gallery-column-3 hover-type-none\"><div class=\"fusion-gallery-image\"><a href=\"https:\/\/www.ils-forschung.de\/wp-content\/uploads\/2026\/04\/1000177233-1.jpg\" rel=\"noreferrer\" data-rel=\"iLightbox[gallery_image_1]\" class=\"fusion-lightbox\" target=\"_self\"><img decoding=\"async\" src=\"https:\/\/www.ils-forschung.de\/wp-content\/uploads\/2026\/04\/1000177233-1.jpg\" width=\"2000\" height=\"1500\" alt=\"\" title=\"1000177233\" aria-label=\"1000177233\" class=\"img-responsive wp-image-57795\" srcset=\"https:\/\/www.ils-forschung.de\/wp-content\/uploads\/2026\/04\/1000177233-1-200x150.jpg 200w, https:\/\/www.ils-forschung.de\/wp-content\/uploads\/2026\/04\/1000177233-1-400x300.jpg 400w, https:\/\/www.ils-forschung.de\/wp-content\/uploads\/2026\/04\/1000177233-1-600x450.jpg 600w, https:\/\/www.ils-forschung.de\/wp-content\/uploads\/2026\/04\/1000177233-1-800x600.jpg 800w, https:\/\/www.ils-forschung.de\/wp-content\/uploads\/2026\/04\/1000177233-1-1200x900.jpg 1200w, https:\/\/www.ils-forschung.de\/wp-content\/uploads\/2026\/04\/1000177233-1.jpg 2000w\" sizes=\"(min-width: 2200px) 100vw, (min-width: 724px) 363px, (min-width: 682px) 545px, (min-width: 640px) 682px, \" \/><\/a><\/div><\/div><div class=\"clearfix\"><\/div><\/div><\/div><div class=\"fusion-text fusion-text-2\"><p>\u00a9 ILS\/von Bischopink<\/p>\n<\/div><\/div><\/div><\/div><\/div>\n","protected":false},"excerpt":{"rendered":"","protected":false},"author":13,"featured_media":29962,"comment_status":"closed","ping_status":"closed","sticky":false,"template":"","format":"standard","meta":{"footnotes":""},"categories":[10],"tags":[],"class_list":["post-57796","post","type-post","status-publish","format-standard","has-post-thumbnail","hentry","category-uncategorized"],"yoast_head":"<!-- This site is optimized with the Yoast SEO plugin v27.1.1 - https:\/\/yoast.com\/product\/yoast-seo-wordpress\/ -->\n<title>Wissenstransfer anders machen?! Tagung zur Energiewende im Wissenschaftspark Gelsenkirchen - ILS - Institut f\u00fcr Landes- und Stadtentwicklungsforschung<\/title>\n<meta name=\"robots\" content=\"index, follow, max-snippet:-1, max-image-preview:large, max-video-preview:-1\" \/>\n<link rel=\"canonical\" href=\"https:\/\/www.ils-forschung.de\/en\/2026\/04\/wissenstransfer-anders-machen-tagung-zur-energiewende-im-wissenschaftspark-gelsenkirchen\/\" \/>\n<meta property=\"og:locale\" content=\"en_US\" \/>\n<meta property=\"og:type\" content=\"article\" \/>\n<meta property=\"og:title\" content=\"Wissenstransfer anders machen?! Tagung zur Energiewende im Wissenschaftspark Gelsenkirchen - ILS - Institut f\u00fcr Landes- und Stadtentwicklungsforschung\" \/>\n<meta property=\"og:url\" content=\"https:\/\/www.ils-forschung.de\/en\/2026\/04\/wissenstransfer-anders-machen-tagung-zur-energiewende-im-wissenschaftspark-gelsenkirchen\/\" \/>\n<meta property=\"og:site_name\" content=\"ILS - Institut f\u00fcr Landes- und Stadtentwicklungsforschung\" \/>\n<meta property=\"article:published_time\" content=\"2026-04-28T10:30:42+00:00\" \/>\n<meta property=\"article:modified_time\" content=\"2026-04-28T10:30:46+00:00\" \/>\n<meta property=\"og:image\" content=\"https:\/\/www.ils-forschung.de\/wp-content\/uploads\/2023\/04\/ils-social-share-logo.jpg\" \/>\n\t<meta property=\"og:image:width\" content=\"1200\" \/>\n\t<meta property=\"og:image:height\" content=\"630\" \/>\n\t<meta property=\"og:image:type\" content=\"image\/jpeg\" \/>\n<meta name=\"author\" content=\"theresa.vonbischopink\" \/>\n<meta name=\"twitter:card\" content=\"summary_large_image\" \/>\n<meta name=\"twitter:creator\" content=\"@ILS_forschung\" \/>\n<meta name=\"twitter:site\" content=\"@ILS_forschung\" \/>\n<meta name=\"twitter:label1\" content=\"Written by\" \/>\n\t<meta name=\"twitter:data1\" content=\"theresa.vonbischopink\" \/>\n\t<meta name=\"twitter:label2\" content=\"Est. reading time\" \/>\n\t<meta name=\"twitter:data2\" content=\"4 minutes\" \/>\n<script type=\"application\/ld+json\" class=\"yoast-schema-graph\">{\"@context\":\"https:\/\/schema.org\",\"@graph\":[{\"@type\":\"Article\",\"@id\":\"https:\/\/www.ils-forschung.de\/en\/2026\/04\/wissenstransfer-anders-machen-tagung-zur-energiewende-im-wissenschaftspark-gelsenkirchen\/#article\",\"isPartOf\":{\"@id\":\"https:\/\/www.ils-forschung.de\/en\/2026\/04\/wissenstransfer-anders-machen-tagung-zur-energiewende-im-wissenschaftspark-gelsenkirchen\/\"},\"author\":{\"name\":\"theresa.vonbischopink\",\"@id\":\"https:\/\/www.ils-forschung.de\/en\/#\/schema\/person\/3bea413910df974622c605afedf3c889\"},\"headline\":\"Wissenstransfer anders machen?! Tagung zur Energiewende im Wissenschaftspark Gelsenkirchen\",\"datePublished\":\"2026-04-28T10:30:42+00:00\",\"dateModified\":\"2026-04-28T10:30:46+00:00\",\"mainEntityOfPage\":{\"@id\":\"https:\/\/www.ils-forschung.de\/en\/2026\/04\/wissenstransfer-anders-machen-tagung-zur-energiewende-im-wissenschaftspark-gelsenkirchen\/\"},\"wordCount\":815,\"image\":{\"@id\":\"https:\/\/www.ils-forschung.de\/en\/2026\/04\/wissenstransfer-anders-machen-tagung-zur-energiewende-im-wissenschaftspark-gelsenkirchen\/#primaryimage\"},\"thumbnailUrl\":\"https:\/\/www.ils-forschung.de\/wp-content\/uploads\/2023\/04\/ils-social-share-logo.jpg\",\"inLanguage\":\"en-US\"},{\"@type\":\"WebPage\",\"@id\":\"https:\/\/www.ils-forschung.de\/en\/2026\/04\/wissenstransfer-anders-machen-tagung-zur-energiewende-im-wissenschaftspark-gelsenkirchen\/\",\"url\":\"https:\/\/www.ils-forschung.de\/en\/2026\/04\/wissenstransfer-anders-machen-tagung-zur-energiewende-im-wissenschaftspark-gelsenkirchen\/\",\"name\":\"Wissenstransfer anders machen?! Tagung zur Energiewende im Wissenschaftspark Gelsenkirchen - ILS - Institut f\u00fcr Landes- und Stadtentwicklungsforschung\",\"isPartOf\":{\"@id\":\"https:\/\/www.ils-forschung.de\/en\/#website\"},\"primaryImageOfPage\":{\"@id\":\"https:\/\/www.ils-forschung.de\/en\/2026\/04\/wissenstransfer-anders-machen-tagung-zur-energiewende-im-wissenschaftspark-gelsenkirchen\/#primaryimage\"},\"image\":{\"@id\":\"https:\/\/www.ils-forschung.de\/en\/2026\/04\/wissenstransfer-anders-machen-tagung-zur-energiewende-im-wissenschaftspark-gelsenkirchen\/#primaryimage\"},\"thumbnailUrl\":\"https:\/\/www.ils-forschung.de\/wp-content\/uploads\/2023\/04\/ils-social-share-logo.jpg\",\"datePublished\":\"2026-04-28T10:30:42+00:00\",\"dateModified\":\"2026-04-28T10:30:46+00:00\",\"author\":{\"@id\":\"https:\/\/www.ils-forschung.de\/en\/#\/schema\/person\/3bea413910df974622c605afedf3c889\"},\"breadcrumb\":{\"@id\":\"https:\/\/www.ils-forschung.de\/en\/2026\/04\/wissenstransfer-anders-machen-tagung-zur-energiewende-im-wissenschaftspark-gelsenkirchen\/#breadcrumb\"},\"inLanguage\":\"en-US\",\"potentialAction\":[{\"@type\":\"ReadAction\",\"target\":[\"https:\/\/www.ils-forschung.de\/en\/2026\/04\/wissenstransfer-anders-machen-tagung-zur-energiewende-im-wissenschaftspark-gelsenkirchen\/\"]}]},{\"@type\":\"ImageObject\",\"inLanguage\":\"en-US\",\"@id\":\"https:\/\/www.ils-forschung.de\/en\/2026\/04\/wissenstransfer-anders-machen-tagung-zur-energiewende-im-wissenschaftspark-gelsenkirchen\/#primaryimage\",\"url\":\"https:\/\/www.ils-forschung.de\/wp-content\/uploads\/2023\/04\/ils-social-share-logo.jpg\",\"contentUrl\":\"https:\/\/www.ils-forschung.de\/wp-content\/uploads\/2023\/04\/ils-social-share-logo.jpg\",\"width\":1200,\"height\":630},{\"@type\":\"BreadcrumbList\",\"@id\":\"https:\/\/www.ils-forschung.de\/en\/2026\/04\/wissenstransfer-anders-machen-tagung-zur-energiewende-im-wissenschaftspark-gelsenkirchen\/#breadcrumb\",\"itemListElement\":[{\"@type\":\"ListItem\",\"position\":1,\"name\":\"Home\",\"item\":\"https:\/\/www.ils-forschung.de\/en\/\"},{\"@type\":\"ListItem\",\"position\":2,\"name\":\"Wissenstransfer anders machen?! Tagung zur Energiewende im Wissenschaftspark Gelsenkirchen\"}]},{\"@type\":\"WebSite\",\"@id\":\"https:\/\/www.ils-forschung.de\/en\/#website\",\"url\":\"https:\/\/www.ils-forschung.de\/en\/\",\"name\":\"ILS - Institut f\u00fcr Landes- und Stadtentwicklungsforschung\",\"description\":\"Das ILS \u2013 Institut f\u00fcr Landes- und Stadtentwicklungsforschung ist ein raumwissenschaftliches au\u00dferuniversit\u00e4res Forschungsinstitut mit Sitz in Dortmund.\",\"potentialAction\":[{\"@type\":\"SearchAction\",\"target\":{\"@type\":\"EntryPoint\",\"urlTemplate\":\"https:\/\/www.ils-forschung.de\/en\/?s={search_term_string}\"},\"query-input\":{\"@type\":\"PropertyValueSpecification\",\"valueRequired\":true,\"valueName\":\"search_term_string\"}}],\"inLanguage\":\"en-US\"},{\"@type\":\"Person\",\"@id\":\"https:\/\/www.ils-forschung.de\/en\/#\/schema\/person\/3bea413910df974622c605afedf3c889\",\"name\":\"theresa.vonbischopink\",\"url\":\"https:\/\/www.ils-forschung.de\/en\/author\/theresa-vonbischopink\/\"}]}<\/script>\n<!-- \/ Yoast SEO plugin. -->","yoast_head_json":{"title":"Wissenstransfer anders machen?! Tagung zur Energiewende im Wissenschaftspark Gelsenkirchen - ILS - Institut f\u00fcr Landes- und Stadtentwicklungsforschung","robots":{"index":"index","follow":"follow","max-snippet":"max-snippet:-1","max-image-preview":"max-image-preview:large","max-video-preview":"max-video-preview:-1"},"canonical":"https:\/\/www.ils-forschung.de\/en\/2026\/04\/wissenstransfer-anders-machen-tagung-zur-energiewende-im-wissenschaftspark-gelsenkirchen\/","og_locale":"en_US","og_type":"article","og_title":"Wissenstransfer anders machen?! Tagung zur Energiewende im Wissenschaftspark Gelsenkirchen - ILS - Institut f\u00fcr Landes- und Stadtentwicklungsforschung","og_url":"https:\/\/www.ils-forschung.de\/en\/2026\/04\/wissenstransfer-anders-machen-tagung-zur-energiewende-im-wissenschaftspark-gelsenkirchen\/","og_site_name":"ILS - Institut f\u00fcr Landes- und Stadtentwicklungsforschung","article_published_time":"2026-04-28T10:30:42+00:00","article_modified_time":"2026-04-28T10:30:46+00:00","og_image":[{"width":1200,"height":630,"url":"https:\/\/www.ils-forschung.de\/wp-content\/uploads\/2023\/04\/ils-social-share-logo.jpg","type":"image\/jpeg"}],"author":"theresa.vonbischopink","twitter_card":"summary_large_image","twitter_creator":"@ILS_forschung","twitter_site":"@ILS_forschung","twitter_misc":{"Written by":"theresa.vonbischopink","Est. reading time":"4 minutes"},"schema":{"@context":"https:\/\/schema.org","@graph":[{"@type":"Article","@id":"https:\/\/www.ils-forschung.de\/en\/2026\/04\/wissenstransfer-anders-machen-tagung-zur-energiewende-im-wissenschaftspark-gelsenkirchen\/#article","isPartOf":{"@id":"https:\/\/www.ils-forschung.de\/en\/2026\/04\/wissenstransfer-anders-machen-tagung-zur-energiewende-im-wissenschaftspark-gelsenkirchen\/"},"author":{"name":"theresa.vonbischopink","@id":"https:\/\/www.ils-forschung.de\/en\/#\/schema\/person\/3bea413910df974622c605afedf3c889"},"headline":"Wissenstransfer anders machen?! Tagung zur Energiewende im Wissenschaftspark Gelsenkirchen","datePublished":"2026-04-28T10:30:42+00:00","dateModified":"2026-04-28T10:30:46+00:00","mainEntityOfPage":{"@id":"https:\/\/www.ils-forschung.de\/en\/2026\/04\/wissenstransfer-anders-machen-tagung-zur-energiewende-im-wissenschaftspark-gelsenkirchen\/"},"wordCount":815,"image":{"@id":"https:\/\/www.ils-forschung.de\/en\/2026\/04\/wissenstransfer-anders-machen-tagung-zur-energiewende-im-wissenschaftspark-gelsenkirchen\/#primaryimage"},"thumbnailUrl":"https:\/\/www.ils-forschung.de\/wp-content\/uploads\/2023\/04\/ils-social-share-logo.jpg","inLanguage":"en-US"},{"@type":"WebPage","@id":"https:\/\/www.ils-forschung.de\/en\/2026\/04\/wissenstransfer-anders-machen-tagung-zur-energiewende-im-wissenschaftspark-gelsenkirchen\/","url":"https:\/\/www.ils-forschung.de\/en\/2026\/04\/wissenstransfer-anders-machen-tagung-zur-energiewende-im-wissenschaftspark-gelsenkirchen\/","name":"Wissenstransfer anders machen?! Tagung zur Energiewende im Wissenschaftspark Gelsenkirchen - ILS - Institut f\u00fcr Landes- und Stadtentwicklungsforschung","isPartOf":{"@id":"https:\/\/www.ils-forschung.de\/en\/#website"},"primaryImageOfPage":{"@id":"https:\/\/www.ils-forschung.de\/en\/2026\/04\/wissenstransfer-anders-machen-tagung-zur-energiewende-im-wissenschaftspark-gelsenkirchen\/#primaryimage"},"image":{"@id":"https:\/\/www.ils-forschung.de\/en\/2026\/04\/wissenstransfer-anders-machen-tagung-zur-energiewende-im-wissenschaftspark-gelsenkirchen\/#primaryimage"},"thumbnailUrl":"https:\/\/www.ils-forschung.de\/wp-content\/uploads\/2023\/04\/ils-social-share-logo.jpg","datePublished":"2026-04-28T10:30:42+00:00","dateModified":"2026-04-28T10:30:46+00:00","author":{"@id":"https:\/\/www.ils-forschung.de\/en\/#\/schema\/person\/3bea413910df974622c605afedf3c889"},"breadcrumb":{"@id":"https:\/\/www.ils-forschung.de\/en\/2026\/04\/wissenstransfer-anders-machen-tagung-zur-energiewende-im-wissenschaftspark-gelsenkirchen\/#breadcrumb"},"inLanguage":"en-US","potentialAction":[{"@type":"ReadAction","target":["https:\/\/www.ils-forschung.de\/en\/2026\/04\/wissenstransfer-anders-machen-tagung-zur-energiewende-im-wissenschaftspark-gelsenkirchen\/"]}]},{"@type":"ImageObject","inLanguage":"en-US","@id":"https:\/\/www.ils-forschung.de\/en\/2026\/04\/wissenstransfer-anders-machen-tagung-zur-energiewende-im-wissenschaftspark-gelsenkirchen\/#primaryimage","url":"https:\/\/www.ils-forschung.de\/wp-content\/uploads\/2023\/04\/ils-social-share-logo.jpg","contentUrl":"https:\/\/www.ils-forschung.de\/wp-content\/uploads\/2023\/04\/ils-social-share-logo.jpg","width":1200,"height":630},{"@type":"BreadcrumbList","@id":"https:\/\/www.ils-forschung.de\/en\/2026\/04\/wissenstransfer-anders-machen-tagung-zur-energiewende-im-wissenschaftspark-gelsenkirchen\/#breadcrumb","itemListElement":[{"@type":"ListItem","position":1,"name":"Home","item":"https:\/\/www.ils-forschung.de\/en\/"},{"@type":"ListItem","position":2,"name":"Wissenstransfer anders machen?! Tagung zur Energiewende im Wissenschaftspark Gelsenkirchen"}]},{"@type":"WebSite","@id":"https:\/\/www.ils-forschung.de\/en\/#website","url":"https:\/\/www.ils-forschung.de\/en\/","name":"ILS - Institut f\u00fcr Landes- und Stadtentwicklungsforschung","description":"Das ILS \u2013 Institut f\u00fcr Landes- und Stadtentwicklungsforschung ist ein raumwissenschaftliches au\u00dferuniversit\u00e4res Forschungsinstitut mit Sitz in Dortmund.","potentialAction":[{"@type":"SearchAction","target":{"@type":"EntryPoint","urlTemplate":"https:\/\/www.ils-forschung.de\/en\/?s={search_term_string}"},"query-input":{"@type":"PropertyValueSpecification","valueRequired":true,"valueName":"search_term_string"}}],"inLanguage":"en-US"},{"@type":"Person","@id":"https:\/\/www.ils-forschung.de\/en\/#\/schema\/person\/3bea413910df974622c605afedf3c889","name":"theresa.vonbischopink","url":"https:\/\/www.ils-forschung.de\/en\/author\/theresa-vonbischopink\/"}]}},"cc_featured_image_caption":{"caption_text":false,"source_text":false,"source_url":false},"_links":{"self":[{"href":"https:\/\/www.ils-forschung.de\/en\/wp-json\/wp\/v2\/posts\/57796","targetHints":{"allow":["GET"]}}],"collection":[{"href":"https:\/\/www.ils-forschung.de\/en\/wp-json\/wp\/v2\/posts"}],"about":[{"href":"https:\/\/www.ils-forschung.de\/en\/wp-json\/wp\/v2\/types\/post"}],"author":[{"embeddable":true,"href":"https:\/\/www.ils-forschung.de\/en\/wp-json\/wp\/v2\/users\/13"}],"replies":[{"embeddable":true,"href":"https:\/\/www.ils-forschung.de\/en\/wp-json\/wp\/v2\/comments?post=57796"}],"version-history":[{"count":7,"href":"https:\/\/www.ils-forschung.de\/en\/wp-json\/wp\/v2\/posts\/57796\/revisions"}],"predecessor-version":[{"id":57804,"href":"https:\/\/www.ils-forschung.de\/en\/wp-json\/wp\/v2\/posts\/57796\/revisions\/57804"}],"wp:featuredmedia":[{"embeddable":true,"href":"https:\/\/www.ils-forschung.de\/en\/wp-json\/wp\/v2\/media\/29962"}],"wp:attachment":[{"href":"https:\/\/www.ils-forschung.de\/en\/wp-json\/wp\/v2\/media?parent=57796"}],"wp:term":[{"taxonomy":"category","embeddable":true,"href":"https:\/\/www.ils-forschung.de\/en\/wp-json\/wp\/v2\/categories?post=57796"},{"taxonomy":"post_tag","embeddable":true,"href":"https:\/\/www.ils-forschung.de\/en\/wp-json\/wp\/v2\/tags?post=57796"}],"curies":[{"name":"wp","href":"https:\/\/api.w.org\/{rel}","templated":true}]}}