{"id":57740,"date":"2026-04-28T10:35:01","date_gmt":"2026-04-28T08:35:01","guid":{"rendered":"https:\/\/www.ils-forschung.de\/2026\/04\/eroeffnung-des-dortmunder-weltackers-eine-veranstaltung-innerhalb-des-projekts-redesign\/"},"modified":"2026-04-28T10:51:45","modified_gmt":"2026-04-28T08:51:45","slug":"eroeffnung-des-dortmunder-weltackers-eine-veranstaltung-innerhalb-des-projekts-redesign","status":"publish","type":"post","link":"https:\/\/www.ils-forschung.de\/en\/2026\/04\/eroeffnung-des-dortmunder-weltackers-eine-veranstaltung-innerhalb-des-projekts-redesign\/","title":{"rendered":"<a href=\"https:\/\/www.ils-forschung.de\/eroeffnung-des-dortmunder-weltackers-eine-veranstaltung-innerhalb-des-projekts-redesign\/\"> Er\u00f6ffnung des Dortmunder Weltackers \u2013 eine Veranstaltung innerhalb des Projekts REDESIGN<\/a>"},"content":{"rendered":"<p>Der Dortmunder Weltacker wurde am 26. April 2026 feierlich und bei strahlendem Sonnenschein er\u00f6ffnet und stie\u00df bereits am ersten Tag auf gro\u00dfes Interesse. Knapp 200 Besucherinnen waren vor Ort, um den neuen Bildungsort zu erleben, der auf 2000m\u00b2 zeigt, wie die globale Ackerfl\u00e4che pro Mensch genutzt wird. Der Aufbau des Dortmunder Weltackers wird durch den Ern\u00e4hrungsrat Dortmund und Region e.V. auf den Fl\u00e4chen des Schultenhofs Dortmund umgesetzt und innerhalb von REDESIGN durch das EU Programm Horizon Europe gef\u00f6rdert. <a href=\"https:\/\/www.ils-forschung.de\/eroeffnung-des-dortmunder-weltackers-eine-veranstaltung-innerhalb-des-projekts-redesign\/\"><strong>Mehr\u2026<\/strong><\/a><\/p>\n","protected":false},"excerpt":{"rendered":"<p>Der Dortmunder Weltacker wurde am 26. April 2026 feierlich und bei strahlendem Sonnenschein er\u00f6ffnet und stie\u00df bereits am ersten Tag auf gro\u00dfes Interesse. Knapp 200 Besucherinnen waren vor Ort, um den neuen Bildungsort zu erleben, der auf 2000m\u00b2 zeigt, wie die globale Ackerfl\u00e4che pro Mensch genutzt wird. Der Aufbau des Dortmunder Weltackers wird durch den Ern\u00e4hrungsrat Dortmund und Region e.V. auf den Fl\u00e4chen des Schultenhofs Dortmund umgesetzt und innerhalb von REDESIGN durch das EU Programm Horizon Europe gef\u00f6rdert. Mehr\u2026<\/p>\n","protected":false},"author":17,"featured_media":57739,"comment_status":"closed","ping_status":"closed","sticky":false,"template":"","format":"standard","meta":{"footnotes":""},"categories":[27],"tags":[],"class_list":["post-57740","post","type-post","status-publish","format-standard","has-post-thumbnail","hentry","category-aktuelles-en"],"yoast_head":"<!-- This site is optimized with the Yoast SEO plugin v27.1.1 - https:\/\/yoast.com\/product\/yoast-seo-wordpress\/ -->\n<title>Er\u00f6ffnung des Dortmunder Weltackers \u2013 eine Veranstaltung innerhalb des Projekts REDESIGN - ILS - Institut f\u00fcr Landes- und Stadtentwicklungsforschung<\/title>\n<meta name=\"robots\" content=\"index, follow, max-snippet:-1, max-image-preview:large, max-video-preview:-1\" \/>\n<link rel=\"canonical\" href=\"https:\/\/www.ils-forschung.de\/en\/2026\/04\/eroeffnung-des-dortmunder-weltackers-eine-veranstaltung-innerhalb-des-projekts-redesign\/\" \/>\n<meta property=\"og:locale\" content=\"en_US\" \/>\n<meta property=\"og:type\" content=\"article\" \/>\n<meta property=\"og:title\" content=\"Er\u00f6ffnung des Dortmunder Weltackers \u2013 eine Veranstaltung innerhalb des Projekts REDESIGN - ILS - Institut f\u00fcr Landes- und Stadtentwicklungsforschung\" \/>\n<meta property=\"og:description\" content=\"Der Dortmunder Weltacker wurde am 26. April 2026 feierlich und bei strahlendem Sonnenschein er\u00f6ffnet und stie\u00df bereits am ersten Tag auf gro\u00dfes Interesse. Knapp 200 Besucherinnen waren vor Ort, um den neuen Bildungsort zu erleben, der auf 2000m\u00b2 zeigt, wie die globale Ackerfl\u00e4che pro Mensch genutzt wird. Der Aufbau des Dortmunder Weltackers wird durch den Ern\u00e4hrungsrat Dortmund und Region e.V. auf den Fl\u00e4chen des Schultenhofs Dortmund umgesetzt und innerhalb von REDESIGN durch das EU Programm Horizon Europe gef\u00f6rdert. Mehr\u2026\" \/>\n<meta property=\"og:url\" content=\"https:\/\/www.ils-forschung.de\/en\/2026\/04\/eroeffnung-des-dortmunder-weltackers-eine-veranstaltung-innerhalb-des-projekts-redesign\/\" \/>\n<meta property=\"og:site_name\" content=\"ILS - Institut f\u00fcr Landes- und Stadtentwicklungsforschung\" \/>\n<meta property=\"article:published_time\" content=\"2026-04-28T08:35:01+00:00\" \/>\n<meta property=\"article:modified_time\" content=\"2026-04-28T08:51:45+00:00\" \/>\n<meta property=\"og:image\" content=\"https:\/\/www.ils-forschung.de\/wp-content\/uploads\/2026\/04\/Weltacker-Eroeffnung_TeamcErnaehrungsrat-Dortmund-und-Region-e.V._klein.jpg\" \/>\n\t<meta property=\"og:image:width\" content=\"1800\" \/>\n\t<meta property=\"og:image:height\" content=\"1351\" \/>\n\t<meta property=\"og:image:type\" content=\"image\/jpeg\" \/>\n<meta name=\"author\" content=\"Ann-Christin Kleinmanns\" \/>\n<meta name=\"twitter:card\" content=\"summary_large_image\" \/>\n<meta name=\"twitter:creator\" content=\"@ILS_forschung\" \/>\n<meta name=\"twitter:site\" content=\"@ILS_forschung\" \/>\n<meta name=\"twitter:label1\" content=\"Written by\" \/>\n\t<meta name=\"twitter:data1\" content=\"Ann-Christin Kleinmanns\" \/>\n\t<meta name=\"twitter:label2\" content=\"Est. reading time\" \/>\n\t<meta name=\"twitter:data2\" content=\"1 minute\" \/>\n<script type=\"application\/ld+json\" class=\"yoast-schema-graph\">{\"@context\":\"https:\/\/schema.org\",\"@graph\":[{\"@type\":\"Article\",\"@id\":\"https:\/\/www.ils-forschung.de\/en\/2026\/04\/eroeffnung-des-dortmunder-weltackers-eine-veranstaltung-innerhalb-des-projekts-redesign\/#article\",\"isPartOf\":{\"@id\":\"https:\/\/www.ils-forschung.de\/en\/2026\/04\/eroeffnung-des-dortmunder-weltackers-eine-veranstaltung-innerhalb-des-projekts-redesign\/\"},\"author\":{\"name\":\"Ann-Christin Kleinmanns\",\"@id\":\"https:\/\/www.ils-forschung.de\/en\/#\/schema\/person\/a4f59a1f08c4120437c7e697547b3dba\"},\"headline\":\"Er\u00f6ffnung des Dortmunder Weltackers \u2013 eine Veranstaltung innerhalb des Projekts REDESIGN\",\"datePublished\":\"2026-04-28T08:35:01+00:00\",\"dateModified\":\"2026-04-28T08:51:45+00:00\",\"mainEntityOfPage\":{\"@id\":\"https:\/\/www.ils-forschung.de\/en\/2026\/04\/eroeffnung-des-dortmunder-weltackers-eine-veranstaltung-innerhalb-des-projekts-redesign\/\"},\"wordCount\":94,\"image\":{\"@id\":\"https:\/\/www.ils-forschung.de\/en\/2026\/04\/eroeffnung-des-dortmunder-weltackers-eine-veranstaltung-innerhalb-des-projekts-redesign\/#primaryimage\"},\"thumbnailUrl\":\"https:\/\/www.ils-forschung.de\/wp-content\/uploads\/2026\/04\/Weltacker-Eroeffnung_TeamcErnaehrungsrat-Dortmund-und-Region-e.V._klein.jpg\",\"articleSection\":[\"Aktuelles\"],\"inLanguage\":\"en-US\"},{\"@type\":\"WebPage\",\"@id\":\"https:\/\/www.ils-forschung.de\/en\/2026\/04\/eroeffnung-des-dortmunder-weltackers-eine-veranstaltung-innerhalb-des-projekts-redesign\/\",\"url\":\"https:\/\/www.ils-forschung.de\/en\/2026\/04\/eroeffnung-des-dortmunder-weltackers-eine-veranstaltung-innerhalb-des-projekts-redesign\/\",\"name\":\"Er\u00f6ffnung des Dortmunder Weltackers \u2013 eine Veranstaltung innerhalb des Projekts REDESIGN - ILS - Institut f\u00fcr Landes- und Stadtentwicklungsforschung\",\"isPartOf\":{\"@id\":\"https:\/\/www.ils-forschung.de\/en\/#website\"},\"primaryImageOfPage\":{\"@id\":\"https:\/\/www.ils-forschung.de\/en\/2026\/04\/eroeffnung-des-dortmunder-weltackers-eine-veranstaltung-innerhalb-des-projekts-redesign\/#primaryimage\"},\"image\":{\"@id\":\"https:\/\/www.ils-forschung.de\/en\/2026\/04\/eroeffnung-des-dortmunder-weltackers-eine-veranstaltung-innerhalb-des-projekts-redesign\/#primaryimage\"},\"thumbnailUrl\":\"https:\/\/www.ils-forschung.de\/wp-content\/uploads\/2026\/04\/Weltacker-Eroeffnung_TeamcErnaehrungsrat-Dortmund-und-Region-e.V._klein.jpg\",\"datePublished\":\"2026-04-28T08:35:01+00:00\",\"dateModified\":\"2026-04-28T08:51:45+00:00\",\"author\":{\"@id\":\"https:\/\/www.ils-forschung.de\/en\/#\/schema\/person\/a4f59a1f08c4120437c7e697547b3dba\"},\"breadcrumb\":{\"@id\":\"https:\/\/www.ils-forschung.de\/en\/2026\/04\/eroeffnung-des-dortmunder-weltackers-eine-veranstaltung-innerhalb-des-projekts-redesign\/#breadcrumb\"},\"inLanguage\":\"en-US\",\"potentialAction\":[{\"@type\":\"ReadAction\",\"target\":[\"https:\/\/www.ils-forschung.de\/en\/2026\/04\/eroeffnung-des-dortmunder-weltackers-eine-veranstaltung-innerhalb-des-projekts-redesign\/\"]}]},{\"@type\":\"ImageObject\",\"inLanguage\":\"en-US\",\"@id\":\"https:\/\/www.ils-forschung.de\/en\/2026\/04\/eroeffnung-des-dortmunder-weltackers-eine-veranstaltung-innerhalb-des-projekts-redesign\/#primaryimage\",\"url\":\"https:\/\/www.ils-forschung.de\/wp-content\/uploads\/2026\/04\/Weltacker-Eroeffnung_TeamcErnaehrungsrat-Dortmund-und-Region-e.V._klein.jpg\",\"contentUrl\":\"https:\/\/www.ils-forschung.de\/wp-content\/uploads\/2026\/04\/Weltacker-Eroeffnung_TeamcErnaehrungsrat-Dortmund-und-Region-e.V._klein.jpg\",\"width\":1800,\"height\":1351,\"caption\":\"Gruppe aus mehreren Menschen, die sich freuen und fr\u00f6hlich in die Kamera schauen.\"},{\"@type\":\"BreadcrumbList\",\"@id\":\"https:\/\/www.ils-forschung.de\/en\/2026\/04\/eroeffnung-des-dortmunder-weltackers-eine-veranstaltung-innerhalb-des-projekts-redesign\/#breadcrumb\",\"itemListElement\":[{\"@type\":\"ListItem\",\"position\":1,\"name\":\"Home\",\"item\":\"https:\/\/www.ils-forschung.de\/en\/\"},{\"@type\":\"ListItem\",\"position\":2,\"name\":\"Er\u00f6ffnung des Dortmunder Weltackers \u2013 eine Veranstaltung innerhalb des Projekts REDESIGN\"}]},{\"@type\":\"WebSite\",\"@id\":\"https:\/\/www.ils-forschung.de\/en\/#website\",\"url\":\"https:\/\/www.ils-forschung.de\/en\/\",\"name\":\"ILS - Institut f\u00fcr Landes- und Stadtentwicklungsforschung\",\"description\":\"Das ILS \u2013 Institut f\u00fcr Landes- und Stadtentwicklungsforschung ist ein raumwissenschaftliches au\u00dferuniversit\u00e4res Forschungsinstitut mit Sitz in Dortmund.\",\"potentialAction\":[{\"@type\":\"SearchAction\",\"target\":{\"@type\":\"EntryPoint\",\"urlTemplate\":\"https:\/\/www.ils-forschung.de\/en\/?s={search_term_string}\"},\"query-input\":{\"@type\":\"PropertyValueSpecification\",\"valueRequired\":true,\"valueName\":\"search_term_string\"}}],\"inLanguage\":\"en-US\"},{\"@type\":\"Person\",\"@id\":\"https:\/\/www.ils-forschung.de\/en\/#\/schema\/person\/a4f59a1f08c4120437c7e697547b3dba\",\"name\":\"Ann-Christin Kleinmanns\",\"url\":\"https:\/\/www.ils-forschung.de\/en\/author\/ann-christin-kleinmanns\/\"}]}<\/script>\n<!-- \/ Yoast SEO plugin. -->","yoast_head_json":{"title":"Er\u00f6ffnung des Dortmunder Weltackers \u2013 eine Veranstaltung innerhalb des Projekts REDESIGN - ILS - Institut f\u00fcr Landes- und Stadtentwicklungsforschung","robots":{"index":"index","follow":"follow","max-snippet":"max-snippet:-1","max-image-preview":"max-image-preview:large","max-video-preview":"max-video-preview:-1"},"canonical":"https:\/\/www.ils-forschung.de\/en\/2026\/04\/eroeffnung-des-dortmunder-weltackers-eine-veranstaltung-innerhalb-des-projekts-redesign\/","og_locale":"en_US","og_type":"article","og_title":"Er\u00f6ffnung des Dortmunder Weltackers \u2013 eine Veranstaltung innerhalb des Projekts REDESIGN - ILS - Institut f\u00fcr Landes- und Stadtentwicklungsforschung","og_description":"Der Dortmunder Weltacker wurde am 26. April 2026 feierlich und bei strahlendem Sonnenschein er\u00f6ffnet und stie\u00df bereits am ersten Tag auf gro\u00dfes Interesse. Knapp 200 Besucherinnen waren vor Ort, um den neuen Bildungsort zu erleben, der auf 2000m\u00b2 zeigt, wie die globale Ackerfl\u00e4che pro Mensch genutzt wird. Der Aufbau des Dortmunder Weltackers wird durch den Ern\u00e4hrungsrat Dortmund und Region e.V. auf den Fl\u00e4chen des Schultenhofs Dortmund umgesetzt und innerhalb von REDESIGN durch das EU Programm Horizon Europe gef\u00f6rdert. Mehr\u2026","og_url":"https:\/\/www.ils-forschung.de\/en\/2026\/04\/eroeffnung-des-dortmunder-weltackers-eine-veranstaltung-innerhalb-des-projekts-redesign\/","og_site_name":"ILS - Institut f\u00fcr Landes- und Stadtentwicklungsforschung","article_published_time":"2026-04-28T08:35:01+00:00","article_modified_time":"2026-04-28T08:51:45+00:00","og_image":[{"width":1800,"height":1351,"url":"https:\/\/www.ils-forschung.de\/wp-content\/uploads\/2026\/04\/Weltacker-Eroeffnung_TeamcErnaehrungsrat-Dortmund-und-Region-e.V._klein.jpg","type":"image\/jpeg"}],"author":"Ann-Christin Kleinmanns","twitter_card":"summary_large_image","twitter_creator":"@ILS_forschung","twitter_site":"@ILS_forschung","twitter_misc":{"Written by":"Ann-Christin Kleinmanns","Est. reading time":"1 minute"},"schema":{"@context":"https:\/\/schema.org","@graph":[{"@type":"Article","@id":"https:\/\/www.ils-forschung.de\/en\/2026\/04\/eroeffnung-des-dortmunder-weltackers-eine-veranstaltung-innerhalb-des-projekts-redesign\/#article","isPartOf":{"@id":"https:\/\/www.ils-forschung.de\/en\/2026\/04\/eroeffnung-des-dortmunder-weltackers-eine-veranstaltung-innerhalb-des-projekts-redesign\/"},"author":{"name":"Ann-Christin Kleinmanns","@id":"https:\/\/www.ils-forschung.de\/en\/#\/schema\/person\/a4f59a1f08c4120437c7e697547b3dba"},"headline":"Er\u00f6ffnung des Dortmunder Weltackers \u2013 eine Veranstaltung innerhalb des Projekts REDESIGN","datePublished":"2026-04-28T08:35:01+00:00","dateModified":"2026-04-28T08:51:45+00:00","mainEntityOfPage":{"@id":"https:\/\/www.ils-forschung.de\/en\/2026\/04\/eroeffnung-des-dortmunder-weltackers-eine-veranstaltung-innerhalb-des-projekts-redesign\/"},"wordCount":94,"image":{"@id":"https:\/\/www.ils-forschung.de\/en\/2026\/04\/eroeffnung-des-dortmunder-weltackers-eine-veranstaltung-innerhalb-des-projekts-redesign\/#primaryimage"},"thumbnailUrl":"https:\/\/www.ils-forschung.de\/wp-content\/uploads\/2026\/04\/Weltacker-Eroeffnung_TeamcErnaehrungsrat-Dortmund-und-Region-e.V._klein.jpg","articleSection":["Aktuelles"],"inLanguage":"en-US"},{"@type":"WebPage","@id":"https:\/\/www.ils-forschung.de\/en\/2026\/04\/eroeffnung-des-dortmunder-weltackers-eine-veranstaltung-innerhalb-des-projekts-redesign\/","url":"https:\/\/www.ils-forschung.de\/en\/2026\/04\/eroeffnung-des-dortmunder-weltackers-eine-veranstaltung-innerhalb-des-projekts-redesign\/","name":"Er\u00f6ffnung des Dortmunder Weltackers \u2013 eine Veranstaltung innerhalb des Projekts REDESIGN - ILS - Institut f\u00fcr Landes- und Stadtentwicklungsforschung","isPartOf":{"@id":"https:\/\/www.ils-forschung.de\/en\/#website"},"primaryImageOfPage":{"@id":"https:\/\/www.ils-forschung.de\/en\/2026\/04\/eroeffnung-des-dortmunder-weltackers-eine-veranstaltung-innerhalb-des-projekts-redesign\/#primaryimage"},"image":{"@id":"https:\/\/www.ils-forschung.de\/en\/2026\/04\/eroeffnung-des-dortmunder-weltackers-eine-veranstaltung-innerhalb-des-projekts-redesign\/#primaryimage"},"thumbnailUrl":"https:\/\/www.ils-forschung.de\/wp-content\/uploads\/2026\/04\/Weltacker-Eroeffnung_TeamcErnaehrungsrat-Dortmund-und-Region-e.V._klein.jpg","datePublished":"2026-04-28T08:35:01+00:00","dateModified":"2026-04-28T08:51:45+00:00","author":{"@id":"https:\/\/www.ils-forschung.de\/en\/#\/schema\/person\/a4f59a1f08c4120437c7e697547b3dba"},"breadcrumb":{"@id":"https:\/\/www.ils-forschung.de\/en\/2026\/04\/eroeffnung-des-dortmunder-weltackers-eine-veranstaltung-innerhalb-des-projekts-redesign\/#breadcrumb"},"inLanguage":"en-US","potentialAction":[{"@type":"ReadAction","target":["https:\/\/www.ils-forschung.de\/en\/2026\/04\/eroeffnung-des-dortmunder-weltackers-eine-veranstaltung-innerhalb-des-projekts-redesign\/"]}]},{"@type":"ImageObject","inLanguage":"en-US","@id":"https:\/\/www.ils-forschung.de\/en\/2026\/04\/eroeffnung-des-dortmunder-weltackers-eine-veranstaltung-innerhalb-des-projekts-redesign\/#primaryimage","url":"https:\/\/www.ils-forschung.de\/wp-content\/uploads\/2026\/04\/Weltacker-Eroeffnung_TeamcErnaehrungsrat-Dortmund-und-Region-e.V._klein.jpg","contentUrl":"https:\/\/www.ils-forschung.de\/wp-content\/uploads\/2026\/04\/Weltacker-Eroeffnung_TeamcErnaehrungsrat-Dortmund-und-Region-e.V._klein.jpg","width":1800,"height":1351,"caption":"Gruppe aus mehreren Menschen, die sich freuen und fr\u00f6hlich in die Kamera schauen."},{"@type":"BreadcrumbList","@id":"https:\/\/www.ils-forschung.de\/en\/2026\/04\/eroeffnung-des-dortmunder-weltackers-eine-veranstaltung-innerhalb-des-projekts-redesign\/#breadcrumb","itemListElement":[{"@type":"ListItem","position":1,"name":"Home","item":"https:\/\/www.ils-forschung.de\/en\/"},{"@type":"ListItem","position":2,"name":"Er\u00f6ffnung des Dortmunder Weltackers \u2013 eine Veranstaltung innerhalb des Projekts REDESIGN"}]},{"@type":"WebSite","@id":"https:\/\/www.ils-forschung.de\/en\/#website","url":"https:\/\/www.ils-forschung.de\/en\/","name":"ILS - Institut f\u00fcr Landes- und Stadtentwicklungsforschung","description":"Das ILS \u2013 Institut f\u00fcr Landes- und Stadtentwicklungsforschung ist ein raumwissenschaftliches au\u00dferuniversit\u00e4res Forschungsinstitut mit Sitz in Dortmund.","potentialAction":[{"@type":"SearchAction","target":{"@type":"EntryPoint","urlTemplate":"https:\/\/www.ils-forschung.de\/en\/?s={search_term_string}"},"query-input":{"@type":"PropertyValueSpecification","valueRequired":true,"valueName":"search_term_string"}}],"inLanguage":"en-US"},{"@type":"Person","@id":"https:\/\/www.ils-forschung.de\/en\/#\/schema\/person\/a4f59a1f08c4120437c7e697547b3dba","name":"Ann-Christin Kleinmanns","url":"https:\/\/www.ils-forschung.de\/en\/author\/ann-christin-kleinmanns\/"}]}},"cc_featured_image_caption":{"caption_text":"\u00a9 Ern\u00e4hrungsrat Dortmund und Region e.V.","source_text":"","source_url":""},"_links":{"self":[{"href":"https:\/\/www.ils-forschung.de\/en\/wp-json\/wp\/v2\/posts\/57740","targetHints":{"allow":["GET"]}}],"collection":[{"href":"https:\/\/www.ils-forschung.de\/en\/wp-json\/wp\/v2\/posts"}],"about":[{"href":"https:\/\/www.ils-forschung.de\/en\/wp-json\/wp\/v2\/types\/post"}],"author":[{"embeddable":true,"href":"https:\/\/www.ils-forschung.de\/en\/wp-json\/wp\/v2\/users\/17"}],"replies":[{"embeddable":true,"href":"https:\/\/www.ils-forschung.de\/en\/wp-json\/wp\/v2\/comments?post=57740"}],"version-history":[{"count":2,"href":"https:\/\/www.ils-forschung.de\/en\/wp-json\/wp\/v2\/posts\/57740\/revisions"}],"predecessor-version":[{"id":57760,"href":"https:\/\/www.ils-forschung.de\/en\/wp-json\/wp\/v2\/posts\/57740\/revisions\/57760"}],"wp:featuredmedia":[{"embeddable":true,"href":"https:\/\/www.ils-forschung.de\/en\/wp-json\/wp\/v2\/media\/57739"}],"wp:attachment":[{"href":"https:\/\/www.ils-forschung.de\/en\/wp-json\/wp\/v2\/media?parent=57740"}],"wp:term":[{"taxonomy":"category","embeddable":true,"href":"https:\/\/www.ils-forschung.de\/en\/wp-json\/wp\/v2\/categories?post=57740"},{"taxonomy":"post_tag","embeddable":true,"href":"https:\/\/www.ils-forschung.de\/en\/wp-json\/wp\/v2\/tags?post=57740"}],"curies":[{"name":"wp","href":"https:\/\/api.w.org\/{rel}","templated":true}]}}