{"id":5692,"date":"2019-08-27T13:27:37","date_gmt":"2019-08-27T11:27:37","guid":{"rendered":"https:\/\/www.ils-forschung.de\/2019\/08\/einkaufen-vor-ort-oder-im-internet\/"},"modified":"2019-08-27T13:35:06","modified_gmt":"2019-08-27T11:35:06","slug":"einkaufen-vor-ort-oder-im-internet","status":"publish","type":"post","link":"https:\/\/www.ils-forschung.de\/en\/2019\/08\/einkaufen-vor-ort-oder-im-internet\/","title":{"rendered":"Einkaufen vor Ort oder im Internet?"},"content":{"rendered":"<div class=\"fusion-fullwidth fullwidth-box fusion-builder-row-1 fusion-flex-container nonhundred-percent-fullwidth non-hundred-percent-height-scrolling\" style=\"--awb-border-radius-top-left:0px;--awb-border-radius-top-right:0px;--awb-border-radius-bottom-right:0px;--awb-border-radius-bottom-left:0px;--awb-flex-wrap:wrap;\" ><div class=\"fusion-builder-row fusion-row fusion-flex-align-items-flex-start fusion-flex-content-wrap\" style=\"max-width:calc( 1100px + 0px );margin-left: calc(-0px \/ 2 );margin-right: calc(-0px \/ 2 );\"><div class=\"fusion-layout-column fusion_builder_column fusion-builder-column-0 fusion_builder_column_1_1 1_1 fusion-flex-column\" style=\"--awb-bg-size:cover;--awb-width-large:100%;--awb-margin-top-large:0px;--awb-spacing-right-large:0px;--awb-margin-bottom-large:20px;--awb-spacing-left-large:0px;--awb-width-medium:100%;--awb-spacing-right-medium:0px;--awb-spacing-left-medium:0px;--awb-width-small:100%;--awb-spacing-right-small:0px;--awb-spacing-left-small:0px;\"><div class=\"fusion-column-wrapper fusion-column-has-shadow fusion-flex-justify-content-flex-start fusion-content-layout-column\"><div class=\"fusion-text fusion-text-1\"><p>Forschungsprojekt nimmt das Einkaufsverhalten im Kreis H\u00f6xter unter die Lupe<\/p>\n<p><strong>Pressemitteilung<\/strong><br \/>\n<em>27. August 2019<\/em><\/p>\n<\/div><div class=\"fusion-text fusion-text-2\"><p><strong>Seit einigen Jahren bekommt der Handel vor Ort zunehmend Konkurrenz, denn immer mehr Menschen kaufen auch im Internet ein. An den Gemeinden im Kreis H\u00f6xter geht dieser Trend nicht vorbei. Wie sich die m\u00f6glichen Ver\u00e4nderungen im Einkaufsverhalten auf den Handel in der Region auswirken, untersucht jetzt das Forschungsprojekt \u201eDigitalisierung und Onlinehandel: Fluch oder Segen f\u00fcr l\u00e4ndliche R\u00e4ume?\u201c. Das Dortmunder Institut f\u00fcr Landes- und Stadtentwicklungsforschung (ILS) erforscht in Zusammenarbeit mit der Universit\u00e4t Bonn und der TU Dortmund das Einkaufsverhalten in l\u00e4ndlichen R\u00e4umen. <\/strong><\/p>\n<p>Im Kreis H\u00f6xter sind die Gemeinden Borgentreich, Brakel, Marienm\u00fcnster, Nieheim und Willebadessen f\u00fcr die Untersuchung ausgew\u00e4hlt worden. In diesen f\u00fcnf Kommunen sollen bis Ende September insgesamt 500 Telefoninterviews durch das Markt- und Meinungsforschungsinstitut Prolytics aus Dortmund durchgef\u00fchrt werden.<\/p>\n<p>Ziel der Befragung ist es, mehr \u00fcber das Einkaufsverhalten zu erfahren, um gemeinsam mit den Akteuren in der Region m\u00f6gliche Perspektiven f\u00fcr die Zentren zu diskutieren. \u201eMit der Teilnahme k\u00f6nnen die Befragten einen wichtigen Beitrag zur Entwicklung innovativer Nahversorgungskonzepte in l\u00e4ndlichen R\u00e4umen leisten\u201c, erl\u00e4utert ILS-Wissenschaftler Frank Osterhage. Neben den f\u00fcnf Kommunen im Kreis H\u00f6xter werden zehn weitere Gemeinden im Hochsauerlandkreis und im Kreis Euskirchen betrachtet. Gef\u00f6rdert wird das Projekt durch das nordrhein-westf\u00e4lische Ministerium f\u00fcr Wirtschaft, Innovation, Digitalisierung und Energie (MWIDE).<\/p>\n<p><em>Weitere Informationen zum Projekt \u201eDigitalisierung und Onlinehandel: Fluch oder Segen f\u00fcr l\u00e4ndliche R\u00e4ume?\u201c finden Sie in der <a href=\"https:\/\/www.ils-forschung.de\/en\/research\/research-projects\/?id=262\">Datenbank der Forschungsprojekte<\/a>. <\/em><\/p>\n<p>Die Pressemitteilung als <a href=\"https:\/\/www.ils-forschung.de\/wp-content\/uploads\/2019\/08\/ils-pressemitteilung-5-19-onlinehandel-im-kreis-hoexter.pdf\" rel=\"noopener noreferrer\" target=\"_blank\">Download<\/a>.<\/p>\n<p><strong>Pressekontakt:<\/strong><br \/>\nTheresa von Bischopink<br \/>\nILS, Verantwortliche f\u00fcr Presse- und \u00d6ffentlichkeitsarbeit<br \/>\nTelefon: 0231 9051-131<br \/>\nE-Mail: <a href=\"mailto:theresa.vonbischopink@ils-forschung.de\">theresa.vonbischopink@ils-forschung.de<\/a><\/p>\n<\/div><\/div><\/div><\/div><\/div>\n","protected":false},"excerpt":{"rendered":"","protected":false},"author":14,"featured_media":29962,"comment_status":"closed","ping_status":"open","sticky":false,"template":"","format":"standard","meta":{"footnotes":""},"categories":[10],"tags":[],"class_list":["post-5692","post","type-post","status-publish","format-standard","has-post-thumbnail","hentry","category-uncategorized"],"yoast_head":"<!-- This site is optimized with the Yoast SEO plugin v27.1.1 - https:\/\/yoast.com\/product\/yoast-seo-wordpress\/ -->\n<title>Einkaufen vor Ort oder im Internet? - ILS - Institut f\u00fcr Landes- und Stadtentwicklungsforschung<\/title>\n<meta name=\"robots\" content=\"index, follow, max-snippet:-1, max-image-preview:large, max-video-preview:-1\" \/>\n<link rel=\"canonical\" href=\"https:\/\/www.ils-forschung.de\/en\/2019\/08\/einkaufen-vor-ort-oder-im-internet\/\" \/>\n<meta property=\"og:locale\" content=\"en_US\" \/>\n<meta property=\"og:type\" content=\"article\" \/>\n<meta property=\"og:title\" content=\"Einkaufen vor Ort oder im Internet? - ILS - Institut f\u00fcr Landes- und Stadtentwicklungsforschung\" \/>\n<meta property=\"og:url\" content=\"https:\/\/www.ils-forschung.de\/en\/2019\/08\/einkaufen-vor-ort-oder-im-internet\/\" \/>\n<meta property=\"og:site_name\" content=\"ILS - Institut f\u00fcr Landes- und Stadtentwicklungsforschung\" \/>\n<meta property=\"article:published_time\" content=\"2019-08-27T11:27:37+00:00\" \/>\n<meta property=\"article:modified_time\" content=\"2019-08-27T11:35:06+00:00\" \/>\n<meta name=\"author\" content=\"ils-admin\" \/>\n<meta name=\"twitter:card\" content=\"summary_large_image\" \/>\n<meta name=\"twitter:creator\" content=\"@ILS_forschung\" \/>\n<meta name=\"twitter:site\" content=\"@ILS_forschung\" \/>\n<meta name=\"twitter:label1\" content=\"Written by\" \/>\n\t<meta name=\"twitter:data1\" content=\"ils-admin\" \/>\n\t<meta name=\"twitter:label2\" content=\"Est. reading time\" \/>\n\t<meta name=\"twitter:data2\" content=\"3 minutes\" \/>\n<script type=\"application\/ld+json\" class=\"yoast-schema-graph\">{\"@context\":\"https:\/\/schema.org\",\"@graph\":[{\"@type\":\"Article\",\"@id\":\"https:\/\/www.ils-forschung.de\/en\/2019\/08\/einkaufen-vor-ort-oder-im-internet\/#article\",\"isPartOf\":{\"@id\":\"https:\/\/www.ils-forschung.de\/en\/2019\/08\/einkaufen-vor-ort-oder-im-internet\/\"},\"author\":{\"name\":\"ils-admin\",\"@id\":\"https:\/\/www.ils-forschung.de\/en\/#\/schema\/person\/5a4e18575766674595b96b1fcb394571\"},\"headline\":\"Einkaufen vor Ort oder im Internet?\",\"datePublished\":\"2019-08-27T11:27:37+00:00\",\"dateModified\":\"2019-08-27T11:35:06+00:00\",\"mainEntityOfPage\":{\"@id\":\"https:\/\/www.ils-forschung.de\/en\/2019\/08\/einkaufen-vor-ort-oder-im-internet\/\"},\"wordCount\":542,\"image\":{\"@id\":\"https:\/\/www.ils-forschung.de\/en\/2019\/08\/einkaufen-vor-ort-oder-im-internet\/#primaryimage\"},\"thumbnailUrl\":\"https:\/\/www.ils-forschung.de\/wp-content\/uploads\/2023\/04\/ils-social-share-logo.jpg\",\"inLanguage\":\"en-US\"},{\"@type\":\"WebPage\",\"@id\":\"https:\/\/www.ils-forschung.de\/en\/2019\/08\/einkaufen-vor-ort-oder-im-internet\/\",\"url\":\"https:\/\/www.ils-forschung.de\/en\/2019\/08\/einkaufen-vor-ort-oder-im-internet\/\",\"name\":\"Einkaufen vor Ort oder im Internet? - ILS - Institut f\u00fcr Landes- und Stadtentwicklungsforschung\",\"isPartOf\":{\"@id\":\"https:\/\/www.ils-forschung.de\/en\/#website\"},\"primaryImageOfPage\":{\"@id\":\"https:\/\/www.ils-forschung.de\/en\/2019\/08\/einkaufen-vor-ort-oder-im-internet\/#primaryimage\"},\"image\":{\"@id\":\"https:\/\/www.ils-forschung.de\/en\/2019\/08\/einkaufen-vor-ort-oder-im-internet\/#primaryimage\"},\"thumbnailUrl\":\"https:\/\/www.ils-forschung.de\/wp-content\/uploads\/2023\/04\/ils-social-share-logo.jpg\",\"datePublished\":\"2019-08-27T11:27:37+00:00\",\"dateModified\":\"2019-08-27T11:35:06+00:00\",\"author\":{\"@id\":\"https:\/\/www.ils-forschung.de\/en\/#\/schema\/person\/5a4e18575766674595b96b1fcb394571\"},\"breadcrumb\":{\"@id\":\"https:\/\/www.ils-forschung.de\/en\/2019\/08\/einkaufen-vor-ort-oder-im-internet\/#breadcrumb\"},\"inLanguage\":\"en-US\",\"potentialAction\":[{\"@type\":\"ReadAction\",\"target\":[\"https:\/\/www.ils-forschung.de\/en\/2019\/08\/einkaufen-vor-ort-oder-im-internet\/\"]}]},{\"@type\":\"ImageObject\",\"inLanguage\":\"en-US\",\"@id\":\"https:\/\/www.ils-forschung.de\/en\/2019\/08\/einkaufen-vor-ort-oder-im-internet\/#primaryimage\",\"url\":\"https:\/\/www.ils-forschung.de\/wp-content\/uploads\/2023\/04\/ils-social-share-logo.jpg\",\"contentUrl\":\"https:\/\/www.ils-forschung.de\/wp-content\/uploads\/2023\/04\/ils-social-share-logo.jpg\",\"width\":1200,\"height\":630},{\"@type\":\"BreadcrumbList\",\"@id\":\"https:\/\/www.ils-forschung.de\/en\/2019\/08\/einkaufen-vor-ort-oder-im-internet\/#breadcrumb\",\"itemListElement\":[{\"@type\":\"ListItem\",\"position\":1,\"name\":\"Home\",\"item\":\"https:\/\/www.ils-forschung.de\/en\/\"},{\"@type\":\"ListItem\",\"position\":2,\"name\":\"Einkaufen vor Ort oder im Internet?\"}]},{\"@type\":\"WebSite\",\"@id\":\"https:\/\/www.ils-forschung.de\/en\/#website\",\"url\":\"https:\/\/www.ils-forschung.de\/en\/\",\"name\":\"ILS - Institut f\u00fcr Landes- und Stadtentwicklungsforschung\",\"description\":\"Das ILS \u2013 Institut f\u00fcr Landes- und Stadtentwicklungsforschung ist ein raumwissenschaftliches au\u00dferuniversit\u00e4res Forschungsinstitut mit Sitz in Dortmund.\",\"potentialAction\":[{\"@type\":\"SearchAction\",\"target\":{\"@type\":\"EntryPoint\",\"urlTemplate\":\"https:\/\/www.ils-forschung.de\/en\/?s={search_term_string}\"},\"query-input\":{\"@type\":\"PropertyValueSpecification\",\"valueRequired\":true,\"valueName\":\"search_term_string\"}}],\"inLanguage\":\"en-US\"},{\"@type\":\"Person\",\"@id\":\"https:\/\/www.ils-forschung.de\/en\/#\/schema\/person\/5a4e18575766674595b96b1fcb394571\",\"name\":\"ils-admin\",\"url\":\"https:\/\/www.ils-forschung.de\/en\/author\/ils-admin\/\"}]}<\/script>\n<!-- \/ Yoast SEO plugin. -->","yoast_head_json":{"title":"Einkaufen vor Ort oder im Internet? - ILS - Institut f\u00fcr Landes- und Stadtentwicklungsforschung","robots":{"index":"index","follow":"follow","max-snippet":"max-snippet:-1","max-image-preview":"max-image-preview:large","max-video-preview":"max-video-preview:-1"},"canonical":"https:\/\/www.ils-forschung.de\/en\/2019\/08\/einkaufen-vor-ort-oder-im-internet\/","og_locale":"en_US","og_type":"article","og_title":"Einkaufen vor Ort oder im Internet? - ILS - Institut f\u00fcr Landes- und Stadtentwicklungsforschung","og_url":"https:\/\/www.ils-forschung.de\/en\/2019\/08\/einkaufen-vor-ort-oder-im-internet\/","og_site_name":"ILS - Institut f\u00fcr Landes- und Stadtentwicklungsforschung","article_published_time":"2019-08-27T11:27:37+00:00","article_modified_time":"2019-08-27T11:35:06+00:00","author":"ils-admin","twitter_card":"summary_large_image","twitter_creator":"@ILS_forschung","twitter_site":"@ILS_forschung","twitter_misc":{"Written by":"ils-admin","Est. reading time":"3 minutes"},"schema":{"@context":"https:\/\/schema.org","@graph":[{"@type":"Article","@id":"https:\/\/www.ils-forschung.de\/en\/2019\/08\/einkaufen-vor-ort-oder-im-internet\/#article","isPartOf":{"@id":"https:\/\/www.ils-forschung.de\/en\/2019\/08\/einkaufen-vor-ort-oder-im-internet\/"},"author":{"name":"ils-admin","@id":"https:\/\/www.ils-forschung.de\/en\/#\/schema\/person\/5a4e18575766674595b96b1fcb394571"},"headline":"Einkaufen vor Ort oder im Internet?","datePublished":"2019-08-27T11:27:37+00:00","dateModified":"2019-08-27T11:35:06+00:00","mainEntityOfPage":{"@id":"https:\/\/www.ils-forschung.de\/en\/2019\/08\/einkaufen-vor-ort-oder-im-internet\/"},"wordCount":542,"image":{"@id":"https:\/\/www.ils-forschung.de\/en\/2019\/08\/einkaufen-vor-ort-oder-im-internet\/#primaryimage"},"thumbnailUrl":"https:\/\/www.ils-forschung.de\/wp-content\/uploads\/2023\/04\/ils-social-share-logo.jpg","inLanguage":"en-US"},{"@type":"WebPage","@id":"https:\/\/www.ils-forschung.de\/en\/2019\/08\/einkaufen-vor-ort-oder-im-internet\/","url":"https:\/\/www.ils-forschung.de\/en\/2019\/08\/einkaufen-vor-ort-oder-im-internet\/","name":"Einkaufen vor Ort oder im Internet? - ILS - Institut f\u00fcr Landes- und Stadtentwicklungsforschung","isPartOf":{"@id":"https:\/\/www.ils-forschung.de\/en\/#website"},"primaryImageOfPage":{"@id":"https:\/\/www.ils-forschung.de\/en\/2019\/08\/einkaufen-vor-ort-oder-im-internet\/#primaryimage"},"image":{"@id":"https:\/\/www.ils-forschung.de\/en\/2019\/08\/einkaufen-vor-ort-oder-im-internet\/#primaryimage"},"thumbnailUrl":"https:\/\/www.ils-forschung.de\/wp-content\/uploads\/2023\/04\/ils-social-share-logo.jpg","datePublished":"2019-08-27T11:27:37+00:00","dateModified":"2019-08-27T11:35:06+00:00","author":{"@id":"https:\/\/www.ils-forschung.de\/en\/#\/schema\/person\/5a4e18575766674595b96b1fcb394571"},"breadcrumb":{"@id":"https:\/\/www.ils-forschung.de\/en\/2019\/08\/einkaufen-vor-ort-oder-im-internet\/#breadcrumb"},"inLanguage":"en-US","potentialAction":[{"@type":"ReadAction","target":["https:\/\/www.ils-forschung.de\/en\/2019\/08\/einkaufen-vor-ort-oder-im-internet\/"]}]},{"@type":"ImageObject","inLanguage":"en-US","@id":"https:\/\/www.ils-forschung.de\/en\/2019\/08\/einkaufen-vor-ort-oder-im-internet\/#primaryimage","url":"https:\/\/www.ils-forschung.de\/wp-content\/uploads\/2023\/04\/ils-social-share-logo.jpg","contentUrl":"https:\/\/www.ils-forschung.de\/wp-content\/uploads\/2023\/04\/ils-social-share-logo.jpg","width":1200,"height":630},{"@type":"BreadcrumbList","@id":"https:\/\/www.ils-forschung.de\/en\/2019\/08\/einkaufen-vor-ort-oder-im-internet\/#breadcrumb","itemListElement":[{"@type":"ListItem","position":1,"name":"Home","item":"https:\/\/www.ils-forschung.de\/en\/"},{"@type":"ListItem","position":2,"name":"Einkaufen vor Ort oder im Internet?"}]},{"@type":"WebSite","@id":"https:\/\/www.ils-forschung.de\/en\/#website","url":"https:\/\/www.ils-forschung.de\/en\/","name":"ILS - Institut f\u00fcr Landes- und Stadtentwicklungsforschung","description":"Das ILS \u2013 Institut f\u00fcr Landes- und Stadtentwicklungsforschung ist ein raumwissenschaftliches au\u00dferuniversit\u00e4res Forschungsinstitut mit Sitz in Dortmund.","potentialAction":[{"@type":"SearchAction","target":{"@type":"EntryPoint","urlTemplate":"https:\/\/www.ils-forschung.de\/en\/?s={search_term_string}"},"query-input":{"@type":"PropertyValueSpecification","valueRequired":true,"valueName":"search_term_string"}}],"inLanguage":"en-US"},{"@type":"Person","@id":"https:\/\/www.ils-forschung.de\/en\/#\/schema\/person\/5a4e18575766674595b96b1fcb394571","name":"ils-admin","url":"https:\/\/www.ils-forschung.de\/en\/author\/ils-admin\/"}]}},"cc_featured_image_caption":{"caption_text":"","source_text":"","source_url":""},"_links":{"self":[{"href":"https:\/\/www.ils-forschung.de\/en\/wp-json\/wp\/v2\/posts\/5692","targetHints":{"allow":["GET"]}}],"collection":[{"href":"https:\/\/www.ils-forschung.de\/en\/wp-json\/wp\/v2\/posts"}],"about":[{"href":"https:\/\/www.ils-forschung.de\/en\/wp-json\/wp\/v2\/types\/post"}],"author":[{"embeddable":true,"href":"https:\/\/www.ils-forschung.de\/en\/wp-json\/wp\/v2\/users\/14"}],"replies":[{"embeddable":true,"href":"https:\/\/www.ils-forschung.de\/en\/wp-json\/wp\/v2\/comments?post=5692"}],"version-history":[{"count":0,"href":"https:\/\/www.ils-forschung.de\/en\/wp-json\/wp\/v2\/posts\/5692\/revisions"}],"wp:featuredmedia":[{"embeddable":true,"href":"https:\/\/www.ils-forschung.de\/en\/wp-json\/wp\/v2\/media\/29962"}],"wp:attachment":[{"href":"https:\/\/www.ils-forschung.de\/en\/wp-json\/wp\/v2\/media?parent=5692"}],"wp:term":[{"taxonomy":"category","embeddable":true,"href":"https:\/\/www.ils-forschung.de\/en\/wp-json\/wp\/v2\/categories?post=5692"},{"taxonomy":"post_tag","embeddable":true,"href":"https:\/\/www.ils-forschung.de\/en\/wp-json\/wp\/v2\/tags?post=5692"}],"curies":[{"name":"wp","href":"https:\/\/api.w.org\/{rel}","templated":true}]}}