{"id":54848,"date":"2026-01-22T12:07:40","date_gmt":"2026-01-22T11:07:40","guid":{"rendered":"https:\/\/www.ils-forschung.de\/2026\/01\/segregation-an-grundschulen-und-die-produktion-von-ungleichheit\/"},"modified":"2026-02-27T13:08:07","modified_gmt":"2026-02-27T12:08:07","slug":"segregation-an-grundschulen-und-die-produktion-von-ungleichheit","status":"publish","type":"post","link":"https:\/\/www.ils-forschung.de\/en\/2026\/01\/segregation-an-grundschulen-und-die-produktion-von-ungleichheit\/","title":{"rendered":"<a href=\"https:\/\/doi.org\/10.36900\/suburban.v13i2\/3.1025\">Segregation in primary schools and the production of inequality<\/a><br>"},"content":{"rendered":"<p>ILS researcher Isabel Ramos Lobato, together with other colleagues, has published an article in the journal sub\/urban. This article examines the causes of primary school segregation in a large city in North Rhine-Westphalia. Segregation in primary schools and the production of inequality. In many German cities, there is a serious degree of segregation at primary school level. This is problematic since primary schools are a key determinant of social mobility and social cohesion. Based on a combination of quantitative and qualitative data, our findings show how spatial, individual, and institutional factors, as well as their interactions, contribute to the emergence and reinforcement of school segregation. This illustrates the complexity of segregation processes within the education system. A better understanding of these interactions is essential not only from a scientific perspective, but also to enable the implementation of targeted measures to alleviate school segregation. <strong> <a href=\"https:\/\/doi.org\/10.36900\/suburban.v13i2\/3.1025\">https:\/\/doi.org\/10.36900\/suburban.v13i2\/3.1025<\/a><\/strong>. Further current selected papers can be found <strong><a href=\"https:\/\/www.ils-forschung.de\/fachpublikationen\/\">here<\/a><\/strong>.<\/p>\n","protected":false},"excerpt":{"rendered":"<p>ILS researcher Isabel Ramos Lobato, together with other colleagues, has published an article in the journal sub\/urban. This article examines the causes of primary school segregation in a large city in North Rhine-Westphalia. Segregation in primary schools and the production of inequality. In many German cities, there is a serious degree of segregation at primary school level. This is problematic since primary schools are a key determinant of social mobility and social cohesion. Based on a combination of quantitative and qualitative data, our findings show how spatial, individual, and institutional factors, as well as their interactions, contribute to the emergence <a href=\"https:\/\/www.ils-forschung.de\/en\/2026\/01\/segregation-an-grundschulen-und-die-produktion-von-ungleichheit\/\"> [&#8230;]<\/a><\/p>\n","protected":false},"author":13,"featured_media":7767,"comment_status":"closed","ping_status":"open","sticky":false,"template":"","format":"standard","meta":{"footnotes":""},"categories":[28],"tags":[],"class_list":["post-54848","post","type-post","status-publish","format-standard","has-post-thumbnail","hentry","category-publikationen-en"],"yoast_head":"<!-- This site is optimized with the Yoast SEO plugin v27.1.1 - https:\/\/yoast.com\/product\/yoast-seo-wordpress\/ -->\n<title>Segregation in primary schools and the production of inequality - ILS - Institut f\u00fcr Landes- und Stadtentwicklungsforschung<\/title>\n<meta name=\"robots\" content=\"index, follow, max-snippet:-1, max-image-preview:large, max-video-preview:-1\" \/>\n<link rel=\"canonical\" href=\"https:\/\/www.ils-forschung.de\/en\/2026\/01\/segregation-an-grundschulen-und-die-produktion-von-ungleichheit\/\" \/>\n<meta property=\"og:locale\" content=\"en_US\" \/>\n<meta property=\"og:type\" content=\"article\" \/>\n<meta property=\"og:title\" content=\"Segregation in primary schools and the production of inequality - ILS - Institut f\u00fcr Landes- und Stadtentwicklungsforschung\" \/>\n<meta property=\"og:description\" content=\"ILS researcher Isabel Ramos Lobato, together with other colleagues, has published an article in the journal sub\/urban. This article examines the causes of primary school segregation in a large city in North Rhine-Westphalia. Segregation in primary schools and the production of inequality. In many German cities, there is a serious degree of segregation at primary school level. This is problematic since primary schools are a key determinant of social mobility and social cohesion. Based on a combination of quantitative and qualitative data, our findings show how spatial, individual, and institutional factors, as well as their interactions, contribute to the emergence [...]\" \/>\n<meta property=\"og:url\" content=\"https:\/\/www.ils-forschung.de\/en\/2026\/01\/segregation-an-grundschulen-und-die-produktion-von-ungleichheit\/\" \/>\n<meta property=\"og:site_name\" content=\"ILS - Institut f\u00fcr Landes- und Stadtentwicklungsforschung\" \/>\n<meta property=\"article:published_time\" content=\"2026-01-22T11:07:40+00:00\" \/>\n<meta property=\"article:modified_time\" content=\"2026-02-27T12:08:07+00:00\" \/>\n<meta property=\"og:image\" content=\"https:\/\/www.ils-forschung.de\/wp-content\/uploads\/2020\/01\/fachpublikation-2020.jpg\" \/>\n\t<meta property=\"og:image:width\" content=\"1000\" \/>\n\t<meta property=\"og:image:height\" content=\"750\" \/>\n\t<meta property=\"og:image:type\" content=\"image\/jpeg\" \/>\n<meta name=\"author\" content=\"theresa.vonbischopink\" \/>\n<meta name=\"twitter:card\" content=\"summary_large_image\" \/>\n<meta name=\"twitter:creator\" content=\"@ILS_forschung\" \/>\n<meta name=\"twitter:site\" content=\"@ILS_forschung\" \/>\n<meta name=\"twitter:label1\" content=\"Written by\" \/>\n\t<meta name=\"twitter:data1\" content=\"theresa.vonbischopink\" \/>\n\t<meta name=\"twitter:label2\" content=\"Est. reading time\" \/>\n\t<meta name=\"twitter:data2\" content=\"2 minutes\" \/>\n<script type=\"application\/ld+json\" class=\"yoast-schema-graph\">{\"@context\":\"https:\/\/schema.org\",\"@graph\":[{\"@type\":\"Article\",\"@id\":\"https:\/\/www.ils-forschung.de\/en\/2026\/01\/segregation-an-grundschulen-und-die-produktion-von-ungleichheit\/#article\",\"isPartOf\":{\"@id\":\"https:\/\/www.ils-forschung.de\/en\/2026\/01\/segregation-an-grundschulen-und-die-produktion-von-ungleichheit\/\"},\"author\":{\"name\":\"theresa.vonbischopink\",\"@id\":\"https:\/\/www.ils-forschung.de\/en\/#\/schema\/person\/3bea413910df974622c605afedf3c889\"},\"headline\":\"Segregation in primary schools and the production of inequality\",\"datePublished\":\"2026-01-22T11:07:40+00:00\",\"dateModified\":\"2026-02-27T12:08:07+00:00\",\"mainEntityOfPage\":{\"@id\":\"https:\/\/www.ils-forschung.de\/en\/2026\/01\/segregation-an-grundschulen-und-die-produktion-von-ungleichheit\/\"},\"wordCount\":167,\"image\":{\"@id\":\"https:\/\/www.ils-forschung.de\/en\/2026\/01\/segregation-an-grundschulen-und-die-produktion-von-ungleichheit\/#primaryimage\"},\"thumbnailUrl\":\"https:\/\/www.ils-forschung.de\/wp-content\/uploads\/2020\/01\/fachpublikation-2020.jpg\",\"articleSection\":[\"Publikationen\"],\"inLanguage\":\"en-US\"},{\"@type\":\"WebPage\",\"@id\":\"https:\/\/www.ils-forschung.de\/en\/2026\/01\/segregation-an-grundschulen-und-die-produktion-von-ungleichheit\/\",\"url\":\"https:\/\/www.ils-forschung.de\/en\/2026\/01\/segregation-an-grundschulen-und-die-produktion-von-ungleichheit\/\",\"name\":\"Segregation in primary schools and the production of inequality - ILS - Institut f\u00fcr Landes- und Stadtentwicklungsforschung\",\"isPartOf\":{\"@id\":\"https:\/\/www.ils-forschung.de\/en\/#website\"},\"primaryImageOfPage\":{\"@id\":\"https:\/\/www.ils-forschung.de\/en\/2026\/01\/segregation-an-grundschulen-und-die-produktion-von-ungleichheit\/#primaryimage\"},\"image\":{\"@id\":\"https:\/\/www.ils-forschung.de\/en\/2026\/01\/segregation-an-grundschulen-und-die-produktion-von-ungleichheit\/#primaryimage\"},\"thumbnailUrl\":\"https:\/\/www.ils-forschung.de\/wp-content\/uploads\/2020\/01\/fachpublikation-2020.jpg\",\"datePublished\":\"2026-01-22T11:07:40+00:00\",\"dateModified\":\"2026-02-27T12:08:07+00:00\",\"author\":{\"@id\":\"https:\/\/www.ils-forschung.de\/en\/#\/schema\/person\/3bea413910df974622c605afedf3c889\"},\"breadcrumb\":{\"@id\":\"https:\/\/www.ils-forschung.de\/en\/2026\/01\/segregation-an-grundschulen-und-die-produktion-von-ungleichheit\/#breadcrumb\"},\"inLanguage\":\"en-US\",\"potentialAction\":[{\"@type\":\"ReadAction\",\"target\":[\"https:\/\/www.ils-forschung.de\/en\/2026\/01\/segregation-an-grundschulen-und-die-produktion-von-ungleichheit\/\"]}]},{\"@type\":\"ImageObject\",\"inLanguage\":\"en-US\",\"@id\":\"https:\/\/www.ils-forschung.de\/en\/2026\/01\/segregation-an-grundschulen-und-die-produktion-von-ungleichheit\/#primaryimage\",\"url\":\"https:\/\/www.ils-forschung.de\/wp-content\/uploads\/2020\/01\/fachpublikation-2020.jpg\",\"contentUrl\":\"https:\/\/www.ils-forschung.de\/wp-content\/uploads\/2020\/01\/fachpublikation-2020.jpg\",\"width\":1000,\"height\":750,\"caption\":\"Stapel von Zeitschriften\"},{\"@type\":\"BreadcrumbList\",\"@id\":\"https:\/\/www.ils-forschung.de\/en\/2026\/01\/segregation-an-grundschulen-und-die-produktion-von-ungleichheit\/#breadcrumb\",\"itemListElement\":[{\"@type\":\"ListItem\",\"position\":1,\"name\":\"Home\",\"item\":\"https:\/\/www.ils-forschung.de\/en\/\"},{\"@type\":\"ListItem\",\"position\":2,\"name\":\"Segregation in primary schools and the production of inequality\"}]},{\"@type\":\"WebSite\",\"@id\":\"https:\/\/www.ils-forschung.de\/en\/#website\",\"url\":\"https:\/\/www.ils-forschung.de\/en\/\",\"name\":\"ILS - Institut f\u00fcr Landes- und Stadtentwicklungsforschung\",\"description\":\"Das ILS \u2013 Institut f\u00fcr Landes- und Stadtentwicklungsforschung ist ein raumwissenschaftliches au\u00dferuniversit\u00e4res Forschungsinstitut mit Sitz in Dortmund.\",\"potentialAction\":[{\"@type\":\"SearchAction\",\"target\":{\"@type\":\"EntryPoint\",\"urlTemplate\":\"https:\/\/www.ils-forschung.de\/en\/?s={search_term_string}\"},\"query-input\":{\"@type\":\"PropertyValueSpecification\",\"valueRequired\":true,\"valueName\":\"search_term_string\"}}],\"inLanguage\":\"en-US\"},{\"@type\":\"Person\",\"@id\":\"https:\/\/www.ils-forschung.de\/en\/#\/schema\/person\/3bea413910df974622c605afedf3c889\",\"name\":\"theresa.vonbischopink\",\"url\":\"https:\/\/www.ils-forschung.de\/en\/author\/theresa-vonbischopink\/\"}]}<\/script>\n<!-- \/ Yoast SEO plugin. -->","yoast_head_json":{"title":"Segregation in primary schools and the production of inequality - ILS - Institut f\u00fcr Landes- und Stadtentwicklungsforschung","robots":{"index":"index","follow":"follow","max-snippet":"max-snippet:-1","max-image-preview":"max-image-preview:large","max-video-preview":"max-video-preview:-1"},"canonical":"https:\/\/www.ils-forschung.de\/en\/2026\/01\/segregation-an-grundschulen-und-die-produktion-von-ungleichheit\/","og_locale":"en_US","og_type":"article","og_title":"Segregation in primary schools and the production of inequality - ILS - Institut f\u00fcr Landes- und Stadtentwicklungsforschung","og_description":"ILS researcher Isabel Ramos Lobato, together with other colleagues, has published an article in the journal sub\/urban. This article examines the causes of primary school segregation in a large city in North Rhine-Westphalia. Segregation in primary schools and the production of inequality. In many German cities, there is a serious degree of segregation at primary school level. This is problematic since primary schools are a key determinant of social mobility and social cohesion. Based on a combination of quantitative and qualitative data, our findings show how spatial, individual, and institutional factors, as well as their interactions, contribute to the emergence [...]","og_url":"https:\/\/www.ils-forschung.de\/en\/2026\/01\/segregation-an-grundschulen-und-die-produktion-von-ungleichheit\/","og_site_name":"ILS - Institut f\u00fcr Landes- und Stadtentwicklungsforschung","article_published_time":"2026-01-22T11:07:40+00:00","article_modified_time":"2026-02-27T12:08:07+00:00","og_image":[{"width":1000,"height":750,"url":"https:\/\/www.ils-forschung.de\/wp-content\/uploads\/2020\/01\/fachpublikation-2020.jpg","type":"image\/jpeg"}],"author":"theresa.vonbischopink","twitter_card":"summary_large_image","twitter_creator":"@ILS_forschung","twitter_site":"@ILS_forschung","twitter_misc":{"Written by":"theresa.vonbischopink","Est. reading time":"2 minutes"},"schema":{"@context":"https:\/\/schema.org","@graph":[{"@type":"Article","@id":"https:\/\/www.ils-forschung.de\/en\/2026\/01\/segregation-an-grundschulen-und-die-produktion-von-ungleichheit\/#article","isPartOf":{"@id":"https:\/\/www.ils-forschung.de\/en\/2026\/01\/segregation-an-grundschulen-und-die-produktion-von-ungleichheit\/"},"author":{"name":"theresa.vonbischopink","@id":"https:\/\/www.ils-forschung.de\/en\/#\/schema\/person\/3bea413910df974622c605afedf3c889"},"headline":"Segregation in primary schools and the production of inequality","datePublished":"2026-01-22T11:07:40+00:00","dateModified":"2026-02-27T12:08:07+00:00","mainEntityOfPage":{"@id":"https:\/\/www.ils-forschung.de\/en\/2026\/01\/segregation-an-grundschulen-und-die-produktion-von-ungleichheit\/"},"wordCount":167,"image":{"@id":"https:\/\/www.ils-forschung.de\/en\/2026\/01\/segregation-an-grundschulen-und-die-produktion-von-ungleichheit\/#primaryimage"},"thumbnailUrl":"https:\/\/www.ils-forschung.de\/wp-content\/uploads\/2020\/01\/fachpublikation-2020.jpg","articleSection":["Publikationen"],"inLanguage":"en-US"},{"@type":"WebPage","@id":"https:\/\/www.ils-forschung.de\/en\/2026\/01\/segregation-an-grundschulen-und-die-produktion-von-ungleichheit\/","url":"https:\/\/www.ils-forschung.de\/en\/2026\/01\/segregation-an-grundschulen-und-die-produktion-von-ungleichheit\/","name":"Segregation in primary schools and the production of inequality - ILS - Institut f\u00fcr Landes- und Stadtentwicklungsforschung","isPartOf":{"@id":"https:\/\/www.ils-forschung.de\/en\/#website"},"primaryImageOfPage":{"@id":"https:\/\/www.ils-forschung.de\/en\/2026\/01\/segregation-an-grundschulen-und-die-produktion-von-ungleichheit\/#primaryimage"},"image":{"@id":"https:\/\/www.ils-forschung.de\/en\/2026\/01\/segregation-an-grundschulen-und-die-produktion-von-ungleichheit\/#primaryimage"},"thumbnailUrl":"https:\/\/www.ils-forschung.de\/wp-content\/uploads\/2020\/01\/fachpublikation-2020.jpg","datePublished":"2026-01-22T11:07:40+00:00","dateModified":"2026-02-27T12:08:07+00:00","author":{"@id":"https:\/\/www.ils-forschung.de\/en\/#\/schema\/person\/3bea413910df974622c605afedf3c889"},"breadcrumb":{"@id":"https:\/\/www.ils-forschung.de\/en\/2026\/01\/segregation-an-grundschulen-und-die-produktion-von-ungleichheit\/#breadcrumb"},"inLanguage":"en-US","potentialAction":[{"@type":"ReadAction","target":["https:\/\/www.ils-forschung.de\/en\/2026\/01\/segregation-an-grundschulen-und-die-produktion-von-ungleichheit\/"]}]},{"@type":"ImageObject","inLanguage":"en-US","@id":"https:\/\/www.ils-forschung.de\/en\/2026\/01\/segregation-an-grundschulen-und-die-produktion-von-ungleichheit\/#primaryimage","url":"https:\/\/www.ils-forschung.de\/wp-content\/uploads\/2020\/01\/fachpublikation-2020.jpg","contentUrl":"https:\/\/www.ils-forschung.de\/wp-content\/uploads\/2020\/01\/fachpublikation-2020.jpg","width":1000,"height":750,"caption":"Stapel von Zeitschriften"},{"@type":"BreadcrumbList","@id":"https:\/\/www.ils-forschung.de\/en\/2026\/01\/segregation-an-grundschulen-und-die-produktion-von-ungleichheit\/#breadcrumb","itemListElement":[{"@type":"ListItem","position":1,"name":"Home","item":"https:\/\/www.ils-forschung.de\/en\/"},{"@type":"ListItem","position":2,"name":"Segregation in primary schools and the production of inequality"}]},{"@type":"WebSite","@id":"https:\/\/www.ils-forschung.de\/en\/#website","url":"https:\/\/www.ils-forschung.de\/en\/","name":"ILS - Institut f\u00fcr Landes- und Stadtentwicklungsforschung","description":"Das ILS \u2013 Institut f\u00fcr Landes- und Stadtentwicklungsforschung ist ein raumwissenschaftliches au\u00dferuniversit\u00e4res Forschungsinstitut mit Sitz in Dortmund.","potentialAction":[{"@type":"SearchAction","target":{"@type":"EntryPoint","urlTemplate":"https:\/\/www.ils-forschung.de\/en\/?s={search_term_string}"},"query-input":{"@type":"PropertyValueSpecification","valueRequired":true,"valueName":"search_term_string"}}],"inLanguage":"en-US"},{"@type":"Person","@id":"https:\/\/www.ils-forschung.de\/en\/#\/schema\/person\/3bea413910df974622c605afedf3c889","name":"theresa.vonbischopink","url":"https:\/\/www.ils-forschung.de\/en\/author\/theresa-vonbischopink\/"}]}},"cc_featured_image_caption":{"caption_text":"\u00a9 Roland Fechter \/ ILS","source_text":"","source_url":""},"_links":{"self":[{"href":"https:\/\/www.ils-forschung.de\/en\/wp-json\/wp\/v2\/posts\/54848","targetHints":{"allow":["GET"]}}],"collection":[{"href":"https:\/\/www.ils-forschung.de\/en\/wp-json\/wp\/v2\/posts"}],"about":[{"href":"https:\/\/www.ils-forschung.de\/en\/wp-json\/wp\/v2\/types\/post"}],"author":[{"embeddable":true,"href":"https:\/\/www.ils-forschung.de\/en\/wp-json\/wp\/v2\/users\/13"}],"replies":[{"embeddable":true,"href":"https:\/\/www.ils-forschung.de\/en\/wp-json\/wp\/v2\/comments?post=54848"}],"version-history":[{"count":4,"href":"https:\/\/www.ils-forschung.de\/en\/wp-json\/wp\/v2\/posts\/54848\/revisions"}],"predecessor-version":[{"id":56080,"href":"https:\/\/www.ils-forschung.de\/en\/wp-json\/wp\/v2\/posts\/54848\/revisions\/56080"}],"wp:featuredmedia":[{"embeddable":true,"href":"https:\/\/www.ils-forschung.de\/en\/wp-json\/wp\/v2\/media\/7767"}],"wp:attachment":[{"href":"https:\/\/www.ils-forschung.de\/en\/wp-json\/wp\/v2\/media?parent=54848"}],"wp:term":[{"taxonomy":"category","embeddable":true,"href":"https:\/\/www.ils-forschung.de\/en\/wp-json\/wp\/v2\/categories?post=54848"},{"taxonomy":"post_tag","embeddable":true,"href":"https:\/\/www.ils-forschung.de\/en\/wp-json\/wp\/v2\/tags?post=54848"}],"curies":[{"name":"wp","href":"https:\/\/api.w.org\/{rel}","templated":true}]}}