{"id":54474,"date":"2025-12-19T14:11:53","date_gmt":"2025-12-19T13:11:53","guid":{"rendered":"https:\/\/www.ils-forschung.de\/2025\/12\/pressemitteilung-urbanen-wandel-verstehen-urbanen-wandel-gestalten\/"},"modified":"2025-12-19T14:11:53","modified_gmt":"2025-12-19T13:11:53","slug":"pressemitteilung-urbanen-wandel-verstehen-urbanen-wandel-gestalten","status":"publish","type":"post","link":"https:\/\/www.ils-forschung.de\/en\/2025\/12\/pressemitteilung-urbanen-wandel-verstehen-urbanen-wandel-gestalten\/","title":{"rendered":"Pressemitteilung"},"content":{"rendered":"<div class=\"fusion-fullwidth fullwidth-box fusion-builder-row-1 fusion-flex-container has-pattern-background has-mask-background nonhundred-percent-fullwidth non-hundred-percent-height-scrolling\" style=\"--awb-border-radius-top-left:0px;--awb-border-radius-top-right:0px;--awb-border-radius-bottom-right:0px;--awb-border-radius-bottom-left:0px;--awb-flex-wrap:wrap;\" ><div class=\"fusion-builder-row fusion-row fusion-flex-align-items-flex-start fusion-flex-content-wrap\" style=\"max-width:1144px;margin-left: calc(-4% \/ 2 );margin-right: calc(-4% \/ 2 );\"><div class=\"fusion-layout-column fusion_builder_column fusion-builder-column-0 fusion_builder_column_1_1 1_1 fusion-flex-column\" style=\"--awb-bg-size:cover;--awb-width-large:100%;--awb-margin-top-large:0px;--awb-spacing-right-large:1.92%;--awb-margin-bottom-large:20px;--awb-spacing-left-large:1.92%;--awb-width-medium:100%;--awb-order-medium:0;--awb-spacing-right-medium:1.92%;--awb-spacing-left-medium:1.92%;--awb-width-small:100%;--awb-order-small:0;--awb-spacing-right-small:1.92%;--awb-spacing-left-small:1.92%;\"><div class=\"fusion-column-wrapper fusion-column-has-shadow fusion-flex-justify-content-flex-start fusion-content-layout-column\"><div class=\"fusion-text fusion-text-1\"><h2 style=\"border-bottom: none; margin-botton: 0px;\">Urbanen Wandel verstehen, urbanen Wandel gestalten<\/h2>\n<p>ILS richtet mit der Forschungsstrategie 2025+ seinen Kurs aus<\/p>\n<p><strong>Wie lassen sich St\u00e4dte und Regionen angesichts von Klimakrise, sozialer Ungleichheit und tiefgreifendem Strukturwandel zukunftsf\u00e4hig gestalten? Mit der Forschungsstrategie 2025+ sch\u00e4rft das ILS \u2013 Institut f\u00fcr Landes- und Stadtentwicklungsforschung sein Profil als interdisziplin\u00e4res, praxisnahes Forschungsinstitut. Unter dem Leitmotiv \u201eUrbanen Wandel verstehen und gestalten\u201c verbindet es Grundlagenforschung mit Politik- und Praxisberatung und nimmt zentrale Transformationsfragen der Stadt- und Regionalforschung in den Blick. <\/strong><\/p>\n<p>\u201eMit unseren Forschungen an der Schnittstelle von Wissenschaft und Praxis wollen wir das komplexe Ineinandergreifen von gesellschaftlichen, \u00f6konomischen und technologischen Ver\u00e4nderungen und den Wandel der Strukturen in St\u00e4dten und Stadtregionen verstehen\u201c, erl\u00e4utert Ralf Zimmer-Hegmann, kommissarischer wissenschaftlicher Leiter und Gesch\u00e4ftsf\u00fchrer des ILS. Die so gewonnenen Ergebnisse dienen als Grundlage f\u00fcr eine kritische Auseinandersetzung mit der Wirksamkeit politisch-planerischen Handelns und der Entwicklung von L\u00f6sungsvorschl\u00e4gen. \u201eGerade weil diese Transformationsprozesse auch mit Skepsis betrachtet werden, setzen wir auf evidenzbasierte Forschung, Dialog und praxisnahe L\u00f6sungsans\u00e4tze\u201c, so Zimmer-Hegmann.<\/p>\n<p>Mit der vorliegenden Forschungsstrategie 2025+ werden die zuletzt 2022 neu gefassten und aktualisierten \u00dcberlegungen zur strategischen Ausrichtung des Instituts weiterentwickelt. Die in der Forschungsstrategie beschriebenen Schwerpunkte stellen jeweils raum- und mobilit\u00e4tsbezogene, planerisch-strukturelle sowie sozialr\u00e4umliche Aspekte in den Mittelpunkt. Der Bereich \u201eGeoinformationen f\u00fcr die Stadtforschung\u201c macht r\u00e4umliche und nichtr\u00e4umliche Daten f\u00fcr die Forschung verf\u00fcgbar.<\/p>\n<p>Die \u201eILS-Forschungsstrategie 2025+: Urbanen Wandel verstehen, urbanen Wandel gestalten\u201c ist hier verf\u00fcgbar: <a href=\"https:\/\/doi.org\/10.58122\/8yzg-qv85\">https:\/\/doi.org\/10.58122\/8yzg-qv85<\/a><\/p>\n<p><span style=\"font-size: 14px; font-weight: bold;\">Das ILS \u2013 Institut f\u00fcr Landes- und Stadtentwicklungsforschung ist ein au\u00dferuniversit\u00e4res Forschungsinstitut, das die aktuelle und k\u00fcnftige Entwicklung von St\u00e4dten interdisziplin\u00e4r und international vergleichend untersucht. Weitere Informationen auf <a href=\"https:\/\/www.ils-forschung.de\/en\/\">www.ils-forschung.de<\/a>.<\/span><\/p>\n<\/div><div class=\"fusion-separator fusion-full-width-sep\" style=\"align-self: center;margin-left: auto;margin-right: auto;margin-top:20px;margin-bottom:20px;width:100%;\"><\/div><div class=\"fusion-text fusion-text-2\"><h2>Download<\/h2>\n<ul>\n<li><a href=\"https:\/\/www.ils-forschung.de\/wp-content\/uploads\/2025\/12\/ils-pressemitteilung-10-forschungsstrategie.pdf\" target=\"_blank\" rel=\"noopener\">Die Pressemitteilung als Download<\/a><\/li>\n<\/ul>\n<\/div><div class=\"fusion-separator fusion-full-width-sep\" style=\"align-self: center;margin-left: auto;margin-right: auto;margin-top:20px;margin-bottom:20px;width:100%;\"><\/div><div class=\"fusion-text fusion-text-3\"><h2>Pressekontakt<\/h2>\n<p>Ann-Christin Kleinmanns, Verantwortliche f\u00fcr Presse- und \u00d6ffentlichkeitsarbeit<br \/>\nTelefon: 0231\/9051-131<br \/>\nE-Mail: <a href=\"mailto:ann-christin.kleinmanns@ils-forschung.de\">ann-christin.kleinmanns@ils-forschung.de<\/a><\/p>\n<\/div><\/div><\/div><\/div><\/div>\n","protected":false},"excerpt":{"rendered":"","protected":false},"author":13,"featured_media":11893,"comment_status":"closed","ping_status":"closed","sticky":false,"template":"","format":"standard","meta":{"footnotes":""},"categories":[10],"tags":[],"class_list":["post-54474","post","type-post","status-publish","format-standard","has-post-thumbnail","hentry","category-uncategorized"],"yoast_head":"<!-- This site is optimized with the Yoast SEO plugin v27.1.1 - https:\/\/yoast.com\/product\/yoast-seo-wordpress\/ -->\n<title>Pressemitteilung - ILS - Institut f\u00fcr Landes- und Stadtentwicklungsforschung<\/title>\n<meta name=\"robots\" content=\"index, follow, max-snippet:-1, max-image-preview:large, max-video-preview:-1\" \/>\n<link rel=\"canonical\" href=\"https:\/\/www.ils-forschung.de\/en\/2025\/12\/pressemitteilung-urbanen-wandel-verstehen-urbanen-wandel-gestalten\/\" \/>\n<meta property=\"og:locale\" content=\"en_US\" \/>\n<meta property=\"og:type\" content=\"article\" \/>\n<meta property=\"og:title\" content=\"Pressemitteilung - ILS - Institut f\u00fcr Landes- und Stadtentwicklungsforschung\" \/>\n<meta property=\"og:url\" content=\"https:\/\/www.ils-forschung.de\/en\/2025\/12\/pressemitteilung-urbanen-wandel-verstehen-urbanen-wandel-gestalten\/\" \/>\n<meta property=\"og:site_name\" content=\"ILS - Institut f\u00fcr Landes- und Stadtentwicklungsforschung\" \/>\n<meta property=\"article:published_time\" content=\"2025-12-19T13:11:53+00:00\" \/>\n<meta property=\"og:image\" content=\"https:\/\/www.ils-forschung.de\/wp-content\/uploads\/2023\/04\/ils-social-share-logo.jpg\" \/>\n\t<meta property=\"og:image:width\" content=\"1200\" \/>\n\t<meta property=\"og:image:height\" content=\"630\" \/>\n\t<meta property=\"og:image:type\" content=\"image\/jpeg\" \/>\n<meta name=\"author\" content=\"theresa.vonbischopink\" \/>\n<meta name=\"twitter:card\" content=\"summary_large_image\" \/>\n<meta name=\"twitter:creator\" content=\"@ILS_forschung\" \/>\n<meta name=\"twitter:site\" content=\"@ILS_forschung\" \/>\n<meta name=\"twitter:label1\" content=\"Written by\" \/>\n\t<meta name=\"twitter:data1\" content=\"theresa.vonbischopink\" \/>\n\t<meta name=\"twitter:label2\" content=\"Est. reading time\" \/>\n\t<meta name=\"twitter:data2\" content=\"9 minutes\" \/>\n<script type=\"application\/ld+json\" class=\"yoast-schema-graph\">{\"@context\":\"https:\/\/schema.org\",\"@graph\":[{\"@type\":\"Article\",\"@id\":\"https:\/\/www.ils-forschung.de\/en\/2025\/12\/pressemitteilung-urbanen-wandel-verstehen-urbanen-wandel-gestalten\/#article\",\"isPartOf\":{\"@id\":\"https:\/\/www.ils-forschung.de\/en\/2025\/12\/pressemitteilung-urbanen-wandel-verstehen-urbanen-wandel-gestalten\/\"},\"author\":{\"name\":\"theresa.vonbischopink\",\"@id\":\"https:\/\/www.ils-forschung.de\/en\/#\/schema\/person\/3bea413910df974622c605afedf3c889\"},\"headline\":\"Pressemitteilung\",\"datePublished\":\"2025-12-19T13:11:53+00:00\",\"mainEntityOfPage\":{\"@id\":\"https:\/\/www.ils-forschung.de\/en\/2025\/12\/pressemitteilung-urbanen-wandel-verstehen-urbanen-wandel-gestalten\/\"},\"wordCount\":1773,\"image\":{\"@id\":\"https:\/\/www.ils-forschung.de\/en\/2025\/12\/pressemitteilung-urbanen-wandel-verstehen-urbanen-wandel-gestalten\/#primaryimage\"},\"thumbnailUrl\":\"https:\/\/www.ils-forschung.de\/wp-content\/uploads\/2021\/01\/pressemitteilung-twitter-entwurf2.jpg\",\"inLanguage\":\"en-US\"},{\"@type\":\"WebPage\",\"@id\":\"https:\/\/www.ils-forschung.de\/en\/2025\/12\/pressemitteilung-urbanen-wandel-verstehen-urbanen-wandel-gestalten\/\",\"url\":\"https:\/\/www.ils-forschung.de\/en\/2025\/12\/pressemitteilung-urbanen-wandel-verstehen-urbanen-wandel-gestalten\/\",\"name\":\"Pressemitteilung - ILS - Institut f\u00fcr Landes- und Stadtentwicklungsforschung\",\"isPartOf\":{\"@id\":\"https:\/\/www.ils-forschung.de\/en\/#website\"},\"primaryImageOfPage\":{\"@id\":\"https:\/\/www.ils-forschung.de\/en\/2025\/12\/pressemitteilung-urbanen-wandel-verstehen-urbanen-wandel-gestalten\/#primaryimage\"},\"image\":{\"@id\":\"https:\/\/www.ils-forschung.de\/en\/2025\/12\/pressemitteilung-urbanen-wandel-verstehen-urbanen-wandel-gestalten\/#primaryimage\"},\"thumbnailUrl\":\"https:\/\/www.ils-forschung.de\/wp-content\/uploads\/2021\/01\/pressemitteilung-twitter-entwurf2.jpg\",\"datePublished\":\"2025-12-19T13:11:53+00:00\",\"author\":{\"@id\":\"https:\/\/www.ils-forschung.de\/en\/#\/schema\/person\/3bea413910df974622c605afedf3c889\"},\"breadcrumb\":{\"@id\":\"https:\/\/www.ils-forschung.de\/en\/2025\/12\/pressemitteilung-urbanen-wandel-verstehen-urbanen-wandel-gestalten\/#breadcrumb\"},\"inLanguage\":\"en-US\",\"potentialAction\":[{\"@type\":\"ReadAction\",\"target\":[\"https:\/\/www.ils-forschung.de\/en\/2025\/12\/pressemitteilung-urbanen-wandel-verstehen-urbanen-wandel-gestalten\/\"]}]},{\"@type\":\"ImageObject\",\"inLanguage\":\"en-US\",\"@id\":\"https:\/\/www.ils-forschung.de\/en\/2025\/12\/pressemitteilung-urbanen-wandel-verstehen-urbanen-wandel-gestalten\/#primaryimage\",\"url\":\"https:\/\/www.ils-forschung.de\/wp-content\/uploads\/2021\/01\/pressemitteilung-twitter-entwurf2.jpg\",\"contentUrl\":\"https:\/\/www.ils-forschung.de\/wp-content\/uploads\/2021\/01\/pressemitteilung-twitter-entwurf2.jpg\",\"width\":1000,\"height\":750},{\"@type\":\"BreadcrumbList\",\"@id\":\"https:\/\/www.ils-forschung.de\/en\/2025\/12\/pressemitteilung-urbanen-wandel-verstehen-urbanen-wandel-gestalten\/#breadcrumb\",\"itemListElement\":[{\"@type\":\"ListItem\",\"position\":1,\"name\":\"Home\",\"item\":\"https:\/\/www.ils-forschung.de\/en\/\"},{\"@type\":\"ListItem\",\"position\":2,\"name\":\"Pressemitteilung\"}]},{\"@type\":\"WebSite\",\"@id\":\"https:\/\/www.ils-forschung.de\/en\/#website\",\"url\":\"https:\/\/www.ils-forschung.de\/en\/\",\"name\":\"ILS - Institut f\u00fcr Landes- und Stadtentwicklungsforschung\",\"description\":\"Das ILS \u2013 Institut f\u00fcr Landes- und Stadtentwicklungsforschung ist ein raumwissenschaftliches au\u00dferuniversit\u00e4res Forschungsinstitut mit Sitz in Dortmund.\",\"potentialAction\":[{\"@type\":\"SearchAction\",\"target\":{\"@type\":\"EntryPoint\",\"urlTemplate\":\"https:\/\/www.ils-forschung.de\/en\/?s={search_term_string}\"},\"query-input\":{\"@type\":\"PropertyValueSpecification\",\"valueRequired\":true,\"valueName\":\"search_term_string\"}}],\"inLanguage\":\"en-US\"},{\"@type\":\"Person\",\"@id\":\"https:\/\/www.ils-forschung.de\/en\/#\/schema\/person\/3bea413910df974622c605afedf3c889\",\"name\":\"theresa.vonbischopink\",\"url\":\"https:\/\/www.ils-forschung.de\/en\/author\/theresa-vonbischopink\/\"}]}<\/script>\n<!-- \/ Yoast SEO plugin. -->","yoast_head_json":{"title":"Pressemitteilung - ILS - Institut f\u00fcr Landes- und Stadtentwicklungsforschung","robots":{"index":"index","follow":"follow","max-snippet":"max-snippet:-1","max-image-preview":"max-image-preview:large","max-video-preview":"max-video-preview:-1"},"canonical":"https:\/\/www.ils-forschung.de\/en\/2025\/12\/pressemitteilung-urbanen-wandel-verstehen-urbanen-wandel-gestalten\/","og_locale":"en_US","og_type":"article","og_title":"Pressemitteilung - ILS - Institut f\u00fcr Landes- und Stadtentwicklungsforschung","og_url":"https:\/\/www.ils-forschung.de\/en\/2025\/12\/pressemitteilung-urbanen-wandel-verstehen-urbanen-wandel-gestalten\/","og_site_name":"ILS - Institut f\u00fcr Landes- und Stadtentwicklungsforschung","article_published_time":"2025-12-19T13:11:53+00:00","og_image":[{"width":1200,"height":630,"url":"https:\/\/www.ils-forschung.de\/wp-content\/uploads\/2023\/04\/ils-social-share-logo.jpg","type":"image\/jpeg"}],"author":"theresa.vonbischopink","twitter_card":"summary_large_image","twitter_creator":"@ILS_forschung","twitter_site":"@ILS_forschung","twitter_misc":{"Written by":"theresa.vonbischopink","Est. reading time":"9 minutes"},"schema":{"@context":"https:\/\/schema.org","@graph":[{"@type":"Article","@id":"https:\/\/www.ils-forschung.de\/en\/2025\/12\/pressemitteilung-urbanen-wandel-verstehen-urbanen-wandel-gestalten\/#article","isPartOf":{"@id":"https:\/\/www.ils-forschung.de\/en\/2025\/12\/pressemitteilung-urbanen-wandel-verstehen-urbanen-wandel-gestalten\/"},"author":{"name":"theresa.vonbischopink","@id":"https:\/\/www.ils-forschung.de\/en\/#\/schema\/person\/3bea413910df974622c605afedf3c889"},"headline":"Pressemitteilung","datePublished":"2025-12-19T13:11:53+00:00","mainEntityOfPage":{"@id":"https:\/\/www.ils-forschung.de\/en\/2025\/12\/pressemitteilung-urbanen-wandel-verstehen-urbanen-wandel-gestalten\/"},"wordCount":1773,"image":{"@id":"https:\/\/www.ils-forschung.de\/en\/2025\/12\/pressemitteilung-urbanen-wandel-verstehen-urbanen-wandel-gestalten\/#primaryimage"},"thumbnailUrl":"https:\/\/www.ils-forschung.de\/wp-content\/uploads\/2021\/01\/pressemitteilung-twitter-entwurf2.jpg","inLanguage":"en-US"},{"@type":"WebPage","@id":"https:\/\/www.ils-forschung.de\/en\/2025\/12\/pressemitteilung-urbanen-wandel-verstehen-urbanen-wandel-gestalten\/","url":"https:\/\/www.ils-forschung.de\/en\/2025\/12\/pressemitteilung-urbanen-wandel-verstehen-urbanen-wandel-gestalten\/","name":"Pressemitteilung - ILS - Institut f\u00fcr Landes- und Stadtentwicklungsforschung","isPartOf":{"@id":"https:\/\/www.ils-forschung.de\/en\/#website"},"primaryImageOfPage":{"@id":"https:\/\/www.ils-forschung.de\/en\/2025\/12\/pressemitteilung-urbanen-wandel-verstehen-urbanen-wandel-gestalten\/#primaryimage"},"image":{"@id":"https:\/\/www.ils-forschung.de\/en\/2025\/12\/pressemitteilung-urbanen-wandel-verstehen-urbanen-wandel-gestalten\/#primaryimage"},"thumbnailUrl":"https:\/\/www.ils-forschung.de\/wp-content\/uploads\/2021\/01\/pressemitteilung-twitter-entwurf2.jpg","datePublished":"2025-12-19T13:11:53+00:00","author":{"@id":"https:\/\/www.ils-forschung.de\/en\/#\/schema\/person\/3bea413910df974622c605afedf3c889"},"breadcrumb":{"@id":"https:\/\/www.ils-forschung.de\/en\/2025\/12\/pressemitteilung-urbanen-wandel-verstehen-urbanen-wandel-gestalten\/#breadcrumb"},"inLanguage":"en-US","potentialAction":[{"@type":"ReadAction","target":["https:\/\/www.ils-forschung.de\/en\/2025\/12\/pressemitteilung-urbanen-wandel-verstehen-urbanen-wandel-gestalten\/"]}]},{"@type":"ImageObject","inLanguage":"en-US","@id":"https:\/\/www.ils-forschung.de\/en\/2025\/12\/pressemitteilung-urbanen-wandel-verstehen-urbanen-wandel-gestalten\/#primaryimage","url":"https:\/\/www.ils-forschung.de\/wp-content\/uploads\/2021\/01\/pressemitteilung-twitter-entwurf2.jpg","contentUrl":"https:\/\/www.ils-forschung.de\/wp-content\/uploads\/2021\/01\/pressemitteilung-twitter-entwurf2.jpg","width":1000,"height":750},{"@type":"BreadcrumbList","@id":"https:\/\/www.ils-forschung.de\/en\/2025\/12\/pressemitteilung-urbanen-wandel-verstehen-urbanen-wandel-gestalten\/#breadcrumb","itemListElement":[{"@type":"ListItem","position":1,"name":"Home","item":"https:\/\/www.ils-forschung.de\/en\/"},{"@type":"ListItem","position":2,"name":"Pressemitteilung"}]},{"@type":"WebSite","@id":"https:\/\/www.ils-forschung.de\/en\/#website","url":"https:\/\/www.ils-forschung.de\/en\/","name":"ILS - Institut f\u00fcr Landes- und Stadtentwicklungsforschung","description":"Das ILS \u2013 Institut f\u00fcr Landes- und Stadtentwicklungsforschung ist ein raumwissenschaftliches au\u00dferuniversit\u00e4res Forschungsinstitut mit Sitz in Dortmund.","potentialAction":[{"@type":"SearchAction","target":{"@type":"EntryPoint","urlTemplate":"https:\/\/www.ils-forschung.de\/en\/?s={search_term_string}"},"query-input":{"@type":"PropertyValueSpecification","valueRequired":true,"valueName":"search_term_string"}}],"inLanguage":"en-US"},{"@type":"Person","@id":"https:\/\/www.ils-forschung.de\/en\/#\/schema\/person\/3bea413910df974622c605afedf3c889","name":"theresa.vonbischopink","url":"https:\/\/www.ils-forschung.de\/en\/author\/theresa-vonbischopink\/"}]}},"cc_featured_image_caption":{"caption_text":"","source_text":"","source_url":""},"_links":{"self":[{"href":"https:\/\/www.ils-forschung.de\/en\/wp-json\/wp\/v2\/posts\/54474","targetHints":{"allow":["GET"]}}],"collection":[{"href":"https:\/\/www.ils-forschung.de\/en\/wp-json\/wp\/v2\/posts"}],"about":[{"href":"https:\/\/www.ils-forschung.de\/en\/wp-json\/wp\/v2\/types\/post"}],"author":[{"embeddable":true,"href":"https:\/\/www.ils-forschung.de\/en\/wp-json\/wp\/v2\/users\/13"}],"replies":[{"embeddable":true,"href":"https:\/\/www.ils-forschung.de\/en\/wp-json\/wp\/v2\/comments?post=54474"}],"version-history":[{"count":0,"href":"https:\/\/www.ils-forschung.de\/en\/wp-json\/wp\/v2\/posts\/54474\/revisions"}],"wp:featuredmedia":[{"embeddable":true,"href":"https:\/\/www.ils-forschung.de\/en\/wp-json\/wp\/v2\/media\/11893"}],"wp:attachment":[{"href":"https:\/\/www.ils-forschung.de\/en\/wp-json\/wp\/v2\/media?parent=54474"}],"wp:term":[{"taxonomy":"category","embeddable":true,"href":"https:\/\/www.ils-forschung.de\/en\/wp-json\/wp\/v2\/categories?post=54474"},{"taxonomy":"post_tag","embeddable":true,"href":"https:\/\/www.ils-forschung.de\/en\/wp-json\/wp\/v2\/tags?post=54474"}],"curies":[{"name":"wp","href":"https:\/\/api.w.org\/{rel}","templated":true}]}}