{"id":52646,"date":"2025-11-12T13:44:20","date_gmt":"2025-11-12T12:44:20","guid":{"rendered":"https:\/\/www.ils-forschung.de\/2025\/11\/ils-wissenschaftler-michael-kolocek-auf-der-podiumsdiskussion-zum-projekt-bude-inklusiv-2\/"},"modified":"2025-11-12T13:44:20","modified_gmt":"2025-11-12T12:44:20","slug":"ils-wissenschaftler-michael-kolocek-auf-der-podiumsdiskussion-zum-projekt-bude-inklusiv-2","status":"publish","type":"post","link":"https:\/\/www.ils-forschung.de\/en\/2025\/11\/ils-wissenschaftler-michael-kolocek-auf-der-podiumsdiskussion-zum-projekt-bude-inklusiv-2\/","title":{"rendered":"<a href=\"https:\/\/www.ils-forschung.de\/2025\/11\/ils-wissenschaftler-michael-kolocek-auf-der-podiumsdiskussion-zum-projekt-bude-inklusiv\/\">ILS-Wissenschaftler Michael Kolocek auf der Podiumsdiskussion zum Projekt \u201eBude Inklusiv\u201c<\/a>"},"content":{"rendered":"<div class=\"fusion-fullwidth fullwidth-box fusion-builder-row-1 fusion-flex-container has-pattern-background has-mask-background nonhundred-percent-fullwidth non-hundred-percent-height-scrolling\" style=\"--awb-border-radius-top-left:0px;--awb-border-radius-top-right:0px;--awb-border-radius-bottom-right:0px;--awb-border-radius-bottom-left:0px;--awb-flex-wrap:wrap;\" ><div class=\"fusion-builder-row fusion-row fusion-flex-align-items-flex-start fusion-flex-content-wrap\" style=\"max-width:1144px;margin-left: calc(-4% \/ 2 );margin-right: calc(-4% \/ 2 );\"><div class=\"fusion-layout-column fusion_builder_column fusion-builder-column-0 fusion_builder_column_1_1 1_1 fusion-flex-column\" style=\"--awb-bg-size:cover;--awb-width-large:100%;--awb-margin-top-large:0px;--awb-spacing-right-large:1.92%;--awb-margin-bottom-large:20px;--awb-spacing-left-large:1.92%;--awb-width-medium:100%;--awb-order-medium:0;--awb-spacing-right-medium:1.92%;--awb-spacing-left-medium:1.92%;--awb-width-small:100%;--awb-order-small:0;--awb-spacing-right-small:1.92%;--awb-spacing-left-small:1.92%;\"><div class=\"fusion-column-wrapper fusion-column-has-shadow fusion-flex-justify-content-flex-start fusion-content-layout-column\"><div class=\"fusion-text fusion-text-1\"><p>Welche Bedeutung haben Kioske und Trinkhallen f\u00fcr die Stadt Dortmund, das Ruhrgebiet und NRW, mit welchen Erinnerungen sind sie verkn\u00fcpft? Welche Gemeinsamkeiten und Unterschiede haben \u201eRuhrgebietstrinkhallen\u201c zu ihren \u201eVerwandten\u201c aus anderen Regionen Deutschlands? \u00dcber diese und weitere Fragen hat Michael Kolocek gemeinsam mit Dietmar Stahlschmidt (Stadt Dortmund, Quartiersmanagement Nordstadt), Marie Enders (RPTU Kaiserslautern) und Paul Eisewicht (Uni M\u00fcnster &amp; TU Dortmund, Moderation) im Rahmen einer anregenden Podiumsdiskussion im Dortmunder U gesprochen. <a href=\"https:\/\/www.ils-forschung.de\/en\/2025\/11\/ils-wissenschaftler-michael-kolocek-auf-der-podiumsdiskussion-zum-projekt-bude-inklusiv\/\">Mehr\u2026<\/a><\/p>\n<\/div><\/div><\/div><\/div><\/div>\n","protected":false},"excerpt":{"rendered":"","protected":false},"author":14,"featured_media":52639,"comment_status":"closed","ping_status":"closed","sticky":false,"template":"","format":"standard","meta":{"footnotes":""},"categories":[27],"tags":[],"class_list":["post-52646","post","type-post","status-publish","format-standard","has-post-thumbnail","hentry","category-aktuelles-en"],"yoast_head":"<!-- This site is optimized with the Yoast SEO plugin v27.1.1 - https:\/\/yoast.com\/product\/yoast-seo-wordpress\/ -->\n<title>ILS-Wissenschaftler Michael Kolocek auf der Podiumsdiskussion zum Projekt \u201eBude Inklusiv\u201c - ILS - Institut f\u00fcr Landes- und Stadtentwicklungsforschung<\/title>\n<meta name=\"robots\" content=\"index, follow, max-snippet:-1, max-image-preview:large, max-video-preview:-1\" \/>\n<link rel=\"canonical\" href=\"https:\/\/www.ils-forschung.de\/en\/2025\/11\/ils-wissenschaftler-michael-kolocek-auf-der-podiumsdiskussion-zum-projekt-bude-inklusiv-2\/\" \/>\n<meta property=\"og:locale\" content=\"en_US\" \/>\n<meta property=\"og:type\" content=\"article\" \/>\n<meta property=\"og:title\" content=\"ILS-Wissenschaftler Michael Kolocek auf der Podiumsdiskussion zum Projekt \u201eBude Inklusiv\u201c - ILS - Institut f\u00fcr Landes- und Stadtentwicklungsforschung\" \/>\n<meta property=\"og:url\" content=\"https:\/\/www.ils-forschung.de\/en\/2025\/11\/ils-wissenschaftler-michael-kolocek-auf-der-podiumsdiskussion-zum-projekt-bude-inklusiv-2\/\" \/>\n<meta property=\"og:site_name\" content=\"ILS - Institut f\u00fcr Landes- und Stadtentwicklungsforschung\" \/>\n<meta property=\"article:published_time\" content=\"2025-11-12T12:44:20+00:00\" \/>\n<meta property=\"og:image\" content=\"https:\/\/www.ils-forschung.de\/wp-content\/uploads\/2023\/04\/ils-social-share-logo.jpg\" \/>\n\t<meta property=\"og:image:width\" content=\"1200\" \/>\n\t<meta property=\"og:image:height\" content=\"630\" \/>\n\t<meta property=\"og:image:type\" content=\"image\/jpeg\" \/>\n<meta name=\"author\" content=\"ils-admin\" \/>\n<meta name=\"twitter:card\" content=\"summary_large_image\" \/>\n<meta name=\"twitter:creator\" content=\"@ILS_forschung\" \/>\n<meta name=\"twitter:site\" content=\"@ILS_forschung\" \/>\n<meta name=\"twitter:label1\" content=\"Written by\" \/>\n\t<meta name=\"twitter:data1\" content=\"ils-admin\" \/>\n\t<meta name=\"twitter:label2\" content=\"Est. reading time\" \/>\n\t<meta name=\"twitter:data2\" content=\"6 minutes\" \/>\n<script type=\"application\/ld+json\" class=\"yoast-schema-graph\">{\"@context\":\"https:\/\/schema.org\",\"@graph\":[{\"@type\":\"Article\",\"@id\":\"https:\/\/www.ils-forschung.de\/en\/2025\/11\/ils-wissenschaftler-michael-kolocek-auf-der-podiumsdiskussion-zum-projekt-bude-inklusiv-2\/#article\",\"isPartOf\":{\"@id\":\"https:\/\/www.ils-forschung.de\/en\/2025\/11\/ils-wissenschaftler-michael-kolocek-auf-der-podiumsdiskussion-zum-projekt-bude-inklusiv-2\/\"},\"author\":{\"name\":\"ils-admin\",\"@id\":\"https:\/\/www.ils-forschung.de\/en\/#\/schema\/person\/5a4e18575766674595b96b1fcb394571\"},\"headline\":\"ILS-Wissenschaftler Michael Kolocek auf der Podiumsdiskussion zum Projekt \u201eBude Inklusiv\u201c\",\"datePublished\":\"2025-11-12T12:44:20+00:00\",\"mainEntityOfPage\":{\"@id\":\"https:\/\/www.ils-forschung.de\/en\/2025\/11\/ils-wissenschaftler-michael-kolocek-auf-der-podiumsdiskussion-zum-projekt-bude-inklusiv-2\/\"},\"wordCount\":1174,\"image\":{\"@id\":\"https:\/\/www.ils-forschung.de\/en\/2025\/11\/ils-wissenschaftler-michael-kolocek-auf-der-podiumsdiskussion-zum-projekt-bude-inklusiv-2\/#primaryimage\"},\"thumbnailUrl\":\"https:\/\/www.ils-forschung.de\/wp-content\/uploads\/2025\/11\/kioske2.webp\",\"articleSection\":[\"Aktuelles\"],\"inLanguage\":\"en-US\"},{\"@type\":\"WebPage\",\"@id\":\"https:\/\/www.ils-forschung.de\/en\/2025\/11\/ils-wissenschaftler-michael-kolocek-auf-der-podiumsdiskussion-zum-projekt-bude-inklusiv-2\/\",\"url\":\"https:\/\/www.ils-forschung.de\/en\/2025\/11\/ils-wissenschaftler-michael-kolocek-auf-der-podiumsdiskussion-zum-projekt-bude-inklusiv-2\/\",\"name\":\"ILS-Wissenschaftler Michael Kolocek auf der Podiumsdiskussion zum Projekt \u201eBude Inklusiv\u201c - ILS - Institut f\u00fcr Landes- und Stadtentwicklungsforschung\",\"isPartOf\":{\"@id\":\"https:\/\/www.ils-forschung.de\/en\/#website\"},\"primaryImageOfPage\":{\"@id\":\"https:\/\/www.ils-forschung.de\/en\/2025\/11\/ils-wissenschaftler-michael-kolocek-auf-der-podiumsdiskussion-zum-projekt-bude-inklusiv-2\/#primaryimage\"},\"image\":{\"@id\":\"https:\/\/www.ils-forschung.de\/en\/2025\/11\/ils-wissenschaftler-michael-kolocek-auf-der-podiumsdiskussion-zum-projekt-bude-inklusiv-2\/#primaryimage\"},\"thumbnailUrl\":\"https:\/\/www.ils-forschung.de\/wp-content\/uploads\/2025\/11\/kioske2.webp\",\"datePublished\":\"2025-11-12T12:44:20+00:00\",\"author\":{\"@id\":\"https:\/\/www.ils-forschung.de\/en\/#\/schema\/person\/5a4e18575766674595b96b1fcb394571\"},\"breadcrumb\":{\"@id\":\"https:\/\/www.ils-forschung.de\/en\/2025\/11\/ils-wissenschaftler-michael-kolocek-auf-der-podiumsdiskussion-zum-projekt-bude-inklusiv-2\/#breadcrumb\"},\"inLanguage\":\"en-US\",\"potentialAction\":[{\"@type\":\"ReadAction\",\"target\":[\"https:\/\/www.ils-forschung.de\/en\/2025\/11\/ils-wissenschaftler-michael-kolocek-auf-der-podiumsdiskussion-zum-projekt-bude-inklusiv-2\/\"]}]},{\"@type\":\"ImageObject\",\"inLanguage\":\"en-US\",\"@id\":\"https:\/\/www.ils-forschung.de\/en\/2025\/11\/ils-wissenschaftler-michael-kolocek-auf-der-podiumsdiskussion-zum-projekt-bude-inklusiv-2\/#primaryimage\",\"url\":\"https:\/\/www.ils-forschung.de\/wp-content\/uploads\/2025\/11\/kioske2.webp\",\"contentUrl\":\"https:\/\/www.ils-forschung.de\/wp-content\/uploads\/2025\/11\/kioske2.webp\",\"width\":1000,\"height\":751},{\"@type\":\"BreadcrumbList\",\"@id\":\"https:\/\/www.ils-forschung.de\/en\/2025\/11\/ils-wissenschaftler-michael-kolocek-auf-der-podiumsdiskussion-zum-projekt-bude-inklusiv-2\/#breadcrumb\",\"itemListElement\":[{\"@type\":\"ListItem\",\"position\":1,\"name\":\"Home\",\"item\":\"https:\/\/www.ils-forschung.de\/en\/\"},{\"@type\":\"ListItem\",\"position\":2,\"name\":\"ILS-Wissenschaftler Michael Kolocek auf der Podiumsdiskussion zum Projekt \u201eBude Inklusiv\u201c\"}]},{\"@type\":\"WebSite\",\"@id\":\"https:\/\/www.ils-forschung.de\/en\/#website\",\"url\":\"https:\/\/www.ils-forschung.de\/en\/\",\"name\":\"ILS - Institut f\u00fcr Landes- und Stadtentwicklungsforschung\",\"description\":\"Das ILS \u2013 Institut f\u00fcr Landes- und Stadtentwicklungsforschung ist ein raumwissenschaftliches au\u00dferuniversit\u00e4res Forschungsinstitut mit Sitz in Dortmund.\",\"potentialAction\":[{\"@type\":\"SearchAction\",\"target\":{\"@type\":\"EntryPoint\",\"urlTemplate\":\"https:\/\/www.ils-forschung.de\/en\/?s={search_term_string}\"},\"query-input\":{\"@type\":\"PropertyValueSpecification\",\"valueRequired\":true,\"valueName\":\"search_term_string\"}}],\"inLanguage\":\"en-US\"},{\"@type\":\"Person\",\"@id\":\"https:\/\/www.ils-forschung.de\/en\/#\/schema\/person\/5a4e18575766674595b96b1fcb394571\",\"name\":\"ils-admin\",\"url\":\"https:\/\/www.ils-forschung.de\/en\/author\/ils-admin\/\"}]}<\/script>\n<!-- \/ Yoast SEO plugin. -->","yoast_head_json":{"title":"ILS-Wissenschaftler Michael Kolocek auf der Podiumsdiskussion zum Projekt \u201eBude Inklusiv\u201c - ILS - Institut f\u00fcr Landes- und Stadtentwicklungsforschung","robots":{"index":"index","follow":"follow","max-snippet":"max-snippet:-1","max-image-preview":"max-image-preview:large","max-video-preview":"max-video-preview:-1"},"canonical":"https:\/\/www.ils-forschung.de\/en\/2025\/11\/ils-wissenschaftler-michael-kolocek-auf-der-podiumsdiskussion-zum-projekt-bude-inklusiv-2\/","og_locale":"en_US","og_type":"article","og_title":"ILS-Wissenschaftler Michael Kolocek auf der Podiumsdiskussion zum Projekt \u201eBude Inklusiv\u201c - ILS - Institut f\u00fcr Landes- und Stadtentwicklungsforschung","og_url":"https:\/\/www.ils-forschung.de\/en\/2025\/11\/ils-wissenschaftler-michael-kolocek-auf-der-podiumsdiskussion-zum-projekt-bude-inklusiv-2\/","og_site_name":"ILS - Institut f\u00fcr Landes- und Stadtentwicklungsforschung","article_published_time":"2025-11-12T12:44:20+00:00","og_image":[{"width":1200,"height":630,"url":"https:\/\/www.ils-forschung.de\/wp-content\/uploads\/2023\/04\/ils-social-share-logo.jpg","type":"image\/jpeg"}],"author":"ils-admin","twitter_card":"summary_large_image","twitter_creator":"@ILS_forschung","twitter_site":"@ILS_forschung","twitter_misc":{"Written by":"ils-admin","Est. reading time":"6 minutes"},"schema":{"@context":"https:\/\/schema.org","@graph":[{"@type":"Article","@id":"https:\/\/www.ils-forschung.de\/en\/2025\/11\/ils-wissenschaftler-michael-kolocek-auf-der-podiumsdiskussion-zum-projekt-bude-inklusiv-2\/#article","isPartOf":{"@id":"https:\/\/www.ils-forschung.de\/en\/2025\/11\/ils-wissenschaftler-michael-kolocek-auf-der-podiumsdiskussion-zum-projekt-bude-inklusiv-2\/"},"author":{"name":"ils-admin","@id":"https:\/\/www.ils-forschung.de\/en\/#\/schema\/person\/5a4e18575766674595b96b1fcb394571"},"headline":"ILS-Wissenschaftler Michael Kolocek auf der Podiumsdiskussion zum Projekt \u201eBude Inklusiv\u201c","datePublished":"2025-11-12T12:44:20+00:00","mainEntityOfPage":{"@id":"https:\/\/www.ils-forschung.de\/en\/2025\/11\/ils-wissenschaftler-michael-kolocek-auf-der-podiumsdiskussion-zum-projekt-bude-inklusiv-2\/"},"wordCount":1174,"image":{"@id":"https:\/\/www.ils-forschung.de\/en\/2025\/11\/ils-wissenschaftler-michael-kolocek-auf-der-podiumsdiskussion-zum-projekt-bude-inklusiv-2\/#primaryimage"},"thumbnailUrl":"https:\/\/www.ils-forschung.de\/wp-content\/uploads\/2025\/11\/kioske2.webp","articleSection":["Aktuelles"],"inLanguage":"en-US"},{"@type":"WebPage","@id":"https:\/\/www.ils-forschung.de\/en\/2025\/11\/ils-wissenschaftler-michael-kolocek-auf-der-podiumsdiskussion-zum-projekt-bude-inklusiv-2\/","url":"https:\/\/www.ils-forschung.de\/en\/2025\/11\/ils-wissenschaftler-michael-kolocek-auf-der-podiumsdiskussion-zum-projekt-bude-inklusiv-2\/","name":"ILS-Wissenschaftler Michael Kolocek auf der Podiumsdiskussion zum Projekt \u201eBude Inklusiv\u201c - ILS - Institut f\u00fcr Landes- und Stadtentwicklungsforschung","isPartOf":{"@id":"https:\/\/www.ils-forschung.de\/en\/#website"},"primaryImageOfPage":{"@id":"https:\/\/www.ils-forschung.de\/en\/2025\/11\/ils-wissenschaftler-michael-kolocek-auf-der-podiumsdiskussion-zum-projekt-bude-inklusiv-2\/#primaryimage"},"image":{"@id":"https:\/\/www.ils-forschung.de\/en\/2025\/11\/ils-wissenschaftler-michael-kolocek-auf-der-podiumsdiskussion-zum-projekt-bude-inklusiv-2\/#primaryimage"},"thumbnailUrl":"https:\/\/www.ils-forschung.de\/wp-content\/uploads\/2025\/11\/kioske2.webp","datePublished":"2025-11-12T12:44:20+00:00","author":{"@id":"https:\/\/www.ils-forschung.de\/en\/#\/schema\/person\/5a4e18575766674595b96b1fcb394571"},"breadcrumb":{"@id":"https:\/\/www.ils-forschung.de\/en\/2025\/11\/ils-wissenschaftler-michael-kolocek-auf-der-podiumsdiskussion-zum-projekt-bude-inklusiv-2\/#breadcrumb"},"inLanguage":"en-US","potentialAction":[{"@type":"ReadAction","target":["https:\/\/www.ils-forschung.de\/en\/2025\/11\/ils-wissenschaftler-michael-kolocek-auf-der-podiumsdiskussion-zum-projekt-bude-inklusiv-2\/"]}]},{"@type":"ImageObject","inLanguage":"en-US","@id":"https:\/\/www.ils-forschung.de\/en\/2025\/11\/ils-wissenschaftler-michael-kolocek-auf-der-podiumsdiskussion-zum-projekt-bude-inklusiv-2\/#primaryimage","url":"https:\/\/www.ils-forschung.de\/wp-content\/uploads\/2025\/11\/kioske2.webp","contentUrl":"https:\/\/www.ils-forschung.de\/wp-content\/uploads\/2025\/11\/kioske2.webp","width":1000,"height":751},{"@type":"BreadcrumbList","@id":"https:\/\/www.ils-forschung.de\/en\/2025\/11\/ils-wissenschaftler-michael-kolocek-auf-der-podiumsdiskussion-zum-projekt-bude-inklusiv-2\/#breadcrumb","itemListElement":[{"@type":"ListItem","position":1,"name":"Home","item":"https:\/\/www.ils-forschung.de\/en\/"},{"@type":"ListItem","position":2,"name":"ILS-Wissenschaftler Michael Kolocek auf der Podiumsdiskussion zum Projekt \u201eBude Inklusiv\u201c"}]},{"@type":"WebSite","@id":"https:\/\/www.ils-forschung.de\/en\/#website","url":"https:\/\/www.ils-forschung.de\/en\/","name":"ILS - Institut f\u00fcr Landes- und Stadtentwicklungsforschung","description":"Das ILS \u2013 Institut f\u00fcr Landes- und Stadtentwicklungsforschung ist ein raumwissenschaftliches au\u00dferuniversit\u00e4res Forschungsinstitut mit Sitz in Dortmund.","potentialAction":[{"@type":"SearchAction","target":{"@type":"EntryPoint","urlTemplate":"https:\/\/www.ils-forschung.de\/en\/?s={search_term_string}"},"query-input":{"@type":"PropertyValueSpecification","valueRequired":true,"valueName":"search_term_string"}}],"inLanguage":"en-US"},{"@type":"Person","@id":"https:\/\/www.ils-forschung.de\/en\/#\/schema\/person\/5a4e18575766674595b96b1fcb394571","name":"ils-admin","url":"https:\/\/www.ils-forschung.de\/en\/author\/ils-admin\/"}]}},"cc_featured_image_caption":{"caption_text":"\u00a9 Yi-Jhen Wu und Alexander R\u00f6hm (Projekt \u201eBude Inklusiv\u201c 2025)","source_text":"","source_url":""},"_links":{"self":[{"href":"https:\/\/www.ils-forschung.de\/en\/wp-json\/wp\/v2\/posts\/52646","targetHints":{"allow":["GET"]}}],"collection":[{"href":"https:\/\/www.ils-forschung.de\/en\/wp-json\/wp\/v2\/posts"}],"about":[{"href":"https:\/\/www.ils-forschung.de\/en\/wp-json\/wp\/v2\/types\/post"}],"author":[{"embeddable":true,"href":"https:\/\/www.ils-forschung.de\/en\/wp-json\/wp\/v2\/users\/14"}],"replies":[{"embeddable":true,"href":"https:\/\/www.ils-forschung.de\/en\/wp-json\/wp\/v2\/comments?post=52646"}],"version-history":[{"count":0,"href":"https:\/\/www.ils-forschung.de\/en\/wp-json\/wp\/v2\/posts\/52646\/revisions"}],"wp:featuredmedia":[{"embeddable":true,"href":"https:\/\/www.ils-forschung.de\/en\/wp-json\/wp\/v2\/media\/52639"}],"wp:attachment":[{"href":"https:\/\/www.ils-forschung.de\/en\/wp-json\/wp\/v2\/media?parent=52646"}],"wp:term":[{"taxonomy":"category","embeddable":true,"href":"https:\/\/www.ils-forschung.de\/en\/wp-json\/wp\/v2\/categories?post=52646"},{"taxonomy":"post_tag","embeddable":true,"href":"https:\/\/www.ils-forschung.de\/en\/wp-json\/wp\/v2\/tags?post=52646"}],"curies":[{"name":"wp","href":"https:\/\/api.w.org\/{rel}","templated":true}]}}