{"id":52607,"date":"2025-11-11T09:07:55","date_gmt":"2025-11-11T08:07:55","guid":{"rendered":"https:\/\/www.ils-forschung.de\/2025\/11\/kommunen-gestalten-den-strukturwandel-erfahrungsaustausch-zu-strategien-und-projekten\/"},"modified":"2025-11-12T13:16:49","modified_gmt":"2025-11-12T12:16:49","slug":"kommunen-gestalten-den-strukturwandel-erfahrungsaustausch-zu-strategien-und-projekten","status":"publish","type":"post","link":"https:\/\/www.ils-forschung.de\/en\/2025\/11\/kommunen-gestalten-den-strukturwandel-erfahrungsaustausch-zu-strategien-und-projekten\/","title":{"rendered":"Kommunen gestalten den Strukturwandel \u2013 Erfahrungsaustausch zu Strategien und Projekten"},"content":{"rendered":"<div class=\"fusion-fullwidth fullwidth-box fusion-builder-row-1 fusion-flex-container has-pattern-background has-mask-background nonhundred-percent-fullwidth non-hundred-percent-height-scrolling\" style=\"--awb-border-radius-top-left:0px;--awb-border-radius-top-right:0px;--awb-border-radius-bottom-right:0px;--awb-border-radius-bottom-left:0px;--awb-flex-wrap:wrap;\" ><div class=\"fusion-builder-row fusion-row fusion-flex-align-items-flex-start fusion-flex-content-wrap\" style=\"max-width:1144px;margin-left: calc(-4% \/ 2 );margin-right: calc(-4% \/ 2 );\"><div class=\"fusion-layout-column fusion_builder_column fusion-builder-column-0 fusion_builder_column_1_1 1_1 fusion-flex-column\" style=\"--awb-bg-size:cover;--awb-width-large:100%;--awb-margin-top-large:0px;--awb-spacing-right-large:1.92%;--awb-margin-bottom-large:20px;--awb-spacing-left-large:1.92%;--awb-width-medium:100%;--awb-order-medium:0;--awb-spacing-right-medium:1.92%;--awb-spacing-left-medium:1.92%;--awb-width-small:100%;--awb-order-small:0;--awb-spacing-right-small:1.92%;--awb-spacing-left-small:1.92%;\"><div class=\"fusion-column-wrapper fusion-column-has-shadow fusion-flex-justify-content-flex-start fusion-content-layout-column\"><div class=\"fusion-text fusion-text-1\"><p>Wie k\u00f6nnen Kommunen in den Braunkohleregionen bei der Entwicklung und Umsetzung von Strategien im Strukturwandel wirksam unterst\u00fctzt werden? Antworten auf diese Frage gab das Kompetenz:revier \u201eKommunen gestalten den Strukturwandel\u201c im Oktober in Halle (Saale). Das Kompetenzzentrum Regionalentwicklung (KRE) brachte in dem Praxisformat Kommunen, Wissenschaft und Politik aus den Revieren zusammen.<\/p>\n<p>Ein Schwerpunkt der Veranstaltung lag auf der erfolgreichen kommunalen Arbeit durch fach\u00fcbergreifende Zusammenarbeit. ILS-Wissenschaftler <a href=\"https:\/\/www.ils-forschung.de\/das-ils\/beschaeftigte\/stroms-van-der-vlugt-peter\/\">Peter Stroms-van der Vlugt<\/a> stellte dabei den nordrhein-westf\u00e4lischen Ansatz der REGIONALEn vor. Dabei ging es unter anderem darum, wie ausgehend von der Bewerbung f\u00fcr das Format eine gemeinsame regionale Strategie entwickelt werden kann, die dann wiederrum zu erfolgreichen, gemeinsamen Projekten f\u00fchrt. Stroms-van der Vlugt f\u00fchrte aus, wie so Prozess- und Projektinnovationen entstehen k\u00f6nnen, von denen die Region profitiert.<\/p>\n<\/div><div class=\"fusion-builder-row fusion-builder-row-inner fusion-row fusion-flex-align-items-flex-start fusion-flex-content-wrap\" style=\"width:104% !important;max-width:104% !important;margin-left: calc(-4% \/ 2 );margin-right: calc(-4% \/ 2 );\"><div class=\"fusion-layout-column fusion_builder_column_inner fusion-builder-nested-column-0 fusion_builder_column_inner_1_2 1_2 fusion-flex-column\" style=\"--awb-bg-size:cover;--awb-width-large:50%;--awb-margin-top-large:0px;--awb-spacing-right-large:3.84%;--awb-margin-bottom-large:20px;--awb-spacing-left-large:3.84%;--awb-width-medium:100%;--awb-order-medium:0;--awb-spacing-right-medium:1.92%;--awb-spacing-left-medium:1.92%;--awb-width-small:100%;--awb-order-small:0;--awb-spacing-right-small:1.92%;--awb-spacing-left-small:1.92%;\"><div class=\"fusion-column-wrapper fusion-column-has-shadow fusion-flex-justify-content-flex-start fusion-content-layout-column\"><div class=\"fusion-image-element \" style=\"--awb-caption-title-font-family:var(--h2_typography-font-family);--awb-caption-title-font-weight:var(--h2_typography-font-weight);--awb-caption-title-font-style:var(--h2_typography-font-style);--awb-caption-title-size:var(--h2_typography-font-size);--awb-caption-title-transform:var(--h2_typography-text-transform);--awb-caption-title-line-height:var(--h2_typography-line-height);--awb-caption-title-letter-spacing:var(--h2_typography-letter-spacing);\"><span class=\" fusion-imageframe imageframe-none imageframe-1 hover-type-none\"><img decoding=\"async\" width=\"1000\" height=\"667\" title=\"251015_bundesfoto_B.Lammel_776\" src=\"https:\/\/www.ils-forschung.de\/wp-content\/uploads\/2025\/11\/251015-bundesfoto-blammel-776.webp\" alt class=\"img-responsive wp-image-52622\" srcset=\"https:\/\/www.ils-forschung.de\/wp-content\/uploads\/2025\/11\/251015-bundesfoto-blammel-776-200x133.webp 200w, https:\/\/www.ils-forschung.de\/wp-content\/uploads\/2025\/11\/251015-bundesfoto-blammel-776-400x267.webp 400w, https:\/\/www.ils-forschung.de\/wp-content\/uploads\/2025\/11\/251015-bundesfoto-blammel-776-600x400.webp 600w, https:\/\/www.ils-forschung.de\/wp-content\/uploads\/2025\/11\/251015-bundesfoto-blammel-776-800x534.webp 800w, https:\/\/www.ils-forschung.de\/wp-content\/uploads\/2025\/11\/251015-bundesfoto-blammel-776.webp 1000w\" sizes=\"(max-width: 1125px) 100vw, (max-width: 765px) 100vw, 600px\" \/><\/span><\/div><div class=\"fusion-text fusion-text-2\" style=\"--awb-font-size:13px;\"><p>ILS-Wissenschaftler Peter Stroms-van der Vlugt (2. von links) bei der Veranstaltung \u201eKommunen gestalten den Strukturwandel\u201c \u00a9 bundesfoto\/Bernd Lammel<\/p>\n<\/div><\/div><\/div><div class=\"fusion-layout-column fusion_builder_column_inner fusion-builder-nested-column-1 fusion_builder_column_inner_1_2 1_2 fusion-flex-column\" style=\"--awb-bg-size:cover;--awb-width-large:50%;--awb-margin-top-large:0px;--awb-spacing-right-large:3.84%;--awb-margin-bottom-large:20px;--awb-spacing-left-large:3.84%;--awb-width-medium:100%;--awb-order-medium:0;--awb-spacing-right-medium:1.92%;--awb-spacing-left-medium:1.92%;--awb-width-small:100%;--awb-order-small:0;--awb-spacing-right-small:1.92%;--awb-spacing-left-small:1.92%;\"><div class=\"fusion-column-wrapper fusion-column-has-shadow fusion-flex-justify-content-flex-start fusion-content-layout-column\"><\/div><\/div><\/div><div class=\"fusion-text fusion-text-3\"><p><em>Das BBSR berichtet ausf\u00fchrlich zur Veranstaltung. Zur <\/em><a href=\"https:\/\/www.bbsr.bund.de\/BBSR\/DE\/forschung\/kohleregionen\/topmeldungen\/2025\/kr-kommunen.html\"><em>Meldung. <\/em><\/a><\/p>\n<p><em>Der strategische Ansatz der REGIONALE wird im ILS-TRENDS 02\/25 \u201e<\/em><a href=\"https:\/\/www.ils-forschung.de\/wissenstransfer\/ils-publikationen\/ils-trends\/?id=816\"><em>Die REGIONALE \u2013 Regionalentwicklung made in NRW<\/em><\/a><em>\u201c n\u00e4her vorgestellt. <\/em><\/p>\n<\/div><\/div><\/div><\/div><\/div>\n","protected":false},"excerpt":{"rendered":"","protected":false},"author":14,"featured_media":52622,"comment_status":"closed","ping_status":"closed","sticky":false,"template":"","format":"standard","meta":{"footnotes":""},"categories":[10],"tags":[],"class_list":["post-52607","post","type-post","status-publish","format-standard","has-post-thumbnail","hentry","category-uncategorized"],"yoast_head":"<!-- This site is optimized with the Yoast SEO plugin v27.1.1 - https:\/\/yoast.com\/product\/yoast-seo-wordpress\/ -->\n<title>Kommunen gestalten den Strukturwandel \u2013 Erfahrungsaustausch zu Strategien und Projekten - ILS - Institut f\u00fcr Landes- und Stadtentwicklungsforschung<\/title>\n<meta name=\"robots\" content=\"index, follow, max-snippet:-1, max-image-preview:large, max-video-preview:-1\" \/>\n<link rel=\"canonical\" href=\"https:\/\/www.ils-forschung.de\/en\/2025\/11\/kommunen-gestalten-den-strukturwandel-erfahrungsaustausch-zu-strategien-und-projekten\/\" \/>\n<meta property=\"og:locale\" content=\"en_US\" \/>\n<meta property=\"og:type\" content=\"article\" \/>\n<meta property=\"og:title\" content=\"Kommunen gestalten den Strukturwandel \u2013 Erfahrungsaustausch zu Strategien und Projekten - ILS - Institut f\u00fcr Landes- und Stadtentwicklungsforschung\" \/>\n<meta property=\"og:url\" content=\"https:\/\/www.ils-forschung.de\/en\/2025\/11\/kommunen-gestalten-den-strukturwandel-erfahrungsaustausch-zu-strategien-und-projekten\/\" \/>\n<meta property=\"og:site_name\" content=\"ILS - Institut f\u00fcr Landes- und Stadtentwicklungsforschung\" \/>\n<meta property=\"article:published_time\" content=\"2025-11-11T08:07:55+00:00\" \/>\n<meta property=\"article:modified_time\" content=\"2025-11-12T12:16:49+00:00\" \/>\n<meta property=\"og:image\" content=\"https:\/\/www.ils-forschung.de\/wp-content\/uploads\/2025\/11\/251015-bundesfoto-blammel-776.webp\" \/>\n\t<meta property=\"og:image:width\" content=\"1000\" \/>\n\t<meta property=\"og:image:height\" content=\"667\" \/>\n\t<meta property=\"og:image:type\" content=\"image\/webp\" \/>\n<meta name=\"author\" content=\"ils-admin\" \/>\n<meta name=\"twitter:card\" content=\"summary_large_image\" \/>\n<meta name=\"twitter:title\" content=\"Kommunen gestalten den Strukturwandel \u2013 Erfahrungsaustausch zu Strategien und Projekten\" \/>\n<meta name=\"twitter:description\" content=\"Kompetenz:revier \u201eKommunen gestalten den Strukturwandel\u201c im Oktober in Halle (Saale). Das Kompetenzzentrum Regionalentwicklung (KRE) brachte in dem Praxisformat Kommunen, Wissenschaft und Politik aus den Revieren zusammen. Ein Schwerpunkt der Veranstaltung lag auf der erfolgreichen kommunalen Arbeit durch fach\u00fcbergreifende Zusammenarbeit. ILS-Wissenschaftler Peter Stroms-van der Vlugt stellte dabei den nordrhein-westf\u00e4lischen Ansatz der REGIONALEn vor. Dabei ging es unter anderem darum, wie ausgehend von der Bewerbung f\u00fcr das Format eine gemeinsame regionale Strategie entwickelt werden kann, die dann wiederrum zu erfolgreichen, gemeinsamen Projekten f\u00fchrt. Stroms-van der Vlugt f\u00fchrte aus, wie so Prozess- und Projektinnovationen entstehen k\u00f6nnen, von denen die Region profitiert.\" \/>\n<meta name=\"twitter:creator\" content=\"@ILS_forschung\" \/>\n<meta name=\"twitter:site\" content=\"@ILS_forschung\" \/>\n<meta name=\"twitter:label1\" content=\"Written by\" \/>\n\t<meta name=\"twitter:data1\" content=\"ils-admin\" \/>\n\t<meta name=\"twitter:label2\" content=\"Est. reading time\" \/>\n\t<meta name=\"twitter:data2\" content=\"2 minutes\" \/>\n<script type=\"application\/ld+json\" class=\"yoast-schema-graph\">{\"@context\":\"https:\/\/schema.org\",\"@graph\":[{\"@type\":\"Article\",\"@id\":\"https:\/\/www.ils-forschung.de\/en\/2025\/11\/kommunen-gestalten-den-strukturwandel-erfahrungsaustausch-zu-strategien-und-projekten\/#article\",\"isPartOf\":{\"@id\":\"https:\/\/www.ils-forschung.de\/en\/2025\/11\/kommunen-gestalten-den-strukturwandel-erfahrungsaustausch-zu-strategien-und-projekten\/\"},\"author\":{\"name\":\"ils-admin\",\"@id\":\"https:\/\/www.ils-forschung.de\/en\/#\/schema\/person\/5a4e18575766674595b96b1fcb394571\"},\"headline\":\"Kommunen gestalten den Strukturwandel \u2013 Erfahrungsaustausch zu Strategien und Projekten\",\"datePublished\":\"2025-11-11T08:07:55+00:00\",\"dateModified\":\"2025-11-12T12:16:49+00:00\",\"mainEntityOfPage\":{\"@id\":\"https:\/\/www.ils-forschung.de\/en\/2025\/11\/kommunen-gestalten-den-strukturwandel-erfahrungsaustausch-zu-strategien-und-projekten\/\"},\"wordCount\":2756,\"image\":{\"@id\":\"https:\/\/www.ils-forschung.de\/en\/2025\/11\/kommunen-gestalten-den-strukturwandel-erfahrungsaustausch-zu-strategien-und-projekten\/#primaryimage\"},\"thumbnailUrl\":\"https:\/\/www.ils-forschung.de\/wp-content\/uploads\/2025\/11\/251015-bundesfoto-blammel-776.webp\",\"inLanguage\":\"en-US\"},{\"@type\":\"WebPage\",\"@id\":\"https:\/\/www.ils-forschung.de\/en\/2025\/11\/kommunen-gestalten-den-strukturwandel-erfahrungsaustausch-zu-strategien-und-projekten\/\",\"url\":\"https:\/\/www.ils-forschung.de\/en\/2025\/11\/kommunen-gestalten-den-strukturwandel-erfahrungsaustausch-zu-strategien-und-projekten\/\",\"name\":\"Kommunen gestalten den Strukturwandel \u2013 Erfahrungsaustausch zu Strategien und Projekten - ILS - Institut f\u00fcr Landes- und Stadtentwicklungsforschung\",\"isPartOf\":{\"@id\":\"https:\/\/www.ils-forschung.de\/en\/#website\"},\"primaryImageOfPage\":{\"@id\":\"https:\/\/www.ils-forschung.de\/en\/2025\/11\/kommunen-gestalten-den-strukturwandel-erfahrungsaustausch-zu-strategien-und-projekten\/#primaryimage\"},\"image\":{\"@id\":\"https:\/\/www.ils-forschung.de\/en\/2025\/11\/kommunen-gestalten-den-strukturwandel-erfahrungsaustausch-zu-strategien-und-projekten\/#primaryimage\"},\"thumbnailUrl\":\"https:\/\/www.ils-forschung.de\/wp-content\/uploads\/2025\/11\/251015-bundesfoto-blammel-776.webp\",\"datePublished\":\"2025-11-11T08:07:55+00:00\",\"dateModified\":\"2025-11-12T12:16:49+00:00\",\"author\":{\"@id\":\"https:\/\/www.ils-forschung.de\/en\/#\/schema\/person\/5a4e18575766674595b96b1fcb394571\"},\"breadcrumb\":{\"@id\":\"https:\/\/www.ils-forschung.de\/en\/2025\/11\/kommunen-gestalten-den-strukturwandel-erfahrungsaustausch-zu-strategien-und-projekten\/#breadcrumb\"},\"inLanguage\":\"en-US\",\"potentialAction\":[{\"@type\":\"ReadAction\",\"target\":[\"https:\/\/www.ils-forschung.de\/en\/2025\/11\/kommunen-gestalten-den-strukturwandel-erfahrungsaustausch-zu-strategien-und-projekten\/\"]}]},{\"@type\":\"ImageObject\",\"inLanguage\":\"en-US\",\"@id\":\"https:\/\/www.ils-forschung.de\/en\/2025\/11\/kommunen-gestalten-den-strukturwandel-erfahrungsaustausch-zu-strategien-und-projekten\/#primaryimage\",\"url\":\"https:\/\/www.ils-forschung.de\/wp-content\/uploads\/2025\/11\/251015-bundesfoto-blammel-776.webp\",\"contentUrl\":\"https:\/\/www.ils-forschung.de\/wp-content\/uploads\/2025\/11\/251015-bundesfoto-blammel-776.webp\",\"width\":1000,\"height\":667},{\"@type\":\"BreadcrumbList\",\"@id\":\"https:\/\/www.ils-forschung.de\/en\/2025\/11\/kommunen-gestalten-den-strukturwandel-erfahrungsaustausch-zu-strategien-und-projekten\/#breadcrumb\",\"itemListElement\":[{\"@type\":\"ListItem\",\"position\":1,\"name\":\"Home\",\"item\":\"https:\/\/www.ils-forschung.de\/en\/\"},{\"@type\":\"ListItem\",\"position\":2,\"name\":\"Kommunen gestalten den Strukturwandel \u2013 Erfahrungsaustausch zu Strategien und Projekten\"}]},{\"@type\":\"WebSite\",\"@id\":\"https:\/\/www.ils-forschung.de\/en\/#website\",\"url\":\"https:\/\/www.ils-forschung.de\/en\/\",\"name\":\"ILS - Institut f\u00fcr Landes- und Stadtentwicklungsforschung\",\"description\":\"Das ILS \u2013 Institut f\u00fcr Landes- und Stadtentwicklungsforschung ist ein raumwissenschaftliches au\u00dferuniversit\u00e4res Forschungsinstitut mit Sitz in Dortmund.\",\"potentialAction\":[{\"@type\":\"SearchAction\",\"target\":{\"@type\":\"EntryPoint\",\"urlTemplate\":\"https:\/\/www.ils-forschung.de\/en\/?s={search_term_string}\"},\"query-input\":{\"@type\":\"PropertyValueSpecification\",\"valueRequired\":true,\"valueName\":\"search_term_string\"}}],\"inLanguage\":\"en-US\"},{\"@type\":\"Person\",\"@id\":\"https:\/\/www.ils-forschung.de\/en\/#\/schema\/person\/5a4e18575766674595b96b1fcb394571\",\"name\":\"ils-admin\",\"url\":\"https:\/\/www.ils-forschung.de\/en\/author\/ils-admin\/\"}]}<\/script>\n<!-- \/ Yoast SEO plugin. -->","yoast_head_json":{"title":"Kommunen gestalten den Strukturwandel \u2013 Erfahrungsaustausch zu Strategien und Projekten - ILS - Institut f\u00fcr Landes- und Stadtentwicklungsforschung","robots":{"index":"index","follow":"follow","max-snippet":"max-snippet:-1","max-image-preview":"max-image-preview:large","max-video-preview":"max-video-preview:-1"},"canonical":"https:\/\/www.ils-forschung.de\/en\/2025\/11\/kommunen-gestalten-den-strukturwandel-erfahrungsaustausch-zu-strategien-und-projekten\/","og_locale":"en_US","og_type":"article","og_title":"Kommunen gestalten den Strukturwandel \u2013 Erfahrungsaustausch zu Strategien und Projekten - ILS - Institut f\u00fcr Landes- und Stadtentwicklungsforschung","og_url":"https:\/\/www.ils-forschung.de\/en\/2025\/11\/kommunen-gestalten-den-strukturwandel-erfahrungsaustausch-zu-strategien-und-projekten\/","og_site_name":"ILS - Institut f\u00fcr Landes- und Stadtentwicklungsforschung","article_published_time":"2025-11-11T08:07:55+00:00","article_modified_time":"2025-11-12T12:16:49+00:00","og_image":[{"width":1000,"height":667,"url":"https:\/\/www.ils-forschung.de\/wp-content\/uploads\/2025\/11\/251015-bundesfoto-blammel-776.webp","type":"image\/webp"}],"author":"ils-admin","twitter_card":"summary_large_image","twitter_title":"Kommunen gestalten den Strukturwandel \u2013 Erfahrungsaustausch zu Strategien und Projekten","twitter_description":"Kompetenz:revier \u201eKommunen gestalten den Strukturwandel\u201c im Oktober in Halle (Saale). Das Kompetenzzentrum Regionalentwicklung (KRE) brachte in dem Praxisformat Kommunen, Wissenschaft und Politik aus den Revieren zusammen. Ein Schwerpunkt der Veranstaltung lag auf der erfolgreichen kommunalen Arbeit durch fach\u00fcbergreifende Zusammenarbeit. ILS-Wissenschaftler Peter Stroms-van der Vlugt stellte dabei den nordrhein-westf\u00e4lischen Ansatz der REGIONALEn vor. Dabei ging es unter anderem darum, wie ausgehend von der Bewerbung f\u00fcr das Format eine gemeinsame regionale Strategie entwickelt werden kann, die dann wiederrum zu erfolgreichen, gemeinsamen Projekten f\u00fchrt. Stroms-van der Vlugt f\u00fchrte aus, wie so Prozess- und Projektinnovationen entstehen k\u00f6nnen, von denen die Region profitiert.","twitter_creator":"@ILS_forschung","twitter_site":"@ILS_forschung","twitter_misc":{"Written by":"ils-admin","Est. reading time":"2 minutes"},"schema":{"@context":"https:\/\/schema.org","@graph":[{"@type":"Article","@id":"https:\/\/www.ils-forschung.de\/en\/2025\/11\/kommunen-gestalten-den-strukturwandel-erfahrungsaustausch-zu-strategien-und-projekten\/#article","isPartOf":{"@id":"https:\/\/www.ils-forschung.de\/en\/2025\/11\/kommunen-gestalten-den-strukturwandel-erfahrungsaustausch-zu-strategien-und-projekten\/"},"author":{"name":"ils-admin","@id":"https:\/\/www.ils-forschung.de\/en\/#\/schema\/person\/5a4e18575766674595b96b1fcb394571"},"headline":"Kommunen gestalten den Strukturwandel \u2013 Erfahrungsaustausch zu Strategien und Projekten","datePublished":"2025-11-11T08:07:55+00:00","dateModified":"2025-11-12T12:16:49+00:00","mainEntityOfPage":{"@id":"https:\/\/www.ils-forschung.de\/en\/2025\/11\/kommunen-gestalten-den-strukturwandel-erfahrungsaustausch-zu-strategien-und-projekten\/"},"wordCount":2756,"image":{"@id":"https:\/\/www.ils-forschung.de\/en\/2025\/11\/kommunen-gestalten-den-strukturwandel-erfahrungsaustausch-zu-strategien-und-projekten\/#primaryimage"},"thumbnailUrl":"https:\/\/www.ils-forschung.de\/wp-content\/uploads\/2025\/11\/251015-bundesfoto-blammel-776.webp","inLanguage":"en-US"},{"@type":"WebPage","@id":"https:\/\/www.ils-forschung.de\/en\/2025\/11\/kommunen-gestalten-den-strukturwandel-erfahrungsaustausch-zu-strategien-und-projekten\/","url":"https:\/\/www.ils-forschung.de\/en\/2025\/11\/kommunen-gestalten-den-strukturwandel-erfahrungsaustausch-zu-strategien-und-projekten\/","name":"Kommunen gestalten den Strukturwandel \u2013 Erfahrungsaustausch zu Strategien und Projekten - ILS - Institut f\u00fcr Landes- und Stadtentwicklungsforschung","isPartOf":{"@id":"https:\/\/www.ils-forschung.de\/en\/#website"},"primaryImageOfPage":{"@id":"https:\/\/www.ils-forschung.de\/en\/2025\/11\/kommunen-gestalten-den-strukturwandel-erfahrungsaustausch-zu-strategien-und-projekten\/#primaryimage"},"image":{"@id":"https:\/\/www.ils-forschung.de\/en\/2025\/11\/kommunen-gestalten-den-strukturwandel-erfahrungsaustausch-zu-strategien-und-projekten\/#primaryimage"},"thumbnailUrl":"https:\/\/www.ils-forschung.de\/wp-content\/uploads\/2025\/11\/251015-bundesfoto-blammel-776.webp","datePublished":"2025-11-11T08:07:55+00:00","dateModified":"2025-11-12T12:16:49+00:00","author":{"@id":"https:\/\/www.ils-forschung.de\/en\/#\/schema\/person\/5a4e18575766674595b96b1fcb394571"},"breadcrumb":{"@id":"https:\/\/www.ils-forschung.de\/en\/2025\/11\/kommunen-gestalten-den-strukturwandel-erfahrungsaustausch-zu-strategien-und-projekten\/#breadcrumb"},"inLanguage":"en-US","potentialAction":[{"@type":"ReadAction","target":["https:\/\/www.ils-forschung.de\/en\/2025\/11\/kommunen-gestalten-den-strukturwandel-erfahrungsaustausch-zu-strategien-und-projekten\/"]}]},{"@type":"ImageObject","inLanguage":"en-US","@id":"https:\/\/www.ils-forschung.de\/en\/2025\/11\/kommunen-gestalten-den-strukturwandel-erfahrungsaustausch-zu-strategien-und-projekten\/#primaryimage","url":"https:\/\/www.ils-forschung.de\/wp-content\/uploads\/2025\/11\/251015-bundesfoto-blammel-776.webp","contentUrl":"https:\/\/www.ils-forschung.de\/wp-content\/uploads\/2025\/11\/251015-bundesfoto-blammel-776.webp","width":1000,"height":667},{"@type":"BreadcrumbList","@id":"https:\/\/www.ils-forschung.de\/en\/2025\/11\/kommunen-gestalten-den-strukturwandel-erfahrungsaustausch-zu-strategien-und-projekten\/#breadcrumb","itemListElement":[{"@type":"ListItem","position":1,"name":"Home","item":"https:\/\/www.ils-forschung.de\/en\/"},{"@type":"ListItem","position":2,"name":"Kommunen gestalten den Strukturwandel \u2013 Erfahrungsaustausch zu Strategien und Projekten"}]},{"@type":"WebSite","@id":"https:\/\/www.ils-forschung.de\/en\/#website","url":"https:\/\/www.ils-forschung.de\/en\/","name":"ILS - Institut f\u00fcr Landes- und Stadtentwicklungsforschung","description":"Das ILS \u2013 Institut f\u00fcr Landes- und Stadtentwicklungsforschung ist ein raumwissenschaftliches au\u00dferuniversit\u00e4res Forschungsinstitut mit Sitz in Dortmund.","potentialAction":[{"@type":"SearchAction","target":{"@type":"EntryPoint","urlTemplate":"https:\/\/www.ils-forschung.de\/en\/?s={search_term_string}"},"query-input":{"@type":"PropertyValueSpecification","valueRequired":true,"valueName":"search_term_string"}}],"inLanguage":"en-US"},{"@type":"Person","@id":"https:\/\/www.ils-forschung.de\/en\/#\/schema\/person\/5a4e18575766674595b96b1fcb394571","name":"ils-admin","url":"https:\/\/www.ils-forschung.de\/en\/author\/ils-admin\/"}]}},"cc_featured_image_caption":{"caption_text":"","source_text":"","source_url":""},"_links":{"self":[{"href":"https:\/\/www.ils-forschung.de\/en\/wp-json\/wp\/v2\/posts\/52607","targetHints":{"allow":["GET"]}}],"collection":[{"href":"https:\/\/www.ils-forschung.de\/en\/wp-json\/wp\/v2\/posts"}],"about":[{"href":"https:\/\/www.ils-forschung.de\/en\/wp-json\/wp\/v2\/types\/post"}],"author":[{"embeddable":true,"href":"https:\/\/www.ils-forschung.de\/en\/wp-json\/wp\/v2\/users\/14"}],"replies":[{"embeddable":true,"href":"https:\/\/www.ils-forschung.de\/en\/wp-json\/wp\/v2\/comments?post=52607"}],"version-history":[{"count":7,"href":"https:\/\/www.ils-forschung.de\/en\/wp-json\/wp\/v2\/posts\/52607\/revisions"}],"predecessor-version":[{"id":52633,"href":"https:\/\/www.ils-forschung.de\/en\/wp-json\/wp\/v2\/posts\/52607\/revisions\/52633"}],"wp:featuredmedia":[{"embeddable":true,"href":"https:\/\/www.ils-forschung.de\/en\/wp-json\/wp\/v2\/media\/52622"}],"wp:attachment":[{"href":"https:\/\/www.ils-forschung.de\/en\/wp-json\/wp\/v2\/media?parent=52607"}],"wp:term":[{"taxonomy":"category","embeddable":true,"href":"https:\/\/www.ils-forschung.de\/en\/wp-json\/wp\/v2\/categories?post=52607"},{"taxonomy":"post_tag","embeddable":true,"href":"https:\/\/www.ils-forschung.de\/en\/wp-json\/wp\/v2\/tags?post=52607"}],"curies":[{"name":"wp","href":"https:\/\/api.w.org\/{rel}","templated":true}]}}