{"id":47802,"date":"2025-05-22T11:56:15","date_gmt":"2025-05-22T09:56:15","guid":{"rendered":"https:\/\/www.ils-forschung.de\/2025\/05\/aus-dem-moro-flaeche-lernen-flaechenansprueche-regional-steuern\/"},"modified":"2025-05-28T08:59:36","modified_gmt":"2025-05-28T06:59:36","slug":"aus-dem-moro-flaeche-lernen-flaechenansprueche-regional-steuern","status":"publish","type":"post","link":"https:\/\/www.ils-forschung.de\/en\/2025\/05\/aus-dem-moro-flaeche-lernen-flaechenansprueche-regional-steuern\/","title":{"rendered":"Aus dem MORO Fl\u00e4che lernen: Fl\u00e4chenanspr\u00fcche regional steuern"},"content":{"rendered":"<div class=\"fusion-fullwidth fullwidth-box fusion-builder-row-1 fusion-flex-container has-pattern-background has-mask-background nonhundred-percent-fullwidth non-hundred-percent-height-scrolling\" style=\"--awb-border-radius-top-left:0px;--awb-border-radius-top-right:0px;--awb-border-radius-bottom-right:0px;--awb-border-radius-bottom-left:0px;--awb-flex-wrap:wrap;\" ><div class=\"fusion-builder-row fusion-row fusion-flex-align-items-flex-start fusion-flex-content-wrap\" style=\"max-width:1144px;margin-left: calc(-4% \/ 2 );margin-right: calc(-4% \/ 2 );\"><div class=\"fusion-layout-column fusion_builder_column fusion-builder-column-0 fusion_builder_column_1_1 1_1 fusion-flex-column\" style=\"--awb-bg-size:cover;--awb-width-large:100%;--awb-margin-top-large:0px;--awb-spacing-right-large:1.92%;--awb-margin-bottom-large:20px;--awb-spacing-left-large:1.92%;--awb-width-medium:100%;--awb-order-medium:0;--awb-spacing-right-medium:1.92%;--awb-spacing-left-medium:1.92%;--awb-width-small:100%;--awb-order-small:0;--awb-spacing-right-small:1.92%;--awb-spacing-left-small:1.92%;\"><div class=\"fusion-column-wrapper fusion-column-has-shadow fusion-flex-justify-content-flex-start fusion-content-layout-column\"><div class=\"fusion-text fusion-text-1\"><p>Fl\u00e4chenanspr\u00fcche vs. Fl\u00e4chensparen: Die Regionalplanung steht vor der Herausforderung, Fl\u00e4chenanspr\u00fcche mit nachhaltiger Siedlungsentwicklung zu verbinden. Im Modellvorhaben der Raumordnung \u201eRegionale Steuerung der Siedlungs- und Freiraumentwicklung\u201c (<a href=\"https:\/\/moro-flaeche.de\/\">MORO Fl\u00e4che<\/a>) haben sieben Projekte unterschiedliche Ans\u00e4tze einer verbesserten Mengen- und Standortsteuerung der Siedlungs- und Freiraumentwicklung erprobt und weiterentwickelt. Die Bandbreite reicht von der Innenentwicklung und Nachverdichtung \u00fcber die Wohnbaulandentwicklung und Steuerung von Gewerbe und Logistik an geeignete Standorte bis hin zur Gr\u00fcndung regionaler Organisationsstrukturen zur Unterst\u00fctzung der kommunalen Ebene bei fl\u00e4chenrelevanten Aufgaben. Von den Erfahrungen k\u00f6nnen andere Kommunen lernen: Die Ergebnisse aus dem MORO Fl\u00e4che wurden am vergangenen Freitag unter anderem in einer Podiumsdiskussion durch die Beteiligten aus den Modellvorhaben den angereisten Vertreter*innen aus Planungspraxis, Wissenschaft und Verb\u00e4nden in Kassel vorgestellt.<\/p>\n<p>Prof. Dr. Axel Priebs, Pr\u00e4sident der ARL &#8211; Akademie f\u00fcr Raumentwicklung in der Leibniz-Gemeinschaft, blickte in seiner Keynote auf das Spannungsfeld vielf\u00e4ltiger Erwartungen, M\u00f6glichkeiten und Interessen der regionalen Planung rund um das Thema Fl\u00e4che.<\/p>\n<p>Inputs gab es von Expert*innen der F\u00f6rdermittelgeber (Bundesministerium f\u00fcr Wohnen, Stadtentwicklung und Bauwesen und Bundesinstitut f\u00fcr Bau-, Stadt- und Raumforschung) sowie der Forschungsinstitute Quaestio, ILS Research und dem vhw \u2013 Bundesverband f\u00fcr Wohnen und Stadtentwicklung.<\/p>\n<p>Bei der abschlie\u00dfenden Podiumsdiskussion sprachen Professor Priebs, Prof. Dr. Stefan Siedentop (TU Dortmund), Dr. Christoph Haller (Zweckverband Raum Kassel) und Antje Ko\u015fan (Regionalverband FrankfurtRheinMain) \u00fcber m\u00f6gliche Handlungsperspektiven, um Fl\u00e4chenanspr\u00fcche regional zu steuern.<\/p>\n<p>Ein Ergebnis der Veranstaltung: Die bestehenden regionalen Instrumente k\u00f6nnen dabei helfen, die Fl\u00e4chensteuerung nachhaltig zu gestalten. Daf\u00fcr m\u00fcssen sie jedoch politischen R\u00fcckenwind haben, konsequent angewendet und verst\u00e4rkt mit raumwirksamen Investitionen verkn\u00fcpft werden.<\/p>\n<p>Mehr zum Projekt finden Sie <a href=\"https:\/\/moro-flaeche.de\/\">hier<\/a>.<\/p>\n<p>Die Pr\u00e4sentation von Prof. Priebs (ARL) sowie die zentralen Inhalte seiner Keynote sind auf der <a href=\"https:\/\/www.arl-net.de\/de\/blog\/fl%C3%A4chenanspr%C3%BCche-regional-steuern\">Internetseite der ARL<\/a> verf\u00fcgbar.<\/p>\n<\/div><div class=\"fusion-builder-row fusion-builder-row-inner fusion-row fusion-flex-align-items-flex-start fusion-flex-content-wrap\" style=\"width:104% !important;max-width:104% !important;margin-left: calc(-4% \/ 2 );margin-right: calc(-4% \/ 2 );\"><div class=\"fusion-layout-column fusion_builder_column_inner fusion-builder-nested-column-0 fusion_builder_column_inner_1_2 1_2 fusion-flex-column\" style=\"--awb-bg-size:cover;--awb-width-large:50%;--awb-margin-top-large:0px;--awb-spacing-right-large:3.84%;--awb-margin-bottom-large:20px;--awb-spacing-left-large:3.84%;--awb-width-medium:100%;--awb-order-medium:0;--awb-spacing-right-medium:1.92%;--awb-spacing-left-medium:1.92%;--awb-width-small:100%;--awb-order-small:0;--awb-spacing-right-small:1.92%;--awb-spacing-left-small:1.92%;\"><div class=\"fusion-column-wrapper fusion-column-has-shadow fusion-flex-justify-content-flex-start fusion-content-layout-column\"><div class=\"fusion-image-element \" style=\"--awb-caption-title-font-family:var(--h2_typography-font-family);--awb-caption-title-font-weight:var(--h2_typography-font-weight);--awb-caption-title-font-style:var(--h2_typography-font-style);--awb-caption-title-size:var(--h2_typography-font-size);--awb-caption-title-transform:var(--h2_typography-text-transform);--awb-caption-title-line-height:var(--h2_typography-line-height);--awb-caption-title-letter-spacing:var(--h2_typography-letter-spacing);\"><span class=\" fusion-imageframe imageframe-none imageframe-1 hover-type-none\"><img decoding=\"async\" width=\"1024\" height=\"781\" alt=\"Keynote von Prof. Dr. Axel Priebs \u00a9 Christian H\u00f6cke\/vhw\" title=\"250516-abschluss-moro-flache-c-christian-hocke-vhw-1\" src=\"https:\/\/www.ils-forschung.de\/wp-content\/uploads\/2025\/05\/250516-abschluss-moro-flache-c-christian-hocke-vhw-1-1024x781.webp\" class=\"img-responsive wp-image-47790\" srcset=\"https:\/\/www.ils-forschung.de\/wp-content\/uploads\/2025\/05\/250516-abschluss-moro-flache-c-christian-hocke-vhw-1-200x153.webp 200w, https:\/\/www.ils-forschung.de\/wp-content\/uploads\/2025\/05\/250516-abschluss-moro-flache-c-christian-hocke-vhw-1-400x305.webp 400w, https:\/\/www.ils-forschung.de\/wp-content\/uploads\/2025\/05\/250516-abschluss-moro-flache-c-christian-hocke-vhw-1-600x458.webp 600w, https:\/\/www.ils-forschung.de\/wp-content\/uploads\/2025\/05\/250516-abschluss-moro-flache-c-christian-hocke-vhw-1-800x610.webp 800w, https:\/\/www.ils-forschung.de\/wp-content\/uploads\/2025\/05\/250516-abschluss-moro-flache-c-christian-hocke-vhw-1-1200x915.webp 1200w, https:\/\/www.ils-forschung.de\/wp-content\/uploads\/2025\/05\/250516-abschluss-moro-flache-c-christian-hocke-vhw-1.webp 1280w\" sizes=\"(max-width: 1125px) 100vw, (max-width: 765px) 100vw, 600px\" \/><\/span><\/div><div class=\"fusion-text fusion-text-2\" style=\"--awb-font-size:14px;\"><p>Keynote von Prof. Dr. Axel Priebs \u00a9 Christian H\u00f6cke\/vhw<\/p>\n<\/div><\/div><\/div><div class=\"fusion-layout-column fusion_builder_column_inner fusion-builder-nested-column-1 fusion_builder_column_inner_1_2 1_2 fusion-flex-column\" style=\"--awb-bg-size:cover;--awb-width-large:50%;--awb-margin-top-large:0px;--awb-spacing-right-large:3.84%;--awb-margin-bottom-large:20px;--awb-spacing-left-large:3.84%;--awb-width-medium:100%;--awb-order-medium:0;--awb-spacing-right-medium:1.92%;--awb-spacing-left-medium:1.92%;--awb-width-small:100%;--awb-order-small:0;--awb-spacing-right-small:1.92%;--awb-spacing-left-small:1.92%;\"><div class=\"fusion-column-wrapper fusion-column-has-shadow fusion-flex-justify-content-flex-start fusion-content-layout-column\"><div class=\"fusion-image-element \" style=\"--awb-caption-title-font-family:var(--h2_typography-font-family);--awb-caption-title-font-weight:var(--h2_typography-font-weight);--awb-caption-title-font-style:var(--h2_typography-font-style);--awb-caption-title-size:var(--h2_typography-font-size);--awb-caption-title-transform:var(--h2_typography-text-transform);--awb-caption-title-line-height:var(--h2_typography-line-height);--awb-caption-title-letter-spacing:var(--h2_typography-letter-spacing);\"><span class=\" fusion-imageframe imageframe-none imageframe-2 hover-type-none\"><img decoding=\"async\" width=\"1280\" height=\"960\" alt=\"Die Ergebnisse wurden vor Vertreter*innen aus Planungspraxis und Wissenschaft vorgestellt \u00a9 Christian H\u00f6cke\/vhw\" title=\"250516-abschluss-moro-flache-c-christian-hocke-vhw-2\" src=\"https:\/\/www.ils-forschung.de\/wp-content\/uploads\/2025\/05\/250516-abschluss-moro-flache-c-christian-hocke-vhw-2.webp\" class=\"img-responsive wp-image-47792\" srcset=\"https:\/\/www.ils-forschung.de\/wp-content\/uploads\/2025\/05\/250516-abschluss-moro-flache-c-christian-hocke-vhw-2-200x150.webp 200w, https:\/\/www.ils-forschung.de\/wp-content\/uploads\/2025\/05\/250516-abschluss-moro-flache-c-christian-hocke-vhw-2-400x300.webp 400w, https:\/\/www.ils-forschung.de\/wp-content\/uploads\/2025\/05\/250516-abschluss-moro-flache-c-christian-hocke-vhw-2-600x450.webp 600w, https:\/\/www.ils-forschung.de\/wp-content\/uploads\/2025\/05\/250516-abschluss-moro-flache-c-christian-hocke-vhw-2-800x600.webp 800w, https:\/\/www.ils-forschung.de\/wp-content\/uploads\/2025\/05\/250516-abschluss-moro-flache-c-christian-hocke-vhw-2-1200x900.webp 1200w, https:\/\/www.ils-forschung.de\/wp-content\/uploads\/2025\/05\/250516-abschluss-moro-flache-c-christian-hocke-vhw-2.webp 1280w\" sizes=\"(max-width: 1125px) 100vw, (max-width: 765px) 100vw, 600px\" \/><\/span><\/div><div class=\"fusion-text fusion-text-3\" style=\"--awb-font-size:14px;\"><p>Die Ergebnisse wurden vor Vertreter*innen aus Planungspraxis und Wissenschaft vorgestellt \u00a9 Christian H\u00f6cke\/vhw<\/p>\n<\/div><\/div><\/div><div class=\"fusion-layout-column fusion_builder_column_inner fusion-builder-nested-column-2 fusion_builder_column_inner_1_2 1_2 fusion-flex-column\" style=\"--awb-bg-size:cover;--awb-width-large:50%;--awb-margin-top-large:0px;--awb-spacing-right-large:3.84%;--awb-margin-bottom-large:20px;--awb-spacing-left-large:3.84%;--awb-width-medium:100%;--awb-order-medium:0;--awb-spacing-right-medium:1.92%;--awb-spacing-left-medium:1.92%;--awb-width-small:100%;--awb-order-small:0;--awb-spacing-right-small:1.92%;--awb-spacing-left-small:1.92%;\"><div class=\"fusion-column-wrapper fusion-column-has-shadow fusion-flex-justify-content-flex-start fusion-content-layout-column\"><div class=\"fusion-image-element \" style=\"--awb-caption-title-font-family:var(--h2_typography-font-family);--awb-caption-title-font-weight:var(--h2_typography-font-weight);--awb-caption-title-font-style:var(--h2_typography-font-style);--awb-caption-title-size:var(--h2_typography-font-size);--awb-caption-title-transform:var(--h2_typography-text-transform);--awb-caption-title-line-height:var(--h2_typography-line-height);--awb-caption-title-letter-spacing:var(--h2_typography-letter-spacing);\"><span class=\" fusion-imageframe imageframe-none imageframe-3 hover-type-none\"><img decoding=\"async\" width=\"1280\" height=\"960\" alt=\"Wissenschaftlerin Theresa Milde aus dem Projektteam der ILS Research \u00a9 Christian H\u00f6cke\/vhw\" title=\"250516-abschluss-moro-flache-c-christian-hocke-vhw-6\" src=\"https:\/\/www.ils-forschung.de\/wp-content\/uploads\/2025\/05\/250516-abschluss-moro-flache-c-christian-hocke-vhw-6.webp\" class=\"img-responsive wp-image-47794\" srcset=\"https:\/\/www.ils-forschung.de\/wp-content\/uploads\/2025\/05\/250516-abschluss-moro-flache-c-christian-hocke-vhw-6-200x150.webp 200w, https:\/\/www.ils-forschung.de\/wp-content\/uploads\/2025\/05\/250516-abschluss-moro-flache-c-christian-hocke-vhw-6-400x300.webp 400w, https:\/\/www.ils-forschung.de\/wp-content\/uploads\/2025\/05\/250516-abschluss-moro-flache-c-christian-hocke-vhw-6-600x450.webp 600w, https:\/\/www.ils-forschung.de\/wp-content\/uploads\/2025\/05\/250516-abschluss-moro-flache-c-christian-hocke-vhw-6-800x600.webp 800w, https:\/\/www.ils-forschung.de\/wp-content\/uploads\/2025\/05\/250516-abschluss-moro-flache-c-christian-hocke-vhw-6-1200x900.webp 1200w, https:\/\/www.ils-forschung.de\/wp-content\/uploads\/2025\/05\/250516-abschluss-moro-flache-c-christian-hocke-vhw-6.webp 1280w\" sizes=\"(max-width: 1125px) 100vw, (max-width: 765px) 100vw, 600px\" \/><\/span><\/div><div class=\"fusion-text fusion-text-4\" style=\"--awb-font-size:14px;\"><p>Wissenschaftlerin Theresa Milde aus dem Projektteam der ILS Research \u00a9 Christian H\u00f6cke\/vhw<\/p>\n<\/div><\/div><\/div><div class=\"fusion-layout-column fusion_builder_column_inner fusion-builder-nested-column-3 fusion_builder_column_inner_1_2 1_2 fusion-flex-column\" style=\"--awb-bg-size:cover;--awb-width-large:50%;--awb-margin-top-large:0px;--awb-spacing-right-large:3.84%;--awb-margin-bottom-large:20px;--awb-spacing-left-large:3.84%;--awb-width-medium:100%;--awb-order-medium:0;--awb-spacing-right-medium:1.92%;--awb-spacing-left-medium:1.92%;--awb-width-small:100%;--awb-order-small:0;--awb-spacing-right-small:1.92%;--awb-spacing-left-small:1.92%;\"><div class=\"fusion-column-wrapper fusion-column-has-shadow fusion-flex-justify-content-flex-start fusion-content-layout-column\"><div class=\"fusion-image-element \" style=\"--awb-caption-title-font-family:var(--h2_typography-font-family);--awb-caption-title-font-weight:var(--h2_typography-font-weight);--awb-caption-title-font-style:var(--h2_typography-font-style);--awb-caption-title-size:var(--h2_typography-font-size);--awb-caption-title-transform:var(--h2_typography-text-transform);--awb-caption-title-line-height:var(--h2_typography-line-height);--awb-caption-title-letter-spacing:var(--h2_typography-letter-spacing);\"><span class=\" fusion-imageframe imageframe-none imageframe-4 hover-type-none\"><img decoding=\"async\" width=\"1280\" height=\"946\" alt=\"Die Ergebnisse wurden auf dem Podium diskutiert \u00a9 Christian H\u00f6cke\/vhw\" title=\"250516-abschluss-moro-flache-c-christian-hocke-vhw-10\" src=\"https:\/\/www.ils-forschung.de\/wp-content\/uploads\/2025\/05\/250516-abschluss-moro-flache-c-christian-hocke-vhw-10.webp\" class=\"img-responsive wp-image-47796\" srcset=\"https:\/\/www.ils-forschung.de\/wp-content\/uploads\/2025\/05\/250516-abschluss-moro-flache-c-christian-hocke-vhw-10-200x148.webp 200w, https:\/\/www.ils-forschung.de\/wp-content\/uploads\/2025\/05\/250516-abschluss-moro-flache-c-christian-hocke-vhw-10-400x296.webp 400w, https:\/\/www.ils-forschung.de\/wp-content\/uploads\/2025\/05\/250516-abschluss-moro-flache-c-christian-hocke-vhw-10-600x443.webp 600w, https:\/\/www.ils-forschung.de\/wp-content\/uploads\/2025\/05\/250516-abschluss-moro-flache-c-christian-hocke-vhw-10-800x591.webp 800w, https:\/\/www.ils-forschung.de\/wp-content\/uploads\/2025\/05\/250516-abschluss-moro-flache-c-christian-hocke-vhw-10-1200x887.webp 1200w, https:\/\/www.ils-forschung.de\/wp-content\/uploads\/2025\/05\/250516-abschluss-moro-flache-c-christian-hocke-vhw-10.webp 1280w\" sizes=\"(max-width: 1125px) 100vw, (max-width: 765px) 100vw, 600px\" \/><\/span><\/div><div class=\"fusion-text fusion-text-5\" style=\"--awb-font-size:14px;\"><p>Die Ergebnisse wurden auf dem Podium diskutiert \u00a9 Christian H\u00f6cke\/vhw<\/p>\n<\/div><\/div><\/div><\/div><\/div><\/div><\/div><\/div>\n","protected":false},"excerpt":{"rendered":"","protected":false},"author":14,"featured_media":47790,"comment_status":"closed","ping_status":"closed","sticky":false,"template":"","format":"standard","meta":{"footnotes":""},"categories":[10],"tags":[],"class_list":["post-47802","post","type-post","status-publish","format-standard","has-post-thumbnail","hentry","category-uncategorized"],"yoast_head":"<!-- This site is optimized with the Yoast SEO plugin v27.1.1 - https:\/\/yoast.com\/product\/yoast-seo-wordpress\/ -->\n<title>Aus dem MORO Fl\u00e4che lernen: Fl\u00e4chenanspr\u00fcche regional steuern - ILS - Institut f\u00fcr Landes- und Stadtentwicklungsforschung<\/title>\n<meta name=\"robots\" content=\"index, follow, max-snippet:-1, max-image-preview:large, max-video-preview:-1\" \/>\n<link rel=\"canonical\" href=\"https:\/\/www.ils-forschung.de\/en\/2025\/05\/aus-dem-moro-flaeche-lernen-flaechenansprueche-regional-steuern\/\" \/>\n<meta property=\"og:locale\" content=\"en_US\" \/>\n<meta property=\"og:type\" content=\"article\" \/>\n<meta property=\"og:title\" content=\"Aus dem MORO Fl\u00e4che lernen: Fl\u00e4chenanspr\u00fcche regional steuern\" \/>\n<meta property=\"og:description\" content=\"Fl\u00e4chenanspr\u00fcche vs. Fl\u00e4chensparen: Die Regionalplanung steht vor der Herausforderung, Fl\u00e4chenanspr\u00fcche mit nachhaltiger Siedlungsentwicklung zu verbinden. Im Modellvorhaben der Raumordnung \u201eRegionale Steuerung der Siedlungs- und Freiraumentwicklung\u201c (MORO Fl\u00e4che) haben sieben Projekte unterschiedliche Ans\u00e4tze einer verbesserten Mengen- und Standortsteuerung der Siedlungs- und Freiraumentwicklung erprobt und weiterentwickelt. Die Bandbreite reicht von der Innenentwicklung und Nachverdichtung \u00fcber die Wohnbaulandentwicklung und Steuerung von Gewerbe und Logistik an geeignete Standorte bis hin zur Gr\u00fcndung regionaler Organisationsstrukturen zur Unterst\u00fctzung der kommunalen Ebene bei fl\u00e4chenrelevanten Aufgaben. Von den Erfahrungen k\u00f6nnen andere Kommunen lernen: Die Ergebnisse aus dem MORO Fl\u00e4che wurden am vergangenen Freitag unter anderem in einer Podiumsdiskussion durch die Beteiligten aus den Modellvorhaben den angereisten Vertreter*innen aus Planungspraxis, Wissenschaft und Verb\u00e4nden in Kassel vorgestellt. Prof. Dr. Axel Priebs, Pr\u00e4sident der ARL - Akademie f\u00fcr Raumentwicklung in der Leibniz-Gemeinschaft, blickte in seiner Keynote auf das Spannungsfeld vielf\u00e4ltiger Erwartungen, M\u00f6glichkeiten und Interessen der regionalen Planung rund um das Thema Fl\u00e4che. Inputs gab es von Expert*innen der F\u00f6rdermittelgeber (Bundesministerium f\u00fcr Wohnen, Stadtentwicklung und Bauwesen und Bundesinstitut f\u00fcr Bau-, Stadt- und Raumforschung) sowie der Forschungsinstitute Quaestio, ILS Research und dem vhw \u2013 Bundesverband f\u00fcr Wohnen und Stadtentwicklung. Bei der abschlie\u00dfenden Podiumsdiskussion sprachen Professor Priebs, Prof. Dr. Stefan Siedentop (TU Dortmund), Dr. Christoph Haller (Zweckverband Raum Kassel) und Antje Ko\u015fan (Regionalverband FrankfurtRheinMain) \u00fcber m\u00f6gliche Handlungsperspektiven, um Fl\u00e4chenanspr\u00fcche regional zu steuern. Ein Ergebnis der Veranstaltung: Die bestehenden regionalen Instrumente k\u00f6nnen dabei helfen, die Fl\u00e4chensteuerung nachhaltig zu gestalten. Daf\u00fcr m\u00fcssen sie jedoch politischen R\u00fcckenwind haben, konsequent angewendet und verst\u00e4rkt mit raumwirksamen Investitionen verkn\u00fcpft werden.Mehr zum Projekt finden Sie hier.\" \/>\n<meta property=\"og:url\" content=\"https:\/\/www.ils-forschung.de\/en\/2025\/05\/aus-dem-moro-flaeche-lernen-flaechenansprueche-regional-steuern\/\" \/>\n<meta property=\"og:site_name\" content=\"ILS - Institut f\u00fcr Landes- und Stadtentwicklungsforschung\" \/>\n<meta property=\"article:published_time\" content=\"2025-05-22T09:56:15+00:00\" \/>\n<meta property=\"article:modified_time\" content=\"2025-05-28T06:59:36+00:00\" \/>\n<meta property=\"og:image\" content=\"https:\/\/www.ils-forschung.de\/wp-content\/uploads\/2025\/05\/250516-abschluss-moro-flache-c-christian-hocke-vhw-1.webp\" \/>\n\t<meta property=\"og:image:width\" content=\"1280\" \/>\n\t<meta property=\"og:image:height\" content=\"976\" \/>\n\t<meta property=\"og:image:type\" content=\"image\/webp\" \/>\n<meta name=\"author\" content=\"ils-admin\" \/>\n<meta name=\"twitter:card\" content=\"summary_large_image\" \/>\n<meta name=\"twitter:creator\" content=\"@ILS_forschung\" \/>\n<meta name=\"twitter:site\" content=\"@ILS_forschung\" \/>\n<meta name=\"twitter:label1\" content=\"Written by\" \/>\n\t<meta name=\"twitter:data1\" content=\"ils-admin\" \/>\n\t<meta name=\"twitter:label2\" content=\"Est. reading time\" \/>\n\t<meta name=\"twitter:data2\" content=\"3 minutes\" \/>\n<script type=\"application\/ld+json\" class=\"yoast-schema-graph\">{\"@context\":\"https:\/\/schema.org\",\"@graph\":[{\"@type\":\"Article\",\"@id\":\"https:\/\/www.ils-forschung.de\/en\/2025\/05\/aus-dem-moro-flaeche-lernen-flaechenansprueche-regional-steuern\/#article\",\"isPartOf\":{\"@id\":\"https:\/\/www.ils-forschung.de\/en\/2025\/05\/aus-dem-moro-flaeche-lernen-flaechenansprueche-regional-steuern\/\"},\"author\":{\"name\":\"ils-admin\",\"@id\":\"https:\/\/www.ils-forschung.de\/en\/#\/schema\/person\/5a4e18575766674595b96b1fcb394571\"},\"headline\":\"Aus dem MORO Fl\u00e4che lernen: Fl\u00e4chenanspr\u00fcche regional steuern\",\"datePublished\":\"2025-05-22T09:56:15+00:00\",\"dateModified\":\"2025-05-28T06:59:36+00:00\",\"mainEntityOfPage\":{\"@id\":\"https:\/\/www.ils-forschung.de\/en\/2025\/05\/aus-dem-moro-flaeche-lernen-flaechenansprueche-regional-steuern\/\"},\"wordCount\":4859,\"image\":{\"@id\":\"https:\/\/www.ils-forschung.de\/en\/2025\/05\/aus-dem-moro-flaeche-lernen-flaechenansprueche-regional-steuern\/#primaryimage\"},\"thumbnailUrl\":\"https:\/\/www.ils-forschung.de\/wp-content\/uploads\/2025\/05\/250516-abschluss-moro-flache-c-christian-hocke-vhw-1.webp\",\"inLanguage\":\"en-US\"},{\"@type\":\"WebPage\",\"@id\":\"https:\/\/www.ils-forschung.de\/en\/2025\/05\/aus-dem-moro-flaeche-lernen-flaechenansprueche-regional-steuern\/\",\"url\":\"https:\/\/www.ils-forschung.de\/en\/2025\/05\/aus-dem-moro-flaeche-lernen-flaechenansprueche-regional-steuern\/\",\"name\":\"Aus dem MORO Fl\u00e4che lernen: Fl\u00e4chenanspr\u00fcche regional steuern - ILS - Institut f\u00fcr Landes- und Stadtentwicklungsforschung\",\"isPartOf\":{\"@id\":\"https:\/\/www.ils-forschung.de\/en\/#website\"},\"primaryImageOfPage\":{\"@id\":\"https:\/\/www.ils-forschung.de\/en\/2025\/05\/aus-dem-moro-flaeche-lernen-flaechenansprueche-regional-steuern\/#primaryimage\"},\"image\":{\"@id\":\"https:\/\/www.ils-forschung.de\/en\/2025\/05\/aus-dem-moro-flaeche-lernen-flaechenansprueche-regional-steuern\/#primaryimage\"},\"thumbnailUrl\":\"https:\/\/www.ils-forschung.de\/wp-content\/uploads\/2025\/05\/250516-abschluss-moro-flache-c-christian-hocke-vhw-1.webp\",\"datePublished\":\"2025-05-22T09:56:15+00:00\",\"dateModified\":\"2025-05-28T06:59:36+00:00\",\"author\":{\"@id\":\"https:\/\/www.ils-forschung.de\/en\/#\/schema\/person\/5a4e18575766674595b96b1fcb394571\"},\"breadcrumb\":{\"@id\":\"https:\/\/www.ils-forschung.de\/en\/2025\/05\/aus-dem-moro-flaeche-lernen-flaechenansprueche-regional-steuern\/#breadcrumb\"},\"inLanguage\":\"en-US\",\"potentialAction\":[{\"@type\":\"ReadAction\",\"target\":[\"https:\/\/www.ils-forschung.de\/en\/2025\/05\/aus-dem-moro-flaeche-lernen-flaechenansprueche-regional-steuern\/\"]}]},{\"@type\":\"ImageObject\",\"inLanguage\":\"en-US\",\"@id\":\"https:\/\/www.ils-forschung.de\/en\/2025\/05\/aus-dem-moro-flaeche-lernen-flaechenansprueche-regional-steuern\/#primaryimage\",\"url\":\"https:\/\/www.ils-forschung.de\/wp-content\/uploads\/2025\/05\/250516-abschluss-moro-flache-c-christian-hocke-vhw-1.webp\",\"contentUrl\":\"https:\/\/www.ils-forschung.de\/wp-content\/uploads\/2025\/05\/250516-abschluss-moro-flache-c-christian-hocke-vhw-1.webp\",\"width\":1280,\"height\":976,\"caption\":\"Keynote von Prof. Dr. Axel Priebs \u00a9 Christian H\u00f6cke\/vhw\"},{\"@type\":\"BreadcrumbList\",\"@id\":\"https:\/\/www.ils-forschung.de\/en\/2025\/05\/aus-dem-moro-flaeche-lernen-flaechenansprueche-regional-steuern\/#breadcrumb\",\"itemListElement\":[{\"@type\":\"ListItem\",\"position\":1,\"name\":\"Home\",\"item\":\"https:\/\/www.ils-forschung.de\/en\/\"},{\"@type\":\"ListItem\",\"position\":2,\"name\":\"Aus dem MORO Fl\u00e4che lernen: Fl\u00e4chenanspr\u00fcche regional steuern\"}]},{\"@type\":\"WebSite\",\"@id\":\"https:\/\/www.ils-forschung.de\/en\/#website\",\"url\":\"https:\/\/www.ils-forschung.de\/en\/\",\"name\":\"ILS - Institut f\u00fcr Landes- und Stadtentwicklungsforschung\",\"description\":\"Das ILS \u2013 Institut f\u00fcr Landes- und Stadtentwicklungsforschung ist ein raumwissenschaftliches au\u00dferuniversit\u00e4res Forschungsinstitut mit Sitz in Dortmund.\",\"potentialAction\":[{\"@type\":\"SearchAction\",\"target\":{\"@type\":\"EntryPoint\",\"urlTemplate\":\"https:\/\/www.ils-forschung.de\/en\/?s={search_term_string}\"},\"query-input\":{\"@type\":\"PropertyValueSpecification\",\"valueRequired\":true,\"valueName\":\"search_term_string\"}}],\"inLanguage\":\"en-US\"},{\"@type\":\"Person\",\"@id\":\"https:\/\/www.ils-forschung.de\/en\/#\/schema\/person\/5a4e18575766674595b96b1fcb394571\",\"name\":\"ils-admin\",\"url\":\"https:\/\/www.ils-forschung.de\/en\/author\/ils-admin\/\"}]}<\/script>\n<!-- \/ Yoast SEO plugin. -->","yoast_head_json":{"title":"Aus dem MORO Fl\u00e4che lernen: Fl\u00e4chenanspr\u00fcche regional steuern - ILS - Institut f\u00fcr Landes- und Stadtentwicklungsforschung","robots":{"index":"index","follow":"follow","max-snippet":"max-snippet:-1","max-image-preview":"max-image-preview:large","max-video-preview":"max-video-preview:-1"},"canonical":"https:\/\/www.ils-forschung.de\/en\/2025\/05\/aus-dem-moro-flaeche-lernen-flaechenansprueche-regional-steuern\/","og_locale":"en_US","og_type":"article","og_title":"Aus dem MORO Fl\u00e4che lernen: Fl\u00e4chenanspr\u00fcche regional steuern","og_description":"Fl\u00e4chenanspr\u00fcche vs. Fl\u00e4chensparen: Die Regionalplanung steht vor der Herausforderung, Fl\u00e4chenanspr\u00fcche mit nachhaltiger Siedlungsentwicklung zu verbinden. Im Modellvorhaben der Raumordnung \u201eRegionale Steuerung der Siedlungs- und Freiraumentwicklung\u201c (MORO Fl\u00e4che) haben sieben Projekte unterschiedliche Ans\u00e4tze einer verbesserten Mengen- und Standortsteuerung der Siedlungs- und Freiraumentwicklung erprobt und weiterentwickelt. Die Bandbreite reicht von der Innenentwicklung und Nachverdichtung \u00fcber die Wohnbaulandentwicklung und Steuerung von Gewerbe und Logistik an geeignete Standorte bis hin zur Gr\u00fcndung regionaler Organisationsstrukturen zur Unterst\u00fctzung der kommunalen Ebene bei fl\u00e4chenrelevanten Aufgaben. Von den Erfahrungen k\u00f6nnen andere Kommunen lernen: Die Ergebnisse aus dem MORO Fl\u00e4che wurden am vergangenen Freitag unter anderem in einer Podiumsdiskussion durch die Beteiligten aus den Modellvorhaben den angereisten Vertreter*innen aus Planungspraxis, Wissenschaft und Verb\u00e4nden in Kassel vorgestellt. Prof. Dr. Axel Priebs, Pr\u00e4sident der ARL - Akademie f\u00fcr Raumentwicklung in der Leibniz-Gemeinschaft, blickte in seiner Keynote auf das Spannungsfeld vielf\u00e4ltiger Erwartungen, M\u00f6glichkeiten und Interessen der regionalen Planung rund um das Thema Fl\u00e4che. Inputs gab es von Expert*innen der F\u00f6rdermittelgeber (Bundesministerium f\u00fcr Wohnen, Stadtentwicklung und Bauwesen und Bundesinstitut f\u00fcr Bau-, Stadt- und Raumforschung) sowie der Forschungsinstitute Quaestio, ILS Research und dem vhw \u2013 Bundesverband f\u00fcr Wohnen und Stadtentwicklung. Bei der abschlie\u00dfenden Podiumsdiskussion sprachen Professor Priebs, Prof. Dr. Stefan Siedentop (TU Dortmund), Dr. Christoph Haller (Zweckverband Raum Kassel) und Antje Ko\u015fan (Regionalverband FrankfurtRheinMain) \u00fcber m\u00f6gliche Handlungsperspektiven, um Fl\u00e4chenanspr\u00fcche regional zu steuern. Ein Ergebnis der Veranstaltung: Die bestehenden regionalen Instrumente k\u00f6nnen dabei helfen, die Fl\u00e4chensteuerung nachhaltig zu gestalten. Daf\u00fcr m\u00fcssen sie jedoch politischen R\u00fcckenwind haben, konsequent angewendet und verst\u00e4rkt mit raumwirksamen Investitionen verkn\u00fcpft werden.Mehr zum Projekt finden Sie hier.","og_url":"https:\/\/www.ils-forschung.de\/en\/2025\/05\/aus-dem-moro-flaeche-lernen-flaechenansprueche-regional-steuern\/","og_site_name":"ILS - Institut f\u00fcr Landes- und Stadtentwicklungsforschung","article_published_time":"2025-05-22T09:56:15+00:00","article_modified_time":"2025-05-28T06:59:36+00:00","og_image":[{"width":1280,"height":976,"url":"https:\/\/www.ils-forschung.de\/wp-content\/uploads\/2025\/05\/250516-abschluss-moro-flache-c-christian-hocke-vhw-1.webp","type":"image\/webp"}],"author":"ils-admin","twitter_card":"summary_large_image","twitter_creator":"@ILS_forschung","twitter_site":"@ILS_forschung","twitter_misc":{"Written by":"ils-admin","Est. reading time":"3 minutes"},"schema":{"@context":"https:\/\/schema.org","@graph":[{"@type":"Article","@id":"https:\/\/www.ils-forschung.de\/en\/2025\/05\/aus-dem-moro-flaeche-lernen-flaechenansprueche-regional-steuern\/#article","isPartOf":{"@id":"https:\/\/www.ils-forschung.de\/en\/2025\/05\/aus-dem-moro-flaeche-lernen-flaechenansprueche-regional-steuern\/"},"author":{"name":"ils-admin","@id":"https:\/\/www.ils-forschung.de\/en\/#\/schema\/person\/5a4e18575766674595b96b1fcb394571"},"headline":"Aus dem MORO Fl\u00e4che lernen: Fl\u00e4chenanspr\u00fcche regional steuern","datePublished":"2025-05-22T09:56:15+00:00","dateModified":"2025-05-28T06:59:36+00:00","mainEntityOfPage":{"@id":"https:\/\/www.ils-forschung.de\/en\/2025\/05\/aus-dem-moro-flaeche-lernen-flaechenansprueche-regional-steuern\/"},"wordCount":4859,"image":{"@id":"https:\/\/www.ils-forschung.de\/en\/2025\/05\/aus-dem-moro-flaeche-lernen-flaechenansprueche-regional-steuern\/#primaryimage"},"thumbnailUrl":"https:\/\/www.ils-forschung.de\/wp-content\/uploads\/2025\/05\/250516-abschluss-moro-flache-c-christian-hocke-vhw-1.webp","inLanguage":"en-US"},{"@type":"WebPage","@id":"https:\/\/www.ils-forschung.de\/en\/2025\/05\/aus-dem-moro-flaeche-lernen-flaechenansprueche-regional-steuern\/","url":"https:\/\/www.ils-forschung.de\/en\/2025\/05\/aus-dem-moro-flaeche-lernen-flaechenansprueche-regional-steuern\/","name":"Aus dem MORO Fl\u00e4che lernen: Fl\u00e4chenanspr\u00fcche regional steuern - ILS - Institut f\u00fcr Landes- und Stadtentwicklungsforschung","isPartOf":{"@id":"https:\/\/www.ils-forschung.de\/en\/#website"},"primaryImageOfPage":{"@id":"https:\/\/www.ils-forschung.de\/en\/2025\/05\/aus-dem-moro-flaeche-lernen-flaechenansprueche-regional-steuern\/#primaryimage"},"image":{"@id":"https:\/\/www.ils-forschung.de\/en\/2025\/05\/aus-dem-moro-flaeche-lernen-flaechenansprueche-regional-steuern\/#primaryimage"},"thumbnailUrl":"https:\/\/www.ils-forschung.de\/wp-content\/uploads\/2025\/05\/250516-abschluss-moro-flache-c-christian-hocke-vhw-1.webp","datePublished":"2025-05-22T09:56:15+00:00","dateModified":"2025-05-28T06:59:36+00:00","author":{"@id":"https:\/\/www.ils-forschung.de\/en\/#\/schema\/person\/5a4e18575766674595b96b1fcb394571"},"breadcrumb":{"@id":"https:\/\/www.ils-forschung.de\/en\/2025\/05\/aus-dem-moro-flaeche-lernen-flaechenansprueche-regional-steuern\/#breadcrumb"},"inLanguage":"en-US","potentialAction":[{"@type":"ReadAction","target":["https:\/\/www.ils-forschung.de\/en\/2025\/05\/aus-dem-moro-flaeche-lernen-flaechenansprueche-regional-steuern\/"]}]},{"@type":"ImageObject","inLanguage":"en-US","@id":"https:\/\/www.ils-forschung.de\/en\/2025\/05\/aus-dem-moro-flaeche-lernen-flaechenansprueche-regional-steuern\/#primaryimage","url":"https:\/\/www.ils-forschung.de\/wp-content\/uploads\/2025\/05\/250516-abschluss-moro-flache-c-christian-hocke-vhw-1.webp","contentUrl":"https:\/\/www.ils-forschung.de\/wp-content\/uploads\/2025\/05\/250516-abschluss-moro-flache-c-christian-hocke-vhw-1.webp","width":1280,"height":976,"caption":"Keynote von Prof. Dr. Axel Priebs \u00a9 Christian H\u00f6cke\/vhw"},{"@type":"BreadcrumbList","@id":"https:\/\/www.ils-forschung.de\/en\/2025\/05\/aus-dem-moro-flaeche-lernen-flaechenansprueche-regional-steuern\/#breadcrumb","itemListElement":[{"@type":"ListItem","position":1,"name":"Home","item":"https:\/\/www.ils-forschung.de\/en\/"},{"@type":"ListItem","position":2,"name":"Aus dem MORO Fl\u00e4che lernen: Fl\u00e4chenanspr\u00fcche regional steuern"}]},{"@type":"WebSite","@id":"https:\/\/www.ils-forschung.de\/en\/#website","url":"https:\/\/www.ils-forschung.de\/en\/","name":"ILS - Institut f\u00fcr Landes- und Stadtentwicklungsforschung","description":"Das ILS \u2013 Institut f\u00fcr Landes- und Stadtentwicklungsforschung ist ein raumwissenschaftliches au\u00dferuniversit\u00e4res Forschungsinstitut mit Sitz in Dortmund.","potentialAction":[{"@type":"SearchAction","target":{"@type":"EntryPoint","urlTemplate":"https:\/\/www.ils-forschung.de\/en\/?s={search_term_string}"},"query-input":{"@type":"PropertyValueSpecification","valueRequired":true,"valueName":"search_term_string"}}],"inLanguage":"en-US"},{"@type":"Person","@id":"https:\/\/www.ils-forschung.de\/en\/#\/schema\/person\/5a4e18575766674595b96b1fcb394571","name":"ils-admin","url":"https:\/\/www.ils-forschung.de\/en\/author\/ils-admin\/"}]}},"cc_featured_image_caption":{"caption_text":"","source_text":"","source_url":""},"_links":{"self":[{"href":"https:\/\/www.ils-forschung.de\/en\/wp-json\/wp\/v2\/posts\/47802","targetHints":{"allow":["GET"]}}],"collection":[{"href":"https:\/\/www.ils-forschung.de\/en\/wp-json\/wp\/v2\/posts"}],"about":[{"href":"https:\/\/www.ils-forschung.de\/en\/wp-json\/wp\/v2\/types\/post"}],"author":[{"embeddable":true,"href":"https:\/\/www.ils-forschung.de\/en\/wp-json\/wp\/v2\/users\/14"}],"replies":[{"embeddable":true,"href":"https:\/\/www.ils-forschung.de\/en\/wp-json\/wp\/v2\/comments?post=47802"}],"version-history":[{"count":2,"href":"https:\/\/www.ils-forschung.de\/en\/wp-json\/wp\/v2\/posts\/47802\/revisions"}],"predecessor-version":[{"id":47983,"href":"https:\/\/www.ils-forschung.de\/en\/wp-json\/wp\/v2\/posts\/47802\/revisions\/47983"}],"wp:featuredmedia":[{"embeddable":true,"href":"https:\/\/www.ils-forschung.de\/en\/wp-json\/wp\/v2\/media\/47790"}],"wp:attachment":[{"href":"https:\/\/www.ils-forschung.de\/en\/wp-json\/wp\/v2\/media?parent=47802"}],"wp:term":[{"taxonomy":"category","embeddable":true,"href":"https:\/\/www.ils-forschung.de\/en\/wp-json\/wp\/v2\/categories?post=47802"},{"taxonomy":"post_tag","embeddable":true,"href":"https:\/\/www.ils-forschung.de\/en\/wp-json\/wp\/v2\/tags?post=47802"}],"curies":[{"name":"wp","href":"https:\/\/api.w.org\/{rel}","templated":true}]}}