{"id":42072,"date":"2025-01-15T09:59:23","date_gmt":"2025-01-15T08:59:23","guid":{"rendered":"https:\/\/www.ils-forschung.de\/2025\/01\/ueber-die-stadt-im-wandel-strassenmagazin-bodo-berichtet-ueber-das-forschungsprojekt-mabis-das-marginalisierte-gruppen-in-der-innenstadt-in-den-blick-nimmt\/"},"modified":"2025-01-15T09:59:23","modified_gmt":"2025-01-15T08:59:23","slug":"ueber-die-stadt-im-wandel-strassenmagazin-bodo-berichtet-ueber-das-forschungsprojekt-mabis-das-marginalisierte-gruppen-in-der-innenstadt-in-den-blick-nimmt","status":"publish","type":"post","link":"https:\/\/www.ils-forschung.de\/en\/2025\/01\/ueber-die-stadt-im-wandel-strassenmagazin-bodo-berichtet-ueber-das-forschungsprojekt-mabis-das-marginalisierte-gruppen-in-der-innenstadt-in-den-blick-nimmt\/","title":{"rendered":"\u00dcber die \u201eStadt im Wandel\u201c: Stra\u00dfenmagazin bodo berichtet \u00fcber das Forschungsprojekt MaBIs, das marginalisierte Gruppen in der Innenstadt in den Blick nimmt"},"content":{"rendered":"<div class=\"fusion-fullwidth fullwidth-box fusion-builder-row-1 fusion-flex-container has-pattern-background has-mask-background nonhundred-percent-fullwidth non-hundred-percent-height-scrolling\" style=\"--awb-border-radius-top-left:0px;--awb-border-radius-top-right:0px;--awb-border-radius-bottom-right:0px;--awb-border-radius-bottom-left:0px;--awb-flex-wrap:wrap;\" ><div class=\"fusion-builder-row fusion-row fusion-flex-align-items-flex-start fusion-flex-content-wrap\" style=\"max-width:1144px;margin-left: calc(-4% \/ 2 );margin-right: calc(-4% \/ 2 );\"><div class=\"fusion-layout-column fusion_builder_column fusion-builder-column-0 fusion_builder_column_1_1 1_1 fusion-flex-column\" style=\"--awb-bg-size:cover;--awb-width-large:100%;--awb-margin-top-large:0px;--awb-spacing-right-large:1.92%;--awb-margin-bottom-large:20px;--awb-spacing-left-large:1.92%;--awb-width-medium:100%;--awb-order-medium:0;--awb-spacing-right-medium:1.92%;--awb-spacing-left-medium:1.92%;--awb-width-small:100%;--awb-order-small:0;--awb-spacing-right-small:1.92%;--awb-spacing-left-small:1.92%;\"><div class=\"fusion-column-wrapper fusion-column-has-shadow fusion-flex-justify-content-flex-start fusion-content-layout-column\"><div class=\"fusion-text fusion-text-1\"><p>Wenn \u00fcber die Zukunft der Innenst\u00e4dte diskutiert wird, sind oft die Meinungen und Anspr\u00fcche von Gewerbetreibenden, Anwohner*innen oder Kund*innen im Blick. Die Perspektive von marginalisierten Bev\u00f6lkerungsgruppen, die als Stra\u00dfenmagazinverk\u00e4ufer*innen, Stra\u00dfenmusiker*innen oder mit Betteln ihren Lebensunterhalt bestreiten, fehlt oft in den \u00dcberlegungen zur Zukunft von Innenst\u00e4dten oder sie werden als St\u00f6rfaktoren wahrgenommen.<\/p>\n<p>Das Forschungsprojekt \u201e<a href=\"https:\/\/www.ils-forschung.de\/en\/research\/research-projects\/?id=381\">MaBIs \u2013 Marginalisierte Bev\u00f6lkerungsgruppen und die solidarische Innenstadt<\/a>\u201c nimmt diese Menschen besonders in den Blick. Das Projekt strebt eine Transformation von Innenst\u00e4dten an, die die t\u00e4glichen Bedarfe und Praktiken marginalisierter Bev\u00f6lkerungsgruppen mitdenkt. <\/p>\n<p>Das ILS kooperiert dabei mit den Stra\u00dfenmagazinen bodo (Bochum und Dortmund) und BISS (M\u00fcnchen). F\u00fcr das Forschungsprojekt werden Stra\u00dfenzeitungsverk\u00e4ufer*innen als sogenannte Peer-Researcher besch\u00e4ftigt, die gemeinsam mit Forschenden des ILS die Transformation der Innenst\u00e4dte untersuchen und, im Sinne des Leitbilds der solidarischen Innenstadt, mitgestalten werden. <\/p>\n<p>F\u00fcr den Artikel \u201eStadt im Wandel\u201d hat bodo-Redakteurin Alexandra Gehrhardt mit ILS-Wissenschaftler Dr. Michael Kolocek \u00fcber die Hintergr\u00fcnde des Projekts gesprochen. Die Ausgabe 01\/25 wird gerade auf den Stra\u00dfen und \u00f6ffentlichen Pl\u00e4tzen in Bochum, Dortmund und weiteren Ruhrgebietsst\u00e4dten verkauft. <\/p>\n<p><em>Das Projekt wird mit F\u00f6rdermitteln der Volkswagenstiftung im Rahmen der F\u00f6rderrichtlinie \u201ePioniervorhaben \u2013 Gesellschaftliche Transformationen\u201c finanziert.<\/em><\/p>\n<\/div><div class=\"fusion-image-element \" style=\"--awb-caption-title-font-family:var(--h2_typography-font-family);--awb-caption-title-font-weight:var(--h2_typography-font-weight);--awb-caption-title-font-style:var(--h2_typography-font-style);--awb-caption-title-size:var(--h2_typography-font-size);--awb-caption-title-transform:var(--h2_typography-text-transform);--awb-caption-title-line-height:var(--h2_typography-line-height);--awb-caption-title-letter-spacing:var(--h2_typography-letter-spacing);\"><span class=\" fusion-imageframe imageframe-none imageframe-1 hover-type-none\"><img decoding=\"async\" width=\"1920\" height=\"1280\" alt=\"\u00a9 Carsten Nawrath\/ILS\" title=\"250114-bodo-2\" src=\"https:\/\/www.ils-forschung.de\/wp-content\/uploads\/2025\/01\/250114-bodo-2.webp\" class=\"img-responsive wp-image-42070\" srcset=\"https:\/\/www.ils-forschung.de\/wp-content\/uploads\/2025\/01\/250114-bodo-2-200x133.webp 200w, https:\/\/www.ils-forschung.de\/wp-content\/uploads\/2025\/01\/250114-bodo-2-400x267.webp 400w, https:\/\/www.ils-forschung.de\/wp-content\/uploads\/2025\/01\/250114-bodo-2-600x400.webp 600w, https:\/\/www.ils-forschung.de\/wp-content\/uploads\/2025\/01\/250114-bodo-2-800x533.webp 800w, https:\/\/www.ils-forschung.de\/wp-content\/uploads\/2025\/01\/250114-bodo-2-1200x800.webp 1200w, https:\/\/www.ils-forschung.de\/wp-content\/uploads\/2025\/01\/250114-bodo-2.webp 1920w\" sizes=\"(max-width: 1125px) 100vw, (max-width: 765px) 100vw, 1200px\" \/><\/span><\/div><div class=\"fusion-text fusion-text-2\" style=\"--awb-font-size:13px;\"><p>\u00a9 Carsten Nawrath\/ILS<\/p>\n<\/div><\/div><\/div><\/div><\/div>\n","protected":false},"excerpt":{"rendered":"","protected":false},"author":14,"featured_media":42068,"comment_status":"closed","ping_status":"closed","sticky":false,"template":"","format":"standard","meta":{"footnotes":""},"categories":[10],"tags":[],"class_list":["post-42072","post","type-post","status-publish","format-standard","has-post-thumbnail","hentry","category-uncategorized"],"yoast_head":"<!-- This site is optimized with the Yoast SEO plugin v27.1.1 - https:\/\/yoast.com\/product\/yoast-seo-wordpress\/ -->\n<title>\u00dcber die \u201eStadt im Wandel\u201c: Stra\u00dfenmagazin bodo berichtet \u00fcber das Forschungsprojekt MaBIs, das marginalisierte Gruppen in der Innenstadt in den Blick nimmt - ILS - Institut f\u00fcr Landes- und Stadtentwicklungsforschung<\/title>\n<meta name=\"robots\" content=\"index, follow, max-snippet:-1, max-image-preview:large, max-video-preview:-1\" \/>\n<link rel=\"canonical\" href=\"https:\/\/www.ils-forschung.de\/en\/2025\/01\/ueber-die-stadt-im-wandel-strassenmagazin-bodo-berichtet-ueber-das-forschungsprojekt-mabis-das-marginalisierte-gruppen-in-der-innenstadt-in-den-blick-nimmt\/\" \/>\n<meta property=\"og:locale\" content=\"en_US\" \/>\n<meta property=\"og:type\" content=\"article\" \/>\n<meta property=\"og:title\" content=\"\u00dcber die \u201eStadt im Wandel\u201c: Stra\u00dfenmagazin bodo berichtet \u00fcber das Forschungsprojekt MaBIs, das marginalisierte Gruppen in der Innenstadt in den Blick nimmt - ILS - Institut f\u00fcr Landes- und Stadtentwicklungsforschung\" \/>\n<meta property=\"og:url\" content=\"https:\/\/www.ils-forschung.de\/en\/2025\/01\/ueber-die-stadt-im-wandel-strassenmagazin-bodo-berichtet-ueber-das-forschungsprojekt-mabis-das-marginalisierte-gruppen-in-der-innenstadt-in-den-blick-nimmt\/\" \/>\n<meta property=\"og:site_name\" content=\"ILS - Institut f\u00fcr Landes- und Stadtentwicklungsforschung\" \/>\n<meta property=\"article:published_time\" content=\"2025-01-15T08:59:23+00:00\" \/>\n<meta property=\"og:image\" content=\"https:\/\/www.ils-forschung.de\/wp-content\/uploads\/2023\/04\/ils-social-share-logo.jpg\" \/>\n\t<meta property=\"og:image:width\" content=\"1200\" \/>\n\t<meta property=\"og:image:height\" content=\"630\" \/>\n\t<meta property=\"og:image:type\" content=\"image\/jpeg\" \/>\n<meta name=\"author\" content=\"ils-admin\" \/>\n<meta name=\"twitter:card\" content=\"summary_large_image\" \/>\n<meta name=\"twitter:creator\" content=\"@ILS_forschung\" \/>\n<meta name=\"twitter:site\" content=\"@ILS_forschung\" \/>\n<meta name=\"twitter:label1\" content=\"Written by\" \/>\n\t<meta name=\"twitter:data1\" content=\"ils-admin\" \/>\n\t<meta name=\"twitter:label2\" content=\"Est. reading time\" \/>\n\t<meta name=\"twitter:data2\" content=\"8 minutes\" \/>\n<script type=\"application\/ld+json\" class=\"yoast-schema-graph\">{\"@context\":\"https:\/\/schema.org\",\"@graph\":[{\"@type\":\"Article\",\"@id\":\"https:\/\/www.ils-forschung.de\/en\/2025\/01\/ueber-die-stadt-im-wandel-strassenmagazin-bodo-berichtet-ueber-das-forschungsprojekt-mabis-das-marginalisierte-gruppen-in-der-innenstadt-in-den-blick-nimmt\/#article\",\"isPartOf\":{\"@id\":\"https:\/\/www.ils-forschung.de\/en\/2025\/01\/ueber-die-stadt-im-wandel-strassenmagazin-bodo-berichtet-ueber-das-forschungsprojekt-mabis-das-marginalisierte-gruppen-in-der-innenstadt-in-den-blick-nimmt\/\"},\"author\":{\"name\":\"ils-admin\",\"@id\":\"https:\/\/www.ils-forschung.de\/en\/#\/schema\/person\/5a4e18575766674595b96b1fcb394571\"},\"headline\":\"\u00dcber die \u201eStadt im Wandel\u201c: Stra\u00dfenmagazin bodo berichtet \u00fcber das Forschungsprojekt MaBIs, das marginalisierte Gruppen in der Innenstadt in den Blick nimmt\",\"datePublished\":\"2025-01-15T08:59:23+00:00\",\"mainEntityOfPage\":{\"@id\":\"https:\/\/www.ils-forschung.de\/en\/2025\/01\/ueber-die-stadt-im-wandel-strassenmagazin-bodo-berichtet-ueber-das-forschungsprojekt-mabis-das-marginalisierte-gruppen-in-der-innenstadt-in-den-blick-nimmt\/\"},\"wordCount\":1654,\"image\":{\"@id\":\"https:\/\/www.ils-forschung.de\/en\/2025\/01\/ueber-die-stadt-im-wandel-strassenmagazin-bodo-berichtet-ueber-das-forschungsprojekt-mabis-das-marginalisierte-gruppen-in-der-innenstadt-in-den-blick-nimmt\/#primaryimage\"},\"thumbnailUrl\":\"https:\/\/www.ils-forschung.de\/wp-content\/uploads\/2025\/01\/250114-bodo-1.webp\",\"inLanguage\":\"en-US\"},{\"@type\":\"WebPage\",\"@id\":\"https:\/\/www.ils-forschung.de\/en\/2025\/01\/ueber-die-stadt-im-wandel-strassenmagazin-bodo-berichtet-ueber-das-forschungsprojekt-mabis-das-marginalisierte-gruppen-in-der-innenstadt-in-den-blick-nimmt\/\",\"url\":\"https:\/\/www.ils-forschung.de\/en\/2025\/01\/ueber-die-stadt-im-wandel-strassenmagazin-bodo-berichtet-ueber-das-forschungsprojekt-mabis-das-marginalisierte-gruppen-in-der-innenstadt-in-den-blick-nimmt\/\",\"name\":\"\u00dcber die \u201eStadt im Wandel\u201c: Stra\u00dfenmagazin bodo berichtet \u00fcber das Forschungsprojekt MaBIs, das marginalisierte Gruppen in der Innenstadt in den Blick nimmt - ILS - Institut f\u00fcr Landes- und Stadtentwicklungsforschung\",\"isPartOf\":{\"@id\":\"https:\/\/www.ils-forschung.de\/en\/#website\"},\"primaryImageOfPage\":{\"@id\":\"https:\/\/www.ils-forschung.de\/en\/2025\/01\/ueber-die-stadt-im-wandel-strassenmagazin-bodo-berichtet-ueber-das-forschungsprojekt-mabis-das-marginalisierte-gruppen-in-der-innenstadt-in-den-blick-nimmt\/#primaryimage\"},\"image\":{\"@id\":\"https:\/\/www.ils-forschung.de\/en\/2025\/01\/ueber-die-stadt-im-wandel-strassenmagazin-bodo-berichtet-ueber-das-forschungsprojekt-mabis-das-marginalisierte-gruppen-in-der-innenstadt-in-den-blick-nimmt\/#primaryimage\"},\"thumbnailUrl\":\"https:\/\/www.ils-forschung.de\/wp-content\/uploads\/2025\/01\/250114-bodo-1.webp\",\"datePublished\":\"2025-01-15T08:59:23+00:00\",\"author\":{\"@id\":\"https:\/\/www.ils-forschung.de\/en\/#\/schema\/person\/5a4e18575766674595b96b1fcb394571\"},\"breadcrumb\":{\"@id\":\"https:\/\/www.ils-forschung.de\/en\/2025\/01\/ueber-die-stadt-im-wandel-strassenmagazin-bodo-berichtet-ueber-das-forschungsprojekt-mabis-das-marginalisierte-gruppen-in-der-innenstadt-in-den-blick-nimmt\/#breadcrumb\"},\"inLanguage\":\"en-US\",\"potentialAction\":[{\"@type\":\"ReadAction\",\"target\":[\"https:\/\/www.ils-forschung.de\/en\/2025\/01\/ueber-die-stadt-im-wandel-strassenmagazin-bodo-berichtet-ueber-das-forschungsprojekt-mabis-das-marginalisierte-gruppen-in-der-innenstadt-in-den-blick-nimmt\/\"]}]},{\"@type\":\"ImageObject\",\"inLanguage\":\"en-US\",\"@id\":\"https:\/\/www.ils-forschung.de\/en\/2025\/01\/ueber-die-stadt-im-wandel-strassenmagazin-bodo-berichtet-ueber-das-forschungsprojekt-mabis-das-marginalisierte-gruppen-in-der-innenstadt-in-den-blick-nimmt\/#primaryimage\",\"url\":\"https:\/\/www.ils-forschung.de\/wp-content\/uploads\/2025\/01\/250114-bodo-1.webp\",\"contentUrl\":\"https:\/\/www.ils-forschung.de\/wp-content\/uploads\/2025\/01\/250114-bodo-1.webp\",\"width\":1000,\"height\":750,\"caption\":\"\u00a9 Carsten Nawrath\/ILS\"},{\"@type\":\"BreadcrumbList\",\"@id\":\"https:\/\/www.ils-forschung.de\/en\/2025\/01\/ueber-die-stadt-im-wandel-strassenmagazin-bodo-berichtet-ueber-das-forschungsprojekt-mabis-das-marginalisierte-gruppen-in-der-innenstadt-in-den-blick-nimmt\/#breadcrumb\",\"itemListElement\":[{\"@type\":\"ListItem\",\"position\":1,\"name\":\"Home\",\"item\":\"https:\/\/www.ils-forschung.de\/en\/\"},{\"@type\":\"ListItem\",\"position\":2,\"name\":\"\u00dcber die \u201eStadt im Wandel\u201c: Stra\u00dfenmagazin bodo berichtet \u00fcber das Forschungsprojekt MaBIs, das marginalisierte Gruppen in der Innenstadt in den Blick nimmt\"}]},{\"@type\":\"WebSite\",\"@id\":\"https:\/\/www.ils-forschung.de\/en\/#website\",\"url\":\"https:\/\/www.ils-forschung.de\/en\/\",\"name\":\"ILS - Institut f\u00fcr Landes- und Stadtentwicklungsforschung\",\"description\":\"Das ILS \u2013 Institut f\u00fcr Landes- und Stadtentwicklungsforschung ist ein raumwissenschaftliches au\u00dferuniversit\u00e4res Forschungsinstitut mit Sitz in Dortmund.\",\"potentialAction\":[{\"@type\":\"SearchAction\",\"target\":{\"@type\":\"EntryPoint\",\"urlTemplate\":\"https:\/\/www.ils-forschung.de\/en\/?s={search_term_string}\"},\"query-input\":{\"@type\":\"PropertyValueSpecification\",\"valueRequired\":true,\"valueName\":\"search_term_string\"}}],\"inLanguage\":\"en-US\"},{\"@type\":\"Person\",\"@id\":\"https:\/\/www.ils-forschung.de\/en\/#\/schema\/person\/5a4e18575766674595b96b1fcb394571\",\"name\":\"ils-admin\",\"url\":\"https:\/\/www.ils-forschung.de\/en\/author\/ils-admin\/\"}]}<\/script>\n<!-- \/ Yoast SEO plugin. -->","yoast_head_json":{"title":"\u00dcber die \u201eStadt im Wandel\u201c: Stra\u00dfenmagazin bodo berichtet \u00fcber das Forschungsprojekt MaBIs, das marginalisierte Gruppen in der Innenstadt in den Blick nimmt - ILS - Institut f\u00fcr Landes- und Stadtentwicklungsforschung","robots":{"index":"index","follow":"follow","max-snippet":"max-snippet:-1","max-image-preview":"max-image-preview:large","max-video-preview":"max-video-preview:-1"},"canonical":"https:\/\/www.ils-forschung.de\/en\/2025\/01\/ueber-die-stadt-im-wandel-strassenmagazin-bodo-berichtet-ueber-das-forschungsprojekt-mabis-das-marginalisierte-gruppen-in-der-innenstadt-in-den-blick-nimmt\/","og_locale":"en_US","og_type":"article","og_title":"\u00dcber die \u201eStadt im Wandel\u201c: Stra\u00dfenmagazin bodo berichtet \u00fcber das Forschungsprojekt MaBIs, das marginalisierte Gruppen in der Innenstadt in den Blick nimmt - ILS - Institut f\u00fcr Landes- und Stadtentwicklungsforschung","og_url":"https:\/\/www.ils-forschung.de\/en\/2025\/01\/ueber-die-stadt-im-wandel-strassenmagazin-bodo-berichtet-ueber-das-forschungsprojekt-mabis-das-marginalisierte-gruppen-in-der-innenstadt-in-den-blick-nimmt\/","og_site_name":"ILS - Institut f\u00fcr Landes- und Stadtentwicklungsforschung","article_published_time":"2025-01-15T08:59:23+00:00","og_image":[{"width":1200,"height":630,"url":"https:\/\/www.ils-forschung.de\/wp-content\/uploads\/2023\/04\/ils-social-share-logo.jpg","type":"image\/jpeg"}],"author":"ils-admin","twitter_card":"summary_large_image","twitter_creator":"@ILS_forschung","twitter_site":"@ILS_forschung","twitter_misc":{"Written by":"ils-admin","Est. reading time":"8 minutes"},"schema":{"@context":"https:\/\/schema.org","@graph":[{"@type":"Article","@id":"https:\/\/www.ils-forschung.de\/en\/2025\/01\/ueber-die-stadt-im-wandel-strassenmagazin-bodo-berichtet-ueber-das-forschungsprojekt-mabis-das-marginalisierte-gruppen-in-der-innenstadt-in-den-blick-nimmt\/#article","isPartOf":{"@id":"https:\/\/www.ils-forschung.de\/en\/2025\/01\/ueber-die-stadt-im-wandel-strassenmagazin-bodo-berichtet-ueber-das-forschungsprojekt-mabis-das-marginalisierte-gruppen-in-der-innenstadt-in-den-blick-nimmt\/"},"author":{"name":"ils-admin","@id":"https:\/\/www.ils-forschung.de\/en\/#\/schema\/person\/5a4e18575766674595b96b1fcb394571"},"headline":"\u00dcber die \u201eStadt im Wandel\u201c: Stra\u00dfenmagazin bodo berichtet \u00fcber das Forschungsprojekt MaBIs, das marginalisierte Gruppen in der Innenstadt in den Blick nimmt","datePublished":"2025-01-15T08:59:23+00:00","mainEntityOfPage":{"@id":"https:\/\/www.ils-forschung.de\/en\/2025\/01\/ueber-die-stadt-im-wandel-strassenmagazin-bodo-berichtet-ueber-das-forschungsprojekt-mabis-das-marginalisierte-gruppen-in-der-innenstadt-in-den-blick-nimmt\/"},"wordCount":1654,"image":{"@id":"https:\/\/www.ils-forschung.de\/en\/2025\/01\/ueber-die-stadt-im-wandel-strassenmagazin-bodo-berichtet-ueber-das-forschungsprojekt-mabis-das-marginalisierte-gruppen-in-der-innenstadt-in-den-blick-nimmt\/#primaryimage"},"thumbnailUrl":"https:\/\/www.ils-forschung.de\/wp-content\/uploads\/2025\/01\/250114-bodo-1.webp","inLanguage":"en-US"},{"@type":"WebPage","@id":"https:\/\/www.ils-forschung.de\/en\/2025\/01\/ueber-die-stadt-im-wandel-strassenmagazin-bodo-berichtet-ueber-das-forschungsprojekt-mabis-das-marginalisierte-gruppen-in-der-innenstadt-in-den-blick-nimmt\/","url":"https:\/\/www.ils-forschung.de\/en\/2025\/01\/ueber-die-stadt-im-wandel-strassenmagazin-bodo-berichtet-ueber-das-forschungsprojekt-mabis-das-marginalisierte-gruppen-in-der-innenstadt-in-den-blick-nimmt\/","name":"\u00dcber die \u201eStadt im Wandel\u201c: Stra\u00dfenmagazin bodo berichtet \u00fcber das Forschungsprojekt MaBIs, das marginalisierte Gruppen in der Innenstadt in den Blick nimmt - ILS - Institut f\u00fcr Landes- und Stadtentwicklungsforschung","isPartOf":{"@id":"https:\/\/www.ils-forschung.de\/en\/#website"},"primaryImageOfPage":{"@id":"https:\/\/www.ils-forschung.de\/en\/2025\/01\/ueber-die-stadt-im-wandel-strassenmagazin-bodo-berichtet-ueber-das-forschungsprojekt-mabis-das-marginalisierte-gruppen-in-der-innenstadt-in-den-blick-nimmt\/#primaryimage"},"image":{"@id":"https:\/\/www.ils-forschung.de\/en\/2025\/01\/ueber-die-stadt-im-wandel-strassenmagazin-bodo-berichtet-ueber-das-forschungsprojekt-mabis-das-marginalisierte-gruppen-in-der-innenstadt-in-den-blick-nimmt\/#primaryimage"},"thumbnailUrl":"https:\/\/www.ils-forschung.de\/wp-content\/uploads\/2025\/01\/250114-bodo-1.webp","datePublished":"2025-01-15T08:59:23+00:00","author":{"@id":"https:\/\/www.ils-forschung.de\/en\/#\/schema\/person\/5a4e18575766674595b96b1fcb394571"},"breadcrumb":{"@id":"https:\/\/www.ils-forschung.de\/en\/2025\/01\/ueber-die-stadt-im-wandel-strassenmagazin-bodo-berichtet-ueber-das-forschungsprojekt-mabis-das-marginalisierte-gruppen-in-der-innenstadt-in-den-blick-nimmt\/#breadcrumb"},"inLanguage":"en-US","potentialAction":[{"@type":"ReadAction","target":["https:\/\/www.ils-forschung.de\/en\/2025\/01\/ueber-die-stadt-im-wandel-strassenmagazin-bodo-berichtet-ueber-das-forschungsprojekt-mabis-das-marginalisierte-gruppen-in-der-innenstadt-in-den-blick-nimmt\/"]}]},{"@type":"ImageObject","inLanguage":"en-US","@id":"https:\/\/www.ils-forschung.de\/en\/2025\/01\/ueber-die-stadt-im-wandel-strassenmagazin-bodo-berichtet-ueber-das-forschungsprojekt-mabis-das-marginalisierte-gruppen-in-der-innenstadt-in-den-blick-nimmt\/#primaryimage","url":"https:\/\/www.ils-forschung.de\/wp-content\/uploads\/2025\/01\/250114-bodo-1.webp","contentUrl":"https:\/\/www.ils-forschung.de\/wp-content\/uploads\/2025\/01\/250114-bodo-1.webp","width":1000,"height":750,"caption":"\u00a9 Carsten Nawrath\/ILS"},{"@type":"BreadcrumbList","@id":"https:\/\/www.ils-forschung.de\/en\/2025\/01\/ueber-die-stadt-im-wandel-strassenmagazin-bodo-berichtet-ueber-das-forschungsprojekt-mabis-das-marginalisierte-gruppen-in-der-innenstadt-in-den-blick-nimmt\/#breadcrumb","itemListElement":[{"@type":"ListItem","position":1,"name":"Home","item":"https:\/\/www.ils-forschung.de\/en\/"},{"@type":"ListItem","position":2,"name":"\u00dcber die \u201eStadt im Wandel\u201c: Stra\u00dfenmagazin bodo berichtet \u00fcber das Forschungsprojekt MaBIs, das marginalisierte Gruppen in der Innenstadt in den Blick nimmt"}]},{"@type":"WebSite","@id":"https:\/\/www.ils-forschung.de\/en\/#website","url":"https:\/\/www.ils-forschung.de\/en\/","name":"ILS - Institut f\u00fcr Landes- und Stadtentwicklungsforschung","description":"Das ILS \u2013 Institut f\u00fcr Landes- und Stadtentwicklungsforschung ist ein raumwissenschaftliches au\u00dferuniversit\u00e4res Forschungsinstitut mit Sitz in Dortmund.","potentialAction":[{"@type":"SearchAction","target":{"@type":"EntryPoint","urlTemplate":"https:\/\/www.ils-forschung.de\/en\/?s={search_term_string}"},"query-input":{"@type":"PropertyValueSpecification","valueRequired":true,"valueName":"search_term_string"}}],"inLanguage":"en-US"},{"@type":"Person","@id":"https:\/\/www.ils-forschung.de\/en\/#\/schema\/person\/5a4e18575766674595b96b1fcb394571","name":"ils-admin","url":"https:\/\/www.ils-forschung.de\/en\/author\/ils-admin\/"}]}},"cc_featured_image_caption":{"caption_text":"\u00a9 Carsten Nawrath \/ ILS","source_text":"","source_url":""},"_links":{"self":[{"href":"https:\/\/www.ils-forschung.de\/en\/wp-json\/wp\/v2\/posts\/42072","targetHints":{"allow":["GET"]}}],"collection":[{"href":"https:\/\/www.ils-forschung.de\/en\/wp-json\/wp\/v2\/posts"}],"about":[{"href":"https:\/\/www.ils-forschung.de\/en\/wp-json\/wp\/v2\/types\/post"}],"author":[{"embeddable":true,"href":"https:\/\/www.ils-forschung.de\/en\/wp-json\/wp\/v2\/users\/14"}],"replies":[{"embeddable":true,"href":"https:\/\/www.ils-forschung.de\/en\/wp-json\/wp\/v2\/comments?post=42072"}],"version-history":[{"count":0,"href":"https:\/\/www.ils-forschung.de\/en\/wp-json\/wp\/v2\/posts\/42072\/revisions"}],"wp:featuredmedia":[{"embeddable":true,"href":"https:\/\/www.ils-forschung.de\/en\/wp-json\/wp\/v2\/media\/42068"}],"wp:attachment":[{"href":"https:\/\/www.ils-forschung.de\/en\/wp-json\/wp\/v2\/media?parent=42072"}],"wp:term":[{"taxonomy":"category","embeddable":true,"href":"https:\/\/www.ils-forschung.de\/en\/wp-json\/wp\/v2\/categories?post=42072"},{"taxonomy":"post_tag","embeddable":true,"href":"https:\/\/www.ils-forschung.de\/en\/wp-json\/wp\/v2\/tags?post=42072"}],"curies":[{"name":"wp","href":"https:\/\/api.w.org\/{rel}","templated":true}]}}