{"id":35033,"date":"2023-11-27T10:03:24","date_gmt":"2023-11-27T09:03:24","guid":{"rendered":"https:\/\/www.ils-forschung.de\/2023\/11\/pressemitteilung_gleiche-nachbarschaft-andere-grundschule\/"},"modified":"2023-11-27T10:03:24","modified_gmt":"2023-11-27T09:03:24","slug":"pressemitteilung_gleiche-nachbarschaft-andere-grundschule","status":"publish","type":"post","link":"https:\/\/www.ils-forschung.de\/en\/2023\/11\/pressemitteilung_gleiche-nachbarschaft-andere-grundschule\/","title":{"rendered":"Pressemitteilung"},"content":{"rendered":"<div class=\"fusion-fullwidth fullwidth-box fusion-builder-row-1 fusion-flex-container has-pattern-background has-mask-background nonhundred-percent-fullwidth non-hundred-percent-height-scrolling\" style=\"--awb-border-radius-top-left:0px;--awb-border-radius-top-right:0px;--awb-border-radius-bottom-right:0px;--awb-border-radius-bottom-left:0px;--awb-flex-wrap:wrap;\" ><div class=\"fusion-builder-row fusion-row fusion-flex-align-items-flex-start fusion-flex-content-wrap\" style=\"max-width:1144px;margin-left: calc(-4% \/ 2 );margin-right: calc(-4% \/ 2 );\"><div class=\"fusion-layout-column fusion_builder_column fusion-builder-column-0 fusion_builder_column_1_1 1_1 fusion-flex-column\" style=\"--awb-bg-size:cover;--awb-width-large:100%;--awb-margin-top-large:0px;--awb-spacing-right-large:1.92%;--awb-margin-bottom-large:20px;--awb-spacing-left-large:1.92%;--awb-width-medium:100%;--awb-order-medium:0;--awb-spacing-right-medium:1.92%;--awb-spacing-left-medium:1.92%;--awb-width-small:100%;--awb-order-small:0;--awb-spacing-right-small:1.92%;--awb-spacing-left-small:1.92%;\"><div class=\"fusion-column-wrapper fusion-column-has-shadow fusion-flex-justify-content-flex-start fusion-content-layout-column\"><div class=\"fusion-text fusion-text-1\"><p><strong>Gleiche Nachbarschaft, andere Grundschule<\/strong><\/p>\n<p>Studie untersucht, wie die Schulwahl der Eltern die soziale Entmischung verst\u00e4rkt<\/p>\n<p><strong>In den vergangenen Wochen konnten Eltern in Nordrhein-Westfalen ihre zuk\u00fcnftigen Erstkl\u00e4ssler*innen f\u00fcr das n\u00e4chste Schuljahr anmelden. ILS-Wissenschaftlerin Isabel Ramos Lobato hat die Auswirklungen der elterlichen Schulwahl auf die Zusammensetzung der Grundschulen untersucht. Die Ergebnisse sind jetzt als ILS-TRENDS \u201eSoziale Entmischung in der Grundschule \u2013 wie die Wahl der Eltern Segregation verst\u00e4rkt\u201c erschienen. Das Heft entstand unter Mitarbeit von Andreas Wettlaufer, Andreas Farwick und Heike Hanh\u00f6rster.<\/strong><\/p>\n<p>\u201eKinder mit unterschiedlichem sozio-\u00f6konomischem oder ethnisch-kulturellem Hintergrund sind in Grundschulen oft st\u00e4rker voneinander getrennt als in ihren Wohnvierteln\u201c, erl\u00e4utert die Wissenschaftlerin eines der zentralen Ergebnisse. Die Schulwahl der Eltern spiele dabei eine zentrale Rolle. \u201eSelbst wenn privilegiertere Familien in eher gemischten Stadtvierteln leben, w\u00e4hlen sie f\u00fcr ihre Kinder h\u00e4ufig eine Schule au\u00dferhalb der Nachbarschaft\u201c, so Ramos Lobato.<\/p>\n<p>In der Studie wurden beispielhaft f\u00fcr eine Stadt in NRW die Daten der Schulverwaltungs- und Einwohnermeldestatistik ausgewertet. Zur Messung der sozio-\u00f6konomischen Segregation wurde der Indikator der Lernmittelbefreiung genutzt. Diese erhalten \u00fcberwiegend Familien, die Sozialleistungen beziehen oder andere gravierende finanzielle Belastungen vorweisen. Die ethnisch-kulturelle Segregation wurde anhand des Migrationshintergrunds bzw. der Religionszugeh\u00f6rigkeit erfasst.<\/p>\n<p>\u201eDie wahrgenommene Zusammensetzung der Schule hat einen entscheidenden Einfluss auf das Wahlverhalten der Eltern\u201c, so Ramos Lobato. F\u00fcr Eltern mit h\u00f6herem Einkommen und Bildungshintergrund gilt: Je h\u00f6her der Anteil der Kinder mit Lernmittelbefreiung an einer Schule, umso schlechter sch\u00e4tzen sie deren Ruf ein und umso h\u00e4ufiger meiden sie diese. \u201eEltern mit niedrigerem Einkommen und Bildungshintergrund legen bei der Schulwahl gr\u00f6\u00dferen Wert auf Unterst\u00fctzungsangebote\u201c, erl\u00e4utert die Wissenschaftlerin.<\/p>\n<p>Die soziale Entmischung in der Grundschule kann auch die Aufstiegschancen der Kinder beeinflussen. So weisen Schulen mit besonders vielen sozial benachteiligten Kindern im Schnitt deutlich schlechtere Bildungsergebnisse auf. \u201eDie Schulsegregation ist damit nicht nur ein Spiegel sozialer und r\u00e4umlicher Ungleichheit, sondert tr\u00e4gt auch dazu bei, diese zu zementieren\u201c, so die Wissenschaftlerin.<\/p>\n<p>Ansatzpunkte f\u00fcr gemischtere Schulen sieht sie etwa in der besseren Ausstattung von benachteiligten Schulen und in transparenten, schul\u00fcbergreifenden Aufnahmeprozessen. \u201eUm die soziale Entmischung zu vermeiden, bedarf es zus\u00e4tzlicher finanzieller Unterst\u00fctzung bestimmter Schulen sowie klarer und verbindlicher Kriterien bei der Aufnahme der Kinder\u201c, so Ramos Lobato.<\/p>\n<p><em>Dieses Heft basiert auf einem laufenden Forschungsprojekt, das von der Deutschen Forschungsgemeinschaft (DFG) finanziert wird (445595495).<\/em><\/p>\n<p><em>Die Ausgabe 03\/23 \u201eSoziale Entmischung in der Grundschule \u2013 wie die Wahl der Eltern Segregation verst\u00e4rkt\u201c kann jetzt <a href=\"https:\/\/www.ils-forschung.de\/en\/knowledge-transfer\/ils-publications\/ils-trends\/?id=746\">hier<\/a> heruntergeladen werden.<\/em><\/p>\n<\/div><div class=\"fusion-separator fusion-full-width-sep\" style=\"align-self: center;margin-left: auto;margin-right: auto;margin-top:20px;margin-bottom:20px;width:100%;\"><\/div><div class=\"fusion-text fusion-text-2\"><h2>Downloads<\/h2>\n<ul>\n<li><a href=\"https:\/\/www.ils-forschung.de\/wp-content\/uploads\/2023\/11\/ils-pressemitteilung-12-schulwahl.pdf\" rel=\"noopener\" target=\"_blank\">Pressemitteilung als pdf<\/a>.<\/li>\n<li>ILS-TRENDS 03\/23 \u201e<a href=\"https:\/\/www.ils-forschung.de\/en\/knowledge-transfer\/ils-publications\/ils-trends\/?id=746\">Soziale Entmischung in der Grundschule \u2013 wie die Wahl der Eltern Segregation verst\u00e4rkt<\/a>\u201c<\/li>\n<\/ul>\n<\/div><div class=\"fusion-separator fusion-full-width-sep\" style=\"align-self: center;margin-left: auto;margin-right: auto;margin-top:20px;margin-bottom:20px;width:100%;\"><\/div><div class=\"fusion-text fusion-text-3\"><h2>Kontakt<\/h2>\n<p>Theresa von Bischopink<br \/>\nILS, Stabsstelle \u201eTransfer und Transformation\u201c<br \/>\nTelefon: + 49 (0) 231 9051-160<br \/>\nE-Mail: <a href=\"mailto:theresa.vonbischopink@ils-forschung.de\">theresa.vonbischopink@ils-forschung.de<\/a><\/p>\n<\/div><\/div><\/div><\/div><\/div>\n","protected":false},"excerpt":{"rendered":"","protected":false},"author":14,"featured_media":29963,"comment_status":"closed","ping_status":"closed","sticky":false,"template":"","format":"standard","meta":{"footnotes":""},"categories":[10],"tags":[],"class_list":["post-35033","post","type-post","status-publish","format-standard","has-post-thumbnail","hentry","category-uncategorized"],"yoast_head":"<!-- This site is optimized with the Yoast SEO plugin v27.1.1 - https:\/\/yoast.com\/product\/yoast-seo-wordpress\/ -->\n<title>Pressemitteilung - ILS - Institut f\u00fcr Landes- und Stadtentwicklungsforschung<\/title>\n<meta name=\"robots\" content=\"index, follow, max-snippet:-1, max-image-preview:large, max-video-preview:-1\" \/>\n<link rel=\"canonical\" href=\"https:\/\/www.ils-forschung.de\/en\/2023\/11\/pressemitteilung_gleiche-nachbarschaft-andere-grundschule\/\" \/>\n<meta property=\"og:locale\" content=\"en_US\" \/>\n<meta property=\"og:type\" content=\"article\" \/>\n<meta property=\"og:title\" content=\"Pressemitteilung - ILS - Institut f\u00fcr Landes- und Stadtentwicklungsforschung\" \/>\n<meta property=\"og:url\" content=\"https:\/\/www.ils-forschung.de\/en\/2023\/11\/pressemitteilung_gleiche-nachbarschaft-andere-grundschule\/\" \/>\n<meta property=\"og:site_name\" content=\"ILS - Institut f\u00fcr Landes- und Stadtentwicklungsforschung\" \/>\n<meta property=\"article:published_time\" content=\"2023-11-27T09:03:24+00:00\" \/>\n<meta property=\"og:image\" content=\"https:\/\/www.ils-forschung.de\/wp-content\/uploads\/2023\/04\/ils-social-share-logo.jpg\" \/>\n\t<meta property=\"og:image:width\" content=\"1200\" \/>\n\t<meta property=\"og:image:height\" content=\"630\" \/>\n\t<meta property=\"og:image:type\" content=\"image\/jpeg\" \/>\n<meta name=\"author\" content=\"ils-admin\" \/>\n<meta name=\"twitter:card\" content=\"summary_large_image\" \/>\n<meta name=\"twitter:creator\" content=\"@ILS_forschung\" \/>\n<meta name=\"twitter:site\" content=\"@ILS_forschung\" \/>\n<meta name=\"twitter:label1\" content=\"Written by\" \/>\n\t<meta name=\"twitter:data1\" content=\"ils-admin\" \/>\n\t<meta name=\"twitter:label2\" content=\"Est. reading time\" \/>\n\t<meta name=\"twitter:data2\" content=\"8 minutes\" \/>\n<script type=\"application\/ld+json\" class=\"yoast-schema-graph\">{\"@context\":\"https:\/\/schema.org\",\"@graph\":[{\"@type\":\"Article\",\"@id\":\"https:\/\/www.ils-forschung.de\/en\/2023\/11\/pressemitteilung_gleiche-nachbarschaft-andere-grundschule\/#article\",\"isPartOf\":{\"@id\":\"https:\/\/www.ils-forschung.de\/en\/2023\/11\/pressemitteilung_gleiche-nachbarschaft-andere-grundschule\/\"},\"author\":{\"name\":\"ils-admin\",\"@id\":\"https:\/\/www.ils-forschung.de\/en\/#\/schema\/person\/5a4e18575766674595b96b1fcb394571\"},\"headline\":\"Pressemitteilung\",\"datePublished\":\"2023-11-27T09:03:24+00:00\",\"mainEntityOfPage\":{\"@id\":\"https:\/\/www.ils-forschung.de\/en\/2023\/11\/pressemitteilung_gleiche-nachbarschaft-andere-grundschule\/\"},\"wordCount\":1671,\"image\":{\"@id\":\"https:\/\/www.ils-forschung.de\/en\/2023\/11\/pressemitteilung_gleiche-nachbarschaft-andere-grundschule\/#primaryimage\"},\"thumbnailUrl\":\"https:\/\/www.ils-forschung.de\/wp-content\/uploads\/2023\/04\/ils-social-share-logo.jpg\",\"inLanguage\":\"en-US\"},{\"@type\":\"WebPage\",\"@id\":\"https:\/\/www.ils-forschung.de\/en\/2023\/11\/pressemitteilung_gleiche-nachbarschaft-andere-grundschule\/\",\"url\":\"https:\/\/www.ils-forschung.de\/en\/2023\/11\/pressemitteilung_gleiche-nachbarschaft-andere-grundschule\/\",\"name\":\"Pressemitteilung - ILS - Institut f\u00fcr Landes- und Stadtentwicklungsforschung\",\"isPartOf\":{\"@id\":\"https:\/\/www.ils-forschung.de\/en\/#website\"},\"primaryImageOfPage\":{\"@id\":\"https:\/\/www.ils-forschung.de\/en\/2023\/11\/pressemitteilung_gleiche-nachbarschaft-andere-grundschule\/#primaryimage\"},\"image\":{\"@id\":\"https:\/\/www.ils-forschung.de\/en\/2023\/11\/pressemitteilung_gleiche-nachbarschaft-andere-grundschule\/#primaryimage\"},\"thumbnailUrl\":\"https:\/\/www.ils-forschung.de\/wp-content\/uploads\/2023\/04\/ils-social-share-logo.jpg\",\"datePublished\":\"2023-11-27T09:03:24+00:00\",\"author\":{\"@id\":\"https:\/\/www.ils-forschung.de\/en\/#\/schema\/person\/5a4e18575766674595b96b1fcb394571\"},\"breadcrumb\":{\"@id\":\"https:\/\/www.ils-forschung.de\/en\/2023\/11\/pressemitteilung_gleiche-nachbarschaft-andere-grundschule\/#breadcrumb\"},\"inLanguage\":\"en-US\",\"potentialAction\":[{\"@type\":\"ReadAction\",\"target\":[\"https:\/\/www.ils-forschung.de\/en\/2023\/11\/pressemitteilung_gleiche-nachbarschaft-andere-grundschule\/\"]}]},{\"@type\":\"ImageObject\",\"inLanguage\":\"en-US\",\"@id\":\"https:\/\/www.ils-forschung.de\/en\/2023\/11\/pressemitteilung_gleiche-nachbarschaft-andere-grundschule\/#primaryimage\",\"url\":\"https:\/\/www.ils-forschung.de\/wp-content\/uploads\/2023\/04\/ils-social-share-logo.jpg\",\"contentUrl\":\"https:\/\/www.ils-forschung.de\/wp-content\/uploads\/2023\/04\/ils-social-share-logo.jpg\",\"width\":1200,\"height\":630},{\"@type\":\"BreadcrumbList\",\"@id\":\"https:\/\/www.ils-forschung.de\/en\/2023\/11\/pressemitteilung_gleiche-nachbarschaft-andere-grundschule\/#breadcrumb\",\"itemListElement\":[{\"@type\":\"ListItem\",\"position\":1,\"name\":\"Home\",\"item\":\"https:\/\/www.ils-forschung.de\/en\/\"},{\"@type\":\"ListItem\",\"position\":2,\"name\":\"Pressemitteilung\"}]},{\"@type\":\"WebSite\",\"@id\":\"https:\/\/www.ils-forschung.de\/en\/#website\",\"url\":\"https:\/\/www.ils-forschung.de\/en\/\",\"name\":\"ILS - Institut f\u00fcr Landes- und Stadtentwicklungsforschung\",\"description\":\"Das ILS \u2013 Institut f\u00fcr Landes- und Stadtentwicklungsforschung ist ein raumwissenschaftliches au\u00dferuniversit\u00e4res Forschungsinstitut mit Sitz in Dortmund.\",\"potentialAction\":[{\"@type\":\"SearchAction\",\"target\":{\"@type\":\"EntryPoint\",\"urlTemplate\":\"https:\/\/www.ils-forschung.de\/en\/?s={search_term_string}\"},\"query-input\":{\"@type\":\"PropertyValueSpecification\",\"valueRequired\":true,\"valueName\":\"search_term_string\"}}],\"inLanguage\":\"en-US\"},{\"@type\":\"Person\",\"@id\":\"https:\/\/www.ils-forschung.de\/en\/#\/schema\/person\/5a4e18575766674595b96b1fcb394571\",\"name\":\"ils-admin\",\"url\":\"https:\/\/www.ils-forschung.de\/en\/author\/ils-admin\/\"}]}<\/script>\n<!-- \/ Yoast SEO plugin. -->","yoast_head_json":{"title":"Pressemitteilung - ILS - Institut f\u00fcr Landes- und Stadtentwicklungsforschung","robots":{"index":"index","follow":"follow","max-snippet":"max-snippet:-1","max-image-preview":"max-image-preview:large","max-video-preview":"max-video-preview:-1"},"canonical":"https:\/\/www.ils-forschung.de\/en\/2023\/11\/pressemitteilung_gleiche-nachbarschaft-andere-grundschule\/","og_locale":"en_US","og_type":"article","og_title":"Pressemitteilung - ILS - Institut f\u00fcr Landes- und Stadtentwicklungsforschung","og_url":"https:\/\/www.ils-forschung.de\/en\/2023\/11\/pressemitteilung_gleiche-nachbarschaft-andere-grundschule\/","og_site_name":"ILS - Institut f\u00fcr Landes- und Stadtentwicklungsforschung","article_published_time":"2023-11-27T09:03:24+00:00","og_image":[{"width":1200,"height":630,"url":"https:\/\/www.ils-forschung.de\/wp-content\/uploads\/2023\/04\/ils-social-share-logo.jpg","type":"image\/jpeg"}],"author":"ils-admin","twitter_card":"summary_large_image","twitter_creator":"@ILS_forschung","twitter_site":"@ILS_forschung","twitter_misc":{"Written by":"ils-admin","Est. reading time":"8 minutes"},"schema":{"@context":"https:\/\/schema.org","@graph":[{"@type":"Article","@id":"https:\/\/www.ils-forschung.de\/en\/2023\/11\/pressemitteilung_gleiche-nachbarschaft-andere-grundschule\/#article","isPartOf":{"@id":"https:\/\/www.ils-forschung.de\/en\/2023\/11\/pressemitteilung_gleiche-nachbarschaft-andere-grundschule\/"},"author":{"name":"ils-admin","@id":"https:\/\/www.ils-forschung.de\/en\/#\/schema\/person\/5a4e18575766674595b96b1fcb394571"},"headline":"Pressemitteilung","datePublished":"2023-11-27T09:03:24+00:00","mainEntityOfPage":{"@id":"https:\/\/www.ils-forschung.de\/en\/2023\/11\/pressemitteilung_gleiche-nachbarschaft-andere-grundschule\/"},"wordCount":1671,"image":{"@id":"https:\/\/www.ils-forschung.de\/en\/2023\/11\/pressemitteilung_gleiche-nachbarschaft-andere-grundschule\/#primaryimage"},"thumbnailUrl":"https:\/\/www.ils-forschung.de\/wp-content\/uploads\/2023\/04\/ils-social-share-logo.jpg","inLanguage":"en-US"},{"@type":"WebPage","@id":"https:\/\/www.ils-forschung.de\/en\/2023\/11\/pressemitteilung_gleiche-nachbarschaft-andere-grundschule\/","url":"https:\/\/www.ils-forschung.de\/en\/2023\/11\/pressemitteilung_gleiche-nachbarschaft-andere-grundschule\/","name":"Pressemitteilung - ILS - Institut f\u00fcr Landes- und Stadtentwicklungsforschung","isPartOf":{"@id":"https:\/\/www.ils-forschung.de\/en\/#website"},"primaryImageOfPage":{"@id":"https:\/\/www.ils-forschung.de\/en\/2023\/11\/pressemitteilung_gleiche-nachbarschaft-andere-grundschule\/#primaryimage"},"image":{"@id":"https:\/\/www.ils-forschung.de\/en\/2023\/11\/pressemitteilung_gleiche-nachbarschaft-andere-grundschule\/#primaryimage"},"thumbnailUrl":"https:\/\/www.ils-forschung.de\/wp-content\/uploads\/2023\/04\/ils-social-share-logo.jpg","datePublished":"2023-11-27T09:03:24+00:00","author":{"@id":"https:\/\/www.ils-forschung.de\/en\/#\/schema\/person\/5a4e18575766674595b96b1fcb394571"},"breadcrumb":{"@id":"https:\/\/www.ils-forschung.de\/en\/2023\/11\/pressemitteilung_gleiche-nachbarschaft-andere-grundschule\/#breadcrumb"},"inLanguage":"en-US","potentialAction":[{"@type":"ReadAction","target":["https:\/\/www.ils-forschung.de\/en\/2023\/11\/pressemitteilung_gleiche-nachbarschaft-andere-grundschule\/"]}]},{"@type":"ImageObject","inLanguage":"en-US","@id":"https:\/\/www.ils-forschung.de\/en\/2023\/11\/pressemitteilung_gleiche-nachbarschaft-andere-grundschule\/#primaryimage","url":"https:\/\/www.ils-forschung.de\/wp-content\/uploads\/2023\/04\/ils-social-share-logo.jpg","contentUrl":"https:\/\/www.ils-forschung.de\/wp-content\/uploads\/2023\/04\/ils-social-share-logo.jpg","width":1200,"height":630},{"@type":"BreadcrumbList","@id":"https:\/\/www.ils-forschung.de\/en\/2023\/11\/pressemitteilung_gleiche-nachbarschaft-andere-grundschule\/#breadcrumb","itemListElement":[{"@type":"ListItem","position":1,"name":"Home","item":"https:\/\/www.ils-forschung.de\/en\/"},{"@type":"ListItem","position":2,"name":"Pressemitteilung"}]},{"@type":"WebSite","@id":"https:\/\/www.ils-forschung.de\/en\/#website","url":"https:\/\/www.ils-forschung.de\/en\/","name":"ILS - Institut f\u00fcr Landes- und Stadtentwicklungsforschung","description":"Das ILS \u2013 Institut f\u00fcr Landes- und Stadtentwicklungsforschung ist ein raumwissenschaftliches au\u00dferuniversit\u00e4res Forschungsinstitut mit Sitz in Dortmund.","potentialAction":[{"@type":"SearchAction","target":{"@type":"EntryPoint","urlTemplate":"https:\/\/www.ils-forschung.de\/en\/?s={search_term_string}"},"query-input":{"@type":"PropertyValueSpecification","valueRequired":true,"valueName":"search_term_string"}}],"inLanguage":"en-US"},{"@type":"Person","@id":"https:\/\/www.ils-forschung.de\/en\/#\/schema\/person\/5a4e18575766674595b96b1fcb394571","name":"ils-admin","url":"https:\/\/www.ils-forschung.de\/en\/author\/ils-admin\/"}]}},"cc_featured_image_caption":{"caption_text":"","source_text":"","source_url":""},"_links":{"self":[{"href":"https:\/\/www.ils-forschung.de\/en\/wp-json\/wp\/v2\/posts\/35033","targetHints":{"allow":["GET"]}}],"collection":[{"href":"https:\/\/www.ils-forschung.de\/en\/wp-json\/wp\/v2\/posts"}],"about":[{"href":"https:\/\/www.ils-forschung.de\/en\/wp-json\/wp\/v2\/types\/post"}],"author":[{"embeddable":true,"href":"https:\/\/www.ils-forschung.de\/en\/wp-json\/wp\/v2\/users\/14"}],"replies":[{"embeddable":true,"href":"https:\/\/www.ils-forschung.de\/en\/wp-json\/wp\/v2\/comments?post=35033"}],"version-history":[{"count":0,"href":"https:\/\/www.ils-forschung.de\/en\/wp-json\/wp\/v2\/posts\/35033\/revisions"}],"wp:featuredmedia":[{"embeddable":true,"href":"https:\/\/www.ils-forschung.de\/en\/wp-json\/wp\/v2\/media\/29963"}],"wp:attachment":[{"href":"https:\/\/www.ils-forschung.de\/en\/wp-json\/wp\/v2\/media?parent=35033"}],"wp:term":[{"taxonomy":"category","embeddable":true,"href":"https:\/\/www.ils-forschung.de\/en\/wp-json\/wp\/v2\/categories?post=35033"},{"taxonomy":"post_tag","embeddable":true,"href":"https:\/\/www.ils-forschung.de\/en\/wp-json\/wp\/v2\/tags?post=35033"}],"curies":[{"name":"wp","href":"https:\/\/api.w.org\/{rel}","templated":true}]}}