{"id":33711,"date":"2023-09-20T13:15:20","date_gmt":"2023-09-20T11:15:20","guid":{"rendered":"https:\/\/www.ils-forschung.de\/2023\/09\/pressemitteilung-neue-bilder-fuer-die-innenstaedte-jrf-vor-ort-diskutierte-ideen-und-impulse-fuer-lebendige-zentren\/"},"modified":"2025-11-20T14:54:18","modified_gmt":"2025-11-20T13:54:18","slug":"pressemitteilung-neue-bilder-fuer-die-innenstaedte-jrf-vor-ort-diskutierte-ideen-und-impulse-fuer-lebendige-zentren","status":"publish","type":"post","link":"https:\/\/www.ils-forschung.de\/en\/2023\/09\/pressemitteilung-neue-bilder-fuer-die-innenstaedte-jrf-vor-ort-diskutierte-ideen-und-impulse-fuer-lebendige-zentren\/","title":{"rendered":"Pressemitteilung: Neue Bilder f\u00fcr die Innenst\u00e4dte &#8211; \u201eJRF vor Ort\u201c diskutierte Ideen und Impulse f\u00fcr lebendige Zentren"},"content":{"rendered":"<div class=\"fusion-fullwidth fullwidth-box fusion-builder-row-1 fusion-flex-container has-pattern-background has-mask-background nonhundred-percent-fullwidth non-hundred-percent-height-scrolling\" style=\"--awb-border-radius-top-left:0px;--awb-border-radius-top-right:0px;--awb-border-radius-bottom-right:0px;--awb-border-radius-bottom-left:0px;--awb-flex-wrap:wrap;\" ><div class=\"fusion-builder-row fusion-row fusion-flex-align-items-flex-start fusion-flex-content-wrap\" style=\"max-width:1144px;margin-left: calc(-4% \/ 2 );margin-right: calc(-4% \/ 2 );\"><div class=\"fusion-layout-column fusion_builder_column fusion-builder-column-0 fusion_builder_column_1_1 1_1 fusion-flex-column\" style=\"--awb-bg-size:cover;--awb-width-large:100%;--awb-margin-top-large:0px;--awb-spacing-right-large:1.92%;--awb-margin-bottom-large:20px;--awb-spacing-left-large:1.92%;--awb-width-medium:100%;--awb-order-medium:0;--awb-spacing-right-medium:1.92%;--awb-spacing-left-medium:1.92%;--awb-width-small:100%;--awb-order-small:0;--awb-spacing-right-small:1.92%;--awb-spacing-left-small:1.92%;\"><div class=\"fusion-column-wrapper fusion-column-has-shadow fusion-flex-justify-content-flex-start fusion-content-layout-column\"><div class=\"fusion-image-element \" style=\"--awb-aspect-ratio:21 \/ 9;--awb-object-position:36% 48%;--awb-caption-title-font-family:var(--h2_typography-font-family);--awb-caption-title-font-weight:var(--h2_typography-font-weight);--awb-caption-title-font-style:var(--h2_typography-font-style);--awb-caption-title-size:var(--h2_typography-font-size);--awb-caption-title-transform:var(--h2_typography-text-transform);--awb-caption-title-line-height:var(--h2_typography-line-height);--awb-caption-title-letter-spacing:var(--h2_typography-letter-spacing);\"><span class=\" fusion-imageframe imageframe-none imageframe-1 hover-type-none has-aspect-ratio\"><img decoding=\"async\" width=\"2000\" height=\"1334\" alt=\"\u00a9 JRF e. V. \" title=\"20230915-jrf-kl-052\" src=\"https:\/\/www.ils-forschung.de\/wp-content\/uploads\/2023\/09\/20230915-jrf-kl-052.jpg\" class=\"img-responsive wp-image-33698 img-with-aspect-ratio\" data-parent-fit=\"cover\" data-parent-container=\".fusion-image-element\" srcset=\"https:\/\/www.ils-forschung.de\/wp-content\/uploads\/2023\/09\/20230915-jrf-kl-052-200x133.jpg 200w, https:\/\/www.ils-forschung.de\/wp-content\/uploads\/2023\/09\/20230915-jrf-kl-052-400x267.jpg 400w, https:\/\/www.ils-forschung.de\/wp-content\/uploads\/2023\/09\/20230915-jrf-kl-052-600x400.jpg 600w, https:\/\/www.ils-forschung.de\/wp-content\/uploads\/2023\/09\/20230915-jrf-kl-052-800x534.jpg 800w, https:\/\/www.ils-forschung.de\/wp-content\/uploads\/2023\/09\/20230915-jrf-kl-052-1200x800.jpg 1200w, https:\/\/www.ils-forschung.de\/wp-content\/uploads\/2023\/09\/20230915-jrf-kl-052.jpg 2000w\" sizes=\"(max-width: 1125px) 100vw, (max-width: 765px) 100vw, 1200px\" \/><\/span><\/div><div class=\"fusion-text fusion-text-1\"><p><span style=\"font-size: 13px;\">\u00a9 JRF e. V.<\/span><\/p>\n<\/div><div class=\"fusion-separator fusion-full-width-sep\" style=\"align-self: center;margin-left: auto;margin-right: auto;margin-top:10px;margin-bottom:10px;width:100%;\"><\/div><div class=\"fusion-text fusion-text-2\"><p>\u201eSchlie\u00dfen Sie bitte kurz die Augen und denken Sie dar\u00fcber nach, wie Ihre Innenstadt der Zukunft aussieht\u201c \u2013 mit diesem Gedankenexperiment ist am vergangenen Freitag die Veranstaltung \u201eNeue Bilder f\u00fcr die Innenst\u00e4dte\u201c im Dortmunder Fu\u00dfballmuseum gestartet. Angesichts sinkender Ums\u00e4tze durch den zunehmenden Onlinehandel und vermehrter Leerst\u00e4nde diskutierten Akteure aus Wissenschaft, Politik und Zivilgesellschaft Ideen und Impulse f\u00fcr lebendige Zentren. Zur Veranstaltung innerhalb der Reihe \u201eJRF vor Ort\u201c hatte die Johannes-Rau-Forschungsgemeinschaft gemeinsam mit ihrem Mitgliedsinstitut ILS \u2013 Institut f\u00fcr Landes- und Stadtentwicklungsforschung eingeladen.<\/p>\n<p>Stefan Postert vom B\u00fcro Stadt + Handel nahm das Gesamtpaket Innenstadt mit den verschiedenen Nutzungen in den Blick. \u201eEinkaufen ist wichtig, aber nur im Kontext mit anderen Angeboten\u201c, so der Planer. \u201eWir brauchen daf\u00fcr dynamische Strategien statt statischer Konzepte.\u201c Er pl\u00e4dierte dabei auch f\u00fcr neue Gesch\u00e4fts-, Betreiber- und Finanzierungsmodelle, um neue Wertsch\u00f6pfung in den Zentren erzielen zu k\u00f6nnen.<\/p>\n<p>Wie Wege und Instrumente f\u00fcr die Innenstadt der Zukunft konkret vor Ort aussehen k\u00f6nnen, berichtete Jan Casper-Damberg vom Projektb\u00fcro Innenstadt Bremen. In enger Zusammenarbeit mit Verwaltung, Politik, Immobilienwirtschaft, Unternehmertum und Stadtgesellschaft versteht das B\u00fcro den Transformationsprozess f\u00fcr die Innenstadt als gemeinschaftliches Projekt. \u201eEin Projektb\u00fcro, das ressort\u00fcbergreifend die Planungsverwaltung und die anderen Akteure der Innenstadtentwicklung koordiniert, dabei auch die langfristigen Aufgaben der Transformation im Blick hat und anst\u00f6\u00dft, f\u00fcr Perspektivenvielfalt sorgt und die Chancen der Transformation greifbar und plastisch f\u00fcr die Stadtgesellschaft kommuniziert, ist ein erster Schritt in die richtige Richtung\u201c, so Casper-Damberg zum Bremer Ansatz.<\/p>\n<p>Einen Blick in die Planungspraxis gab auch Tilmann Insinger vom Amt f\u00fcr Stadterneuerung der Stadt Dortmund. Er betonte die Bedeutung der Profilierung der unterschiedlichen innerst\u00e4dtischen Quartiere ebenso wie die erforderliche Kommunikation der Ergebnisse. \u201eNeben allen Pl\u00e4nen und Konzepten sind Bilder relevant, weil sie eine Idee und eine Aussicht f\u00fcr die Innenst\u00e4dte plakativer vermitteln k\u00f6nnen.\u201c<\/p>\n<p>Die ILS-Wissenschaftler*innen Dr. Kati Volgmann, Nina Hangebruch und Frank Osterhage gaben Einblicke in ihre konkreten Forschungen. \u201eDie Zentrenentwicklung wird komplexer, weil Einkaufen alleine nicht mehr reicht\u201c, so Volgmann. \u201eDie Innenst\u00e4dte brauchen neue Funktionen, die es so im Onlinehandel nicht gibt.\u201c Eine ganze Reihe neuer Funktionen wie Wohnen, Freizeit, Bildung und Kultur schilderte Nina Hangebruch anhand von Beispielen aus ihrer Forschung zur Nachnutzung leerstehender Warenh\u00e4user. \u201eKomplexe Umnutzungen brauchen Zeit und erfordern einen grundlegenden Umbau der Geb\u00e4ude, aber f\u00fcr fast alle ehemals leerstehenden H\u00e4user konnten Nachnutzungen gefunden werden\u201c, so die Wissenschaftlerin. Dabei seien auch die Vermieter gefragt. \u201eEine gro\u00dfe Aufgabe ist es, die Eigent\u00fcmer*innen f\u00fcr Ideen wie beispielsweise Wohnen zu gewinnen und zum Umbau zu bewegen\u201c, so Osterhage.<\/p>\n<p>Bei einer Online-Abstimmung konnten die Teilnehmenden selbst ihre Bilder f\u00fcr die Innenstadt der Zukunft einbringen. Schnell wurde deutlich, dass das Thema \u201eEinkaufen\u201c nach wie vor eine gro\u00dfe Rolle f\u00fcr die Teilnehmenden spielt. Daneben wurden aber auch Nutzungen wie Wohnen, Bildung und Dienstleistungen genannt oder der Wunsch nach einer besseren Aufenthaltsqualit\u00e4t etwa durch mehr Gr\u00fcnfl\u00e4chen. Die ExpertInnen waren sich am Ende einig, dass es nicht an Bildern und Ideen f\u00fcr Nutzungsmischungen mangelt. Die Herausforderung liege angesichts sinkender Ums\u00e4tze in der Schaffung und Umsetzung von passenden Rahmenbedingungen.<\/p>\n<\/div><div class=\"fusion-separator fusion-full-width-sep\" style=\"align-self: center;margin-left: auto;margin-right: auto;margin-top:20px;margin-bottom:20px;width:100%;\"><\/div><div class=\"fusion-builder-row fusion-builder-row-inner fusion-row fusion-flex-align-items-flex-start fusion-flex-content-wrap\" style=\"width:104% !important;max-width:104% !important;margin-left: calc(-4% \/ 2 );margin-right: calc(-4% \/ 2 );\"><div class=\"fusion-layout-column fusion_builder_column_inner fusion-builder-nested-column-0 fusion_builder_column_inner_1_2 1_2 fusion-flex-column\" style=\"--awb-bg-size:cover;--awb-width-large:50%;--awb-margin-top-large:0px;--awb-spacing-right-large:3.84%;--awb-margin-bottom-large:20px;--awb-spacing-left-large:3.84%;--awb-width-medium:100%;--awb-order-medium:0;--awb-spacing-right-medium:1.92%;--awb-spacing-left-medium:1.92%;--awb-width-small:100%;--awb-order-small:0;--awb-spacing-right-small:1.92%;--awb-spacing-left-small:1.92%;\"><div class=\"fusion-column-wrapper fusion-column-has-shadow fusion-flex-justify-content-flex-start fusion-content-layout-column\"><div class=\"fusion-image-element \" style=\"--awb-aspect-ratio:4 \/ 3;--awb-object-position:38% 52%;--awb-caption-title-font-family:var(--h2_typography-font-family);--awb-caption-title-font-weight:var(--h2_typography-font-weight);--awb-caption-title-font-style:var(--h2_typography-font-style);--awb-caption-title-size:var(--h2_typography-font-size);--awb-caption-title-transform:var(--h2_typography-text-transform);--awb-caption-title-line-height:var(--h2_typography-line-height);--awb-caption-title-letter-spacing:var(--h2_typography-letter-spacing);\"><span class=\" fusion-imageframe imageframe-none imageframe-2 hover-type-none has-aspect-ratio\"><a href=\"https:\/\/www.ils-forschung.de\/wp-content\/uploads\/2023\/09\/20230915-jrf-kl-129.jpg\" class=\"fusion-lightbox\" data-rel=\"iLightbox[06beeda0ae0fda69755]\" data-caption=\"\u00a9 JRF e. V. \" data-title=\"20230915-jrf-kl-129\" title=\"20230915-jrf-kl-129\"><img decoding=\"async\" width=\"2000\" height=\"1334\" alt=\"\u00a9 JRF e. V. \" src=\"https:\/\/www.ils-forschung.de\/wp-content\/uploads\/2023\/09\/20230915-jrf-kl-129.jpg\" class=\"img-responsive wp-image-33702 img-with-aspect-ratio\" data-parent-fit=\"cover\" data-parent-container=\".fusion-image-element\" srcset=\"https:\/\/www.ils-forschung.de\/wp-content\/uploads\/2023\/09\/20230915-jrf-kl-129-200x133.jpg 200w, https:\/\/www.ils-forschung.de\/wp-content\/uploads\/2023\/09\/20230915-jrf-kl-129-400x267.jpg 400w, https:\/\/www.ils-forschung.de\/wp-content\/uploads\/2023\/09\/20230915-jrf-kl-129-600x400.jpg 600w, https:\/\/www.ils-forschung.de\/wp-content\/uploads\/2023\/09\/20230915-jrf-kl-129-800x534.jpg 800w, https:\/\/www.ils-forschung.de\/wp-content\/uploads\/2023\/09\/20230915-jrf-kl-129-1200x800.jpg 1200w, https:\/\/www.ils-forschung.de\/wp-content\/uploads\/2023\/09\/20230915-jrf-kl-129.jpg 2000w\" sizes=\"(max-width: 1125px) 100vw, (max-width: 765px) 100vw, 600px\" \/><\/a><\/span><\/div><div class=\"fusion-text fusion-text-3\"><p><span style=\"font-size: 13px;\">\u00a9 JRF e. V.<\/span><\/p>\n<\/div><\/div><\/div><div class=\"fusion-layout-column fusion_builder_column_inner fusion-builder-nested-column-1 fusion_builder_column_inner_1_2 1_2 fusion-flex-column\" style=\"--awb-bg-size:cover;--awb-width-large:50%;--awb-margin-top-large:0px;--awb-spacing-right-large:3.84%;--awb-margin-bottom-large:20px;--awb-spacing-left-large:3.84%;--awb-width-medium:100%;--awb-order-medium:0;--awb-spacing-right-medium:1.92%;--awb-spacing-left-medium:1.92%;--awb-width-small:100%;--awb-order-small:0;--awb-spacing-right-small:1.92%;--awb-spacing-left-small:1.92%;\"><div class=\"fusion-column-wrapper fusion-column-has-shadow fusion-flex-justify-content-flex-start fusion-content-layout-column\"><div class=\"fusion-image-element \" style=\"--awb-aspect-ratio:4 \/ 3;--awb-object-position:38% 52%;--awb-caption-title-font-family:var(--h2_typography-font-family);--awb-caption-title-font-weight:var(--h2_typography-font-weight);--awb-caption-title-font-style:var(--h2_typography-font-style);--awb-caption-title-size:var(--h2_typography-font-size);--awb-caption-title-transform:var(--h2_typography-text-transform);--awb-caption-title-line-height:var(--h2_typography-line-height);--awb-caption-title-letter-spacing:var(--h2_typography-letter-spacing);\"><span class=\" fusion-imageframe imageframe-none imageframe-3 hover-type-none has-aspect-ratio\"><a href=\"https:\/\/www.ils-forschung.de\/wp-content\/uploads\/2023\/09\/20230915-jrf-kl-108.jpg\" class=\"fusion-lightbox\" data-rel=\"iLightbox[71bc9955a2f165804ed]\" data-caption=\"\u00a9 JRF e. V. \" data-title=\"20230915-jrf-kl-108\" title=\"20230915-jrf-kl-108\"><img decoding=\"async\" width=\"2000\" height=\"1334\" alt=\"\u00a9 JRF e. V. \" src=\"https:\/\/www.ils-forschung.de\/wp-content\/uploads\/2023\/09\/20230915-jrf-kl-108.jpg\" class=\"img-responsive wp-image-33700 img-with-aspect-ratio\" data-parent-fit=\"cover\" data-parent-container=\".fusion-image-element\" srcset=\"https:\/\/www.ils-forschung.de\/wp-content\/uploads\/2023\/09\/20230915-jrf-kl-108-200x133.jpg 200w, https:\/\/www.ils-forschung.de\/wp-content\/uploads\/2023\/09\/20230915-jrf-kl-108-400x267.jpg 400w, https:\/\/www.ils-forschung.de\/wp-content\/uploads\/2023\/09\/20230915-jrf-kl-108-600x400.jpg 600w, https:\/\/www.ils-forschung.de\/wp-content\/uploads\/2023\/09\/20230915-jrf-kl-108-800x534.jpg 800w, https:\/\/www.ils-forschung.de\/wp-content\/uploads\/2023\/09\/20230915-jrf-kl-108-1200x800.jpg 1200w, https:\/\/www.ils-forschung.de\/wp-content\/uploads\/2023\/09\/20230915-jrf-kl-108.jpg 2000w\" sizes=\"(max-width: 1125px) 100vw, (max-width: 765px) 100vw, 600px\" \/><\/a><\/span><\/div><div class=\"fusion-text fusion-text-4\"><p><span style=\"font-size: 13px;\">\u00a9 JRF e. V.<\/span><\/p>\n<\/div><\/div><\/div><div class=\"fusion-layout-column fusion_builder_column_inner fusion-builder-nested-column-2 fusion_builder_column_inner_1_2 1_2 fusion-flex-column\" style=\"--awb-bg-size:cover;--awb-width-large:50%;--awb-margin-top-large:0px;--awb-spacing-right-large:3.84%;--awb-margin-bottom-large:20px;--awb-spacing-left-large:3.84%;--awb-width-medium:100%;--awb-order-medium:0;--awb-spacing-right-medium:1.92%;--awb-spacing-left-medium:1.92%;--awb-width-small:100%;--awb-order-small:0;--awb-spacing-right-small:1.92%;--awb-spacing-left-small:1.92%;\"><div class=\"fusion-column-wrapper fusion-column-has-shadow fusion-flex-justify-content-flex-start fusion-content-layout-column\"><div class=\"fusion-image-element \" style=\"--awb-aspect-ratio:4 \/ 3;--awb-object-position:38% 52%;--awb-caption-title-font-family:var(--h2_typography-font-family);--awb-caption-title-font-weight:var(--h2_typography-font-weight);--awb-caption-title-font-style:var(--h2_typography-font-style);--awb-caption-title-size:var(--h2_typography-font-size);--awb-caption-title-transform:var(--h2_typography-text-transform);--awb-caption-title-line-height:var(--h2_typography-line-height);--awb-caption-title-letter-spacing:var(--h2_typography-letter-spacing);\"><span class=\" fusion-imageframe imageframe-none imageframe-4 hover-type-none has-aspect-ratio\"><a href=\"https:\/\/www.ils-forschung.de\/wp-content\/uploads\/2023\/09\/20230915-jrf-kl-004.jpg\" class=\"fusion-lightbox\" data-rel=\"iLightbox[869da7f1ce54f7ad15e]\" data-caption=\"\u00a9 JRF e. V. \" data-title=\"20230915-jrf-kl-004\" title=\"20230915-jrf-kl-004\"><img decoding=\"async\" width=\"2000\" height=\"1334\" alt=\"\u00a9 JRF e. V. \" src=\"https:\/\/www.ils-forschung.de\/wp-content\/uploads\/2023\/09\/20230915-jrf-kl-004.jpg\" class=\"img-responsive wp-image-33704 img-with-aspect-ratio\" data-parent-fit=\"cover\" data-parent-container=\".fusion-image-element\" srcset=\"https:\/\/www.ils-forschung.de\/wp-content\/uploads\/2023\/09\/20230915-jrf-kl-004-200x133.jpg 200w, https:\/\/www.ils-forschung.de\/wp-content\/uploads\/2023\/09\/20230915-jrf-kl-004-400x267.jpg 400w, https:\/\/www.ils-forschung.de\/wp-content\/uploads\/2023\/09\/20230915-jrf-kl-004-600x400.jpg 600w, https:\/\/www.ils-forschung.de\/wp-content\/uploads\/2023\/09\/20230915-jrf-kl-004-800x534.jpg 800w, https:\/\/www.ils-forschung.de\/wp-content\/uploads\/2023\/09\/20230915-jrf-kl-004-1200x800.jpg 1200w, https:\/\/www.ils-forschung.de\/wp-content\/uploads\/2023\/09\/20230915-jrf-kl-004.jpg 2000w\" sizes=\"(max-width: 1125px) 100vw, (max-width: 765px) 100vw, 600px\" \/><\/a><\/span><\/div><div class=\"fusion-text fusion-text-5\"><p><span style=\"font-size: 13px;\">\u00a9 JRF e. V.<\/span><\/p>\n<\/div><\/div><\/div><div class=\"fusion-layout-column fusion_builder_column_inner fusion-builder-nested-column-3 fusion_builder_column_inner_1_2 1_2 fusion-flex-column\" style=\"--awb-bg-size:cover;--awb-width-large:50%;--awb-margin-top-large:0px;--awb-spacing-right-large:3.84%;--awb-margin-bottom-large:20px;--awb-spacing-left-large:3.84%;--awb-width-medium:100%;--awb-order-medium:0;--awb-spacing-right-medium:1.92%;--awb-spacing-left-medium:1.92%;--awb-width-small:100%;--awb-order-small:0;--awb-spacing-right-small:1.92%;--awb-spacing-left-small:1.92%;\"><div class=\"fusion-column-wrapper fusion-column-has-shadow fusion-flex-justify-content-flex-start fusion-content-layout-column\"><div class=\"fusion-image-element \" style=\"--awb-aspect-ratio:4 \/ 3;--awb-object-position:38% 52%;--awb-caption-title-font-family:var(--h2_typography-font-family);--awb-caption-title-font-weight:var(--h2_typography-font-weight);--awb-caption-title-font-style:var(--h2_typography-font-style);--awb-caption-title-size:var(--h2_typography-font-size);--awb-caption-title-transform:var(--h2_typography-text-transform);--awb-caption-title-line-height:var(--h2_typography-line-height);--awb-caption-title-letter-spacing:var(--h2_typography-letter-spacing);\"><span class=\" fusion-imageframe imageframe-none imageframe-5 hover-type-none has-aspect-ratio\"><a href=\"https:\/\/www.ils-forschung.de\/wp-content\/uploads\/2023\/09\/20230915-jrf-kl-095.jpg\" class=\"fusion-lightbox\" data-rel=\"iLightbox[f8eef801750c0f1a0d2]\" data-caption=\"\u00a9 JRF e. V. \" data-title=\"20230915-jrf-kl-095\" title=\"20230915-jrf-kl-095\"><img decoding=\"async\" width=\"2000\" height=\"1334\" alt=\"\u00a9 JRF e. V. \" src=\"https:\/\/www.ils-forschung.de\/wp-content\/uploads\/2023\/09\/20230915-jrf-kl-095.jpg\" class=\"img-responsive wp-image-33706 img-with-aspect-ratio\" data-parent-fit=\"cover\" data-parent-container=\".fusion-image-element\" srcset=\"https:\/\/www.ils-forschung.de\/wp-content\/uploads\/2023\/09\/20230915-jrf-kl-095-200x133.jpg 200w, https:\/\/www.ils-forschung.de\/wp-content\/uploads\/2023\/09\/20230915-jrf-kl-095-400x267.jpg 400w, https:\/\/www.ils-forschung.de\/wp-content\/uploads\/2023\/09\/20230915-jrf-kl-095-600x400.jpg 600w, https:\/\/www.ils-forschung.de\/wp-content\/uploads\/2023\/09\/20230915-jrf-kl-095-800x534.jpg 800w, https:\/\/www.ils-forschung.de\/wp-content\/uploads\/2023\/09\/20230915-jrf-kl-095-1200x800.jpg 1200w, https:\/\/www.ils-forschung.de\/wp-content\/uploads\/2023\/09\/20230915-jrf-kl-095.jpg 2000w\" sizes=\"(max-width: 1125px) 100vw, (max-width: 765px) 100vw, 600px\" \/><\/a><\/span><\/div><div class=\"fusion-text fusion-text-6\"><p><span style=\"font-size: 13px;\">\u00a9 JRF e. V.<\/span><\/p>\n<\/div><\/div><\/div><\/div><div class=\"fusion-separator fusion-full-width-sep\" style=\"align-self: center;margin-left: auto;margin-right: auto;margin-top:20px;margin-bottom:20px;width:100%;\"><\/div><div class=\"fusion-text fusion-text-7\"><h2>Downloads<\/h2>\n<ul>\n<li><a href=\"https:\/\/jrf.nrw\/veranstaltungen\/detail\/ils-bilder-innenstaedte\" rel=\"noopener\" target=\"_blank\">Pressebilder der Veranstaltung<\/a><\/li>\n<li><a href=\"https:\/\/jrf.nrw\/veranstaltungen\/detail\/ils-bilder-innenstaedte\" rel=\"noopener\" target=\"_blank\">Pressemitteilung als Download<\/a><\/li>\n<\/ul>\n<\/div><div class=\"fusion-separator fusion-full-width-sep\" style=\"align-self: center;margin-left: auto;margin-right: auto;margin-top:20px;margin-bottom:20px;width:100%;\"><\/div><div class=\"fusion-text fusion-text-8\"><h2>Pressekontakt<\/h2>\n<p>Theresa von Bischopink<br \/>\nILS, Stabsstelle \u201eTransfer und Transformation\u201c<br \/>\nTelefon: +49 (0) 231 9051-160<br \/>\nE-Mail: <a href=\"mailto:theresa.vonbischopink@ils-forschung.de\">theresa.vonbischopink@ils-forschung.de<\/a><\/p>\n<\/div><\/div><\/div><\/div><\/div>\n","protected":false},"excerpt":{"rendered":"","protected":false},"author":14,"featured_media":33708,"comment_status":"closed","ping_status":"closed","sticky":false,"template":"","format":"standard","meta":{"footnotes":""},"categories":[1],"tags":[],"class_list":["post-33711","post","type-post","status-publish","format-standard","has-post-thumbnail","hentry","category-unkategorisiert"],"yoast_head":"<!-- This site is optimized with the Yoast SEO plugin v27.1.1 - https:\/\/yoast.com\/product\/yoast-seo-wordpress\/ -->\n<title>Pressemitteilung: Neue Bilder f\u00fcr die Innenst\u00e4dte - \u201eJRF vor Ort\u201c diskutierte Ideen und Impulse f\u00fcr lebendige Zentren - ILS - Institut f\u00fcr Landes- und Stadtentwicklungsforschung<\/title>\n<meta name=\"robots\" content=\"index, follow, max-snippet:-1, max-image-preview:large, max-video-preview:-1\" \/>\n<link rel=\"canonical\" href=\"https:\/\/www.ils-forschung.de\/en\/2023\/09\/pressemitteilung-neue-bilder-fuer-die-innenstaedte-jrf-vor-ort-diskutierte-ideen-und-impulse-fuer-lebendige-zentren\/\" \/>\n<meta property=\"og:locale\" content=\"en_US\" \/>\n<meta property=\"og:type\" content=\"article\" \/>\n<meta property=\"og:title\" content=\"Pressemitteilung: Neue Bilder f\u00fcr die Innenst\u00e4dte - \u201eJRF vor Ort\u201c diskutierte Ideen und Impulse f\u00fcr lebendige Zentren\" \/>\n<meta property=\"og:description\" content=\"\u201eSchlie\u00dfen Sie bitte kurz die Augen und denken Sie dar\u00fcber nach, wie Ihre Innenstadt der Zukunft aussieht\u201c \u2013 mit diesem Gedankenexperiment ist am vergangenen Freitag die Veranstaltung \u201eNeue Bilder f\u00fcr die Innenst\u00e4dte\u201c im Dortmunder Fu\u00dfballmuseum gestartet. Angesichts sinkender Ums\u00e4tze durch den zunehmenden Onlinehandel und vermehrter Leerst\u00e4nde diskutierten Akteure aus Wissenschaft, Politik und Zivilgesellschaft Ideen und Impulse f\u00fcr lebendige Zentren. Zur Veranstaltung innerhalb der Reihe \u201eJRF vor Ort\u201c hatte die Johannes-Rau-Forschungsgemeinschaft gemeinsam mit dem ILS \u2013 Institut f\u00fcr Landes- und Stadtentwicklungsforschung eingeladen.\" \/>\n<meta property=\"og:url\" content=\"https:\/\/www.ils-forschung.de\/en\/2023\/09\/pressemitteilung-neue-bilder-fuer-die-innenstaedte-jrf-vor-ort-diskutierte-ideen-und-impulse-fuer-lebendige-zentren\/\" \/>\n<meta property=\"og:site_name\" content=\"ILS - Institut f\u00fcr Landes- und Stadtentwicklungsforschung\" \/>\n<meta property=\"article:published_time\" content=\"2023-09-20T11:15:20+00:00\" \/>\n<meta property=\"article:modified_time\" content=\"2025-11-20T13:54:18+00:00\" \/>\n<meta property=\"og:image\" content=\"https:\/\/www.ils-forschung.de\/wp-content\/uploads\/2023\/09\/20230915-jrf-kl-052-1.jpg\" \/>\n\t<meta property=\"og:image:width\" content=\"1000\" \/>\n\t<meta property=\"og:image:height\" content=\"750\" \/>\n\t<meta property=\"og:image:type\" content=\"image\/jpeg\" \/>\n<meta name=\"author\" content=\"ils-admin\" \/>\n<meta name=\"twitter:card\" content=\"summary_large_image\" \/>\n<meta name=\"twitter:creator\" content=\"@ILS_forschung\" \/>\n<meta name=\"twitter:site\" content=\"@ILS_forschung\" \/>\n<meta name=\"twitter:label1\" content=\"Written by\" \/>\n\t<meta name=\"twitter:data1\" content=\"ils-admin\" \/>\n\t<meta name=\"twitter:label2\" content=\"Est. reading time\" \/>\n\t<meta name=\"twitter:data2\" content=\"13 minutes\" \/>\n<script type=\"application\/ld+json\" class=\"yoast-schema-graph\">{\"@context\":\"https:\/\/schema.org\",\"@graph\":[{\"@type\":\"Article\",\"@id\":\"https:\/\/www.ils-forschung.de\/en\/2023\/09\/pressemitteilung-neue-bilder-fuer-die-innenstaedte-jrf-vor-ort-diskutierte-ideen-und-impulse-fuer-lebendige-zentren\/#article\",\"isPartOf\":{\"@id\":\"https:\/\/www.ils-forschung.de\/en\/2023\/09\/pressemitteilung-neue-bilder-fuer-die-innenstaedte-jrf-vor-ort-diskutierte-ideen-und-impulse-fuer-lebendige-zentren\/\"},\"author\":{\"name\":\"ils-admin\",\"@id\":\"https:\/\/www.ils-forschung.de\/en\/#\/schema\/person\/5a4e18575766674595b96b1fcb394571\"},\"headline\":\"Pressemitteilung: Neue Bilder f\u00fcr die Innenst\u00e4dte &#8211; \u201eJRF vor Ort\u201c diskutierte Ideen und Impulse f\u00fcr lebendige Zentren\",\"datePublished\":\"2023-09-20T11:15:20+00:00\",\"dateModified\":\"2025-11-20T13:54:18+00:00\",\"mainEntityOfPage\":{\"@id\":\"https:\/\/www.ils-forschung.de\/en\/2023\/09\/pressemitteilung-neue-bilder-fuer-die-innenstaedte-jrf-vor-ort-diskutierte-ideen-und-impulse-fuer-lebendige-zentren\/\"},\"wordCount\":5172,\"image\":{\"@id\":\"https:\/\/www.ils-forschung.de\/en\/2023\/09\/pressemitteilung-neue-bilder-fuer-die-innenstaedte-jrf-vor-ort-diskutierte-ideen-und-impulse-fuer-lebendige-zentren\/#primaryimage\"},\"thumbnailUrl\":\"https:\/\/www.ils-forschung.de\/wp-content\/uploads\/2023\/09\/20230915-jrf-kl-052-1.jpg\",\"articleSection\":[\"Unkategorisiert\"],\"inLanguage\":\"en-US\"},{\"@type\":\"WebPage\",\"@id\":\"https:\/\/www.ils-forschung.de\/en\/2023\/09\/pressemitteilung-neue-bilder-fuer-die-innenstaedte-jrf-vor-ort-diskutierte-ideen-und-impulse-fuer-lebendige-zentren\/\",\"url\":\"https:\/\/www.ils-forschung.de\/en\/2023\/09\/pressemitteilung-neue-bilder-fuer-die-innenstaedte-jrf-vor-ort-diskutierte-ideen-und-impulse-fuer-lebendige-zentren\/\",\"name\":\"Pressemitteilung: Neue Bilder f\u00fcr die Innenst\u00e4dte - \u201eJRF vor Ort\u201c diskutierte Ideen und Impulse f\u00fcr lebendige Zentren - ILS - Institut f\u00fcr Landes- und Stadtentwicklungsforschung\",\"isPartOf\":{\"@id\":\"https:\/\/www.ils-forschung.de\/en\/#website\"},\"primaryImageOfPage\":{\"@id\":\"https:\/\/www.ils-forschung.de\/en\/2023\/09\/pressemitteilung-neue-bilder-fuer-die-innenstaedte-jrf-vor-ort-diskutierte-ideen-und-impulse-fuer-lebendige-zentren\/#primaryimage\"},\"image\":{\"@id\":\"https:\/\/www.ils-forschung.de\/en\/2023\/09\/pressemitteilung-neue-bilder-fuer-die-innenstaedte-jrf-vor-ort-diskutierte-ideen-und-impulse-fuer-lebendige-zentren\/#primaryimage\"},\"thumbnailUrl\":\"https:\/\/www.ils-forschung.de\/wp-content\/uploads\/2023\/09\/20230915-jrf-kl-052-1.jpg\",\"datePublished\":\"2023-09-20T11:15:20+00:00\",\"dateModified\":\"2025-11-20T13:54:18+00:00\",\"author\":{\"@id\":\"https:\/\/www.ils-forschung.de\/en\/#\/schema\/person\/5a4e18575766674595b96b1fcb394571\"},\"breadcrumb\":{\"@id\":\"https:\/\/www.ils-forschung.de\/en\/2023\/09\/pressemitteilung-neue-bilder-fuer-die-innenstaedte-jrf-vor-ort-diskutierte-ideen-und-impulse-fuer-lebendige-zentren\/#breadcrumb\"},\"inLanguage\":\"en-US\",\"potentialAction\":[{\"@type\":\"ReadAction\",\"target\":[\"https:\/\/www.ils-forschung.de\/en\/2023\/09\/pressemitteilung-neue-bilder-fuer-die-innenstaedte-jrf-vor-ort-diskutierte-ideen-und-impulse-fuer-lebendige-zentren\/\"]}]},{\"@type\":\"ImageObject\",\"inLanguage\":\"en-US\",\"@id\":\"https:\/\/www.ils-forschung.de\/en\/2023\/09\/pressemitteilung-neue-bilder-fuer-die-innenstaedte-jrf-vor-ort-diskutierte-ideen-und-impulse-fuer-lebendige-zentren\/#primaryimage\",\"url\":\"https:\/\/www.ils-forschung.de\/wp-content\/uploads\/2023\/09\/20230915-jrf-kl-052-1.jpg\",\"contentUrl\":\"https:\/\/www.ils-forschung.de\/wp-content\/uploads\/2023\/09\/20230915-jrf-kl-052-1.jpg\",\"width\":1000,\"height\":750},{\"@type\":\"BreadcrumbList\",\"@id\":\"https:\/\/www.ils-forschung.de\/en\/2023\/09\/pressemitteilung-neue-bilder-fuer-die-innenstaedte-jrf-vor-ort-diskutierte-ideen-und-impulse-fuer-lebendige-zentren\/#breadcrumb\",\"itemListElement\":[{\"@type\":\"ListItem\",\"position\":1,\"name\":\"Home\",\"item\":\"https:\/\/www.ils-forschung.de\/en\/\"},{\"@type\":\"ListItem\",\"position\":2,\"name\":\"Pressemitteilung: Neue Bilder f\u00fcr die Innenst\u00e4dte &#8211; \u201eJRF vor Ort\u201c diskutierte Ideen und Impulse f\u00fcr lebendige Zentren\"}]},{\"@type\":\"WebSite\",\"@id\":\"https:\/\/www.ils-forschung.de\/en\/#website\",\"url\":\"https:\/\/www.ils-forschung.de\/en\/\",\"name\":\"ILS - Institut f\u00fcr Landes- und Stadtentwicklungsforschung\",\"description\":\"Das ILS \u2013 Institut f\u00fcr Landes- und Stadtentwicklungsforschung ist ein raumwissenschaftliches au\u00dferuniversit\u00e4res Forschungsinstitut mit Sitz in Dortmund.\",\"potentialAction\":[{\"@type\":\"SearchAction\",\"target\":{\"@type\":\"EntryPoint\",\"urlTemplate\":\"https:\/\/www.ils-forschung.de\/en\/?s={search_term_string}\"},\"query-input\":{\"@type\":\"PropertyValueSpecification\",\"valueRequired\":true,\"valueName\":\"search_term_string\"}}],\"inLanguage\":\"en-US\"},{\"@type\":\"Person\",\"@id\":\"https:\/\/www.ils-forschung.de\/en\/#\/schema\/person\/5a4e18575766674595b96b1fcb394571\",\"name\":\"ils-admin\",\"url\":\"https:\/\/www.ils-forschung.de\/en\/author\/ils-admin\/\"}]}<\/script>\n<!-- \/ Yoast SEO plugin. -->","yoast_head_json":{"title":"Pressemitteilung: Neue Bilder f\u00fcr die Innenst\u00e4dte - \u201eJRF vor Ort\u201c diskutierte Ideen und Impulse f\u00fcr lebendige Zentren - ILS - Institut f\u00fcr Landes- und Stadtentwicklungsforschung","robots":{"index":"index","follow":"follow","max-snippet":"max-snippet:-1","max-image-preview":"max-image-preview:large","max-video-preview":"max-video-preview:-1"},"canonical":"https:\/\/www.ils-forschung.de\/en\/2023\/09\/pressemitteilung-neue-bilder-fuer-die-innenstaedte-jrf-vor-ort-diskutierte-ideen-und-impulse-fuer-lebendige-zentren\/","og_locale":"en_US","og_type":"article","og_title":"Pressemitteilung: Neue Bilder f\u00fcr die Innenst\u00e4dte - \u201eJRF vor Ort\u201c diskutierte Ideen und Impulse f\u00fcr lebendige Zentren","og_description":"\u201eSchlie\u00dfen Sie bitte kurz die Augen und denken Sie dar\u00fcber nach, wie Ihre Innenstadt der Zukunft aussieht\u201c \u2013 mit diesem Gedankenexperiment ist am vergangenen Freitag die Veranstaltung \u201eNeue Bilder f\u00fcr die Innenst\u00e4dte\u201c im Dortmunder Fu\u00dfballmuseum gestartet. Angesichts sinkender Ums\u00e4tze durch den zunehmenden Onlinehandel und vermehrter Leerst\u00e4nde diskutierten Akteure aus Wissenschaft, Politik und Zivilgesellschaft Ideen und Impulse f\u00fcr lebendige Zentren. Zur Veranstaltung innerhalb der Reihe \u201eJRF vor Ort\u201c hatte die Johannes-Rau-Forschungsgemeinschaft gemeinsam mit dem ILS \u2013 Institut f\u00fcr Landes- und Stadtentwicklungsforschung eingeladen.","og_url":"https:\/\/www.ils-forschung.de\/en\/2023\/09\/pressemitteilung-neue-bilder-fuer-die-innenstaedte-jrf-vor-ort-diskutierte-ideen-und-impulse-fuer-lebendige-zentren\/","og_site_name":"ILS - Institut f\u00fcr Landes- und Stadtentwicklungsforschung","article_published_time":"2023-09-20T11:15:20+00:00","article_modified_time":"2025-11-20T13:54:18+00:00","og_image":[{"width":1000,"height":750,"url":"https:\/\/www.ils-forschung.de\/wp-content\/uploads\/2023\/09\/20230915-jrf-kl-052-1.jpg","type":"image\/jpeg"}],"author":"ils-admin","twitter_card":"summary_large_image","twitter_creator":"@ILS_forschung","twitter_site":"@ILS_forschung","twitter_misc":{"Written by":"ils-admin","Est. reading time":"13 minutes"},"schema":{"@context":"https:\/\/schema.org","@graph":[{"@type":"Article","@id":"https:\/\/www.ils-forschung.de\/en\/2023\/09\/pressemitteilung-neue-bilder-fuer-die-innenstaedte-jrf-vor-ort-diskutierte-ideen-und-impulse-fuer-lebendige-zentren\/#article","isPartOf":{"@id":"https:\/\/www.ils-forschung.de\/en\/2023\/09\/pressemitteilung-neue-bilder-fuer-die-innenstaedte-jrf-vor-ort-diskutierte-ideen-und-impulse-fuer-lebendige-zentren\/"},"author":{"name":"ils-admin","@id":"https:\/\/www.ils-forschung.de\/en\/#\/schema\/person\/5a4e18575766674595b96b1fcb394571"},"headline":"Pressemitteilung: Neue Bilder f\u00fcr die Innenst\u00e4dte &#8211; \u201eJRF vor Ort\u201c diskutierte Ideen und Impulse f\u00fcr lebendige Zentren","datePublished":"2023-09-20T11:15:20+00:00","dateModified":"2025-11-20T13:54:18+00:00","mainEntityOfPage":{"@id":"https:\/\/www.ils-forschung.de\/en\/2023\/09\/pressemitteilung-neue-bilder-fuer-die-innenstaedte-jrf-vor-ort-diskutierte-ideen-und-impulse-fuer-lebendige-zentren\/"},"wordCount":5172,"image":{"@id":"https:\/\/www.ils-forschung.de\/en\/2023\/09\/pressemitteilung-neue-bilder-fuer-die-innenstaedte-jrf-vor-ort-diskutierte-ideen-und-impulse-fuer-lebendige-zentren\/#primaryimage"},"thumbnailUrl":"https:\/\/www.ils-forschung.de\/wp-content\/uploads\/2023\/09\/20230915-jrf-kl-052-1.jpg","articleSection":["Unkategorisiert"],"inLanguage":"en-US"},{"@type":"WebPage","@id":"https:\/\/www.ils-forschung.de\/en\/2023\/09\/pressemitteilung-neue-bilder-fuer-die-innenstaedte-jrf-vor-ort-diskutierte-ideen-und-impulse-fuer-lebendige-zentren\/","url":"https:\/\/www.ils-forschung.de\/en\/2023\/09\/pressemitteilung-neue-bilder-fuer-die-innenstaedte-jrf-vor-ort-diskutierte-ideen-und-impulse-fuer-lebendige-zentren\/","name":"Pressemitteilung: Neue Bilder f\u00fcr die Innenst\u00e4dte - \u201eJRF vor Ort\u201c diskutierte Ideen und Impulse f\u00fcr lebendige Zentren - ILS - Institut f\u00fcr Landes- und Stadtentwicklungsforschung","isPartOf":{"@id":"https:\/\/www.ils-forschung.de\/en\/#website"},"primaryImageOfPage":{"@id":"https:\/\/www.ils-forschung.de\/en\/2023\/09\/pressemitteilung-neue-bilder-fuer-die-innenstaedte-jrf-vor-ort-diskutierte-ideen-und-impulse-fuer-lebendige-zentren\/#primaryimage"},"image":{"@id":"https:\/\/www.ils-forschung.de\/en\/2023\/09\/pressemitteilung-neue-bilder-fuer-die-innenstaedte-jrf-vor-ort-diskutierte-ideen-und-impulse-fuer-lebendige-zentren\/#primaryimage"},"thumbnailUrl":"https:\/\/www.ils-forschung.de\/wp-content\/uploads\/2023\/09\/20230915-jrf-kl-052-1.jpg","datePublished":"2023-09-20T11:15:20+00:00","dateModified":"2025-11-20T13:54:18+00:00","author":{"@id":"https:\/\/www.ils-forschung.de\/en\/#\/schema\/person\/5a4e18575766674595b96b1fcb394571"},"breadcrumb":{"@id":"https:\/\/www.ils-forschung.de\/en\/2023\/09\/pressemitteilung-neue-bilder-fuer-die-innenstaedte-jrf-vor-ort-diskutierte-ideen-und-impulse-fuer-lebendige-zentren\/#breadcrumb"},"inLanguage":"en-US","potentialAction":[{"@type":"ReadAction","target":["https:\/\/www.ils-forschung.de\/en\/2023\/09\/pressemitteilung-neue-bilder-fuer-die-innenstaedte-jrf-vor-ort-diskutierte-ideen-und-impulse-fuer-lebendige-zentren\/"]}]},{"@type":"ImageObject","inLanguage":"en-US","@id":"https:\/\/www.ils-forschung.de\/en\/2023\/09\/pressemitteilung-neue-bilder-fuer-die-innenstaedte-jrf-vor-ort-diskutierte-ideen-und-impulse-fuer-lebendige-zentren\/#primaryimage","url":"https:\/\/www.ils-forschung.de\/wp-content\/uploads\/2023\/09\/20230915-jrf-kl-052-1.jpg","contentUrl":"https:\/\/www.ils-forschung.de\/wp-content\/uploads\/2023\/09\/20230915-jrf-kl-052-1.jpg","width":1000,"height":750},{"@type":"BreadcrumbList","@id":"https:\/\/www.ils-forschung.de\/en\/2023\/09\/pressemitteilung-neue-bilder-fuer-die-innenstaedte-jrf-vor-ort-diskutierte-ideen-und-impulse-fuer-lebendige-zentren\/#breadcrumb","itemListElement":[{"@type":"ListItem","position":1,"name":"Home","item":"https:\/\/www.ils-forschung.de\/en\/"},{"@type":"ListItem","position":2,"name":"Pressemitteilung: Neue Bilder f\u00fcr die Innenst\u00e4dte &#8211; \u201eJRF vor Ort\u201c diskutierte Ideen und Impulse f\u00fcr lebendige Zentren"}]},{"@type":"WebSite","@id":"https:\/\/www.ils-forschung.de\/en\/#website","url":"https:\/\/www.ils-forschung.de\/en\/","name":"ILS - Institut f\u00fcr Landes- und Stadtentwicklungsforschung","description":"Das ILS \u2013 Institut f\u00fcr Landes- und Stadtentwicklungsforschung ist ein raumwissenschaftliches au\u00dferuniversit\u00e4res Forschungsinstitut mit Sitz in Dortmund.","potentialAction":[{"@type":"SearchAction","target":{"@type":"EntryPoint","urlTemplate":"https:\/\/www.ils-forschung.de\/en\/?s={search_term_string}"},"query-input":{"@type":"PropertyValueSpecification","valueRequired":true,"valueName":"search_term_string"}}],"inLanguage":"en-US"},{"@type":"Person","@id":"https:\/\/www.ils-forschung.de\/en\/#\/schema\/person\/5a4e18575766674595b96b1fcb394571","name":"ils-admin","url":"https:\/\/www.ils-forschung.de\/en\/author\/ils-admin\/"}]}},"cc_featured_image_caption":{"caption_text":"\u00a9 JRF e. V. ","source_text":"","source_url":""},"_links":{"self":[{"href":"https:\/\/www.ils-forschung.de\/en\/wp-json\/wp\/v2\/posts\/33711","targetHints":{"allow":["GET"]}}],"collection":[{"href":"https:\/\/www.ils-forschung.de\/en\/wp-json\/wp\/v2\/posts"}],"about":[{"href":"https:\/\/www.ils-forschung.de\/en\/wp-json\/wp\/v2\/types\/post"}],"author":[{"embeddable":true,"href":"https:\/\/www.ils-forschung.de\/en\/wp-json\/wp\/v2\/users\/14"}],"replies":[{"embeddable":true,"href":"https:\/\/www.ils-forschung.de\/en\/wp-json\/wp\/v2\/comments?post=33711"}],"version-history":[{"count":4,"href":"https:\/\/www.ils-forschung.de\/en\/wp-json\/wp\/v2\/posts\/33711\/revisions"}],"predecessor-version":[{"id":53384,"href":"https:\/\/www.ils-forschung.de\/en\/wp-json\/wp\/v2\/posts\/33711\/revisions\/53384"}],"wp:featuredmedia":[{"embeddable":true,"href":"https:\/\/www.ils-forschung.de\/en\/wp-json\/wp\/v2\/media\/33708"}],"wp:attachment":[{"href":"https:\/\/www.ils-forschung.de\/en\/wp-json\/wp\/v2\/media?parent=33711"}],"wp:term":[{"taxonomy":"category","embeddable":true,"href":"https:\/\/www.ils-forschung.de\/en\/wp-json\/wp\/v2\/categories?post=33711"},{"taxonomy":"post_tag","embeddable":true,"href":"https:\/\/www.ils-forschung.de\/en\/wp-json\/wp\/v2\/tags?post=33711"}],"curies":[{"name":"wp","href":"https:\/\/api.w.org\/{rel}","templated":true}]}}