{"id":33200,"date":"2023-09-06T10:46:12","date_gmt":"2023-09-06T08:46:12","guid":{"rendered":"https:\/\/www.ils-forschung.de\/2023\/09\/wie-zukunftsfaehig-sind-deutschlands-regionen\/"},"modified":"2023-09-08T15:43:26","modified_gmt":"2023-09-08T13:43:26","slug":"wie-zukunftsfaehig-sind-deutschlands-regionen","status":"publish","type":"post","link":"https:\/\/www.ils-forschung.de\/en\/2023\/09\/wie-zukunftsfaehig-sind-deutschlands-regionen\/","title":{"rendered":"Wie zukunftsf\u00e4hig sind Deutschlands Regionen?"},"content":{"rendered":"<div class=\"fusion-fullwidth fullwidth-box fusion-builder-row-1 fusion-flex-container has-pattern-background has-mask-background nonhundred-percent-fullwidth non-hundred-percent-height-scrolling\" style=\"--awb-border-radius-top-left:0px;--awb-border-radius-top-right:0px;--awb-border-radius-bottom-right:0px;--awb-border-radius-bottom-left:0px;--awb-flex-wrap:wrap;\" ><div class=\"fusion-builder-row fusion-row fusion-flex-align-items-flex-start fusion-flex-content-wrap\" style=\"max-width:1144px;margin-left: calc(-4% \/ 2 );margin-right: calc(-4% \/ 2 );\"><div class=\"fusion-layout-column fusion_builder_column fusion-builder-column-0 fusion_builder_column_1_1 1_1 fusion-flex-column\" style=\"--awb-bg-size:cover;--awb-width-large:100%;--awb-margin-top-large:0px;--awb-spacing-right-large:1.92%;--awb-margin-bottom-large:20px;--awb-spacing-left-large:1.92%;--awb-width-medium:100%;--awb-order-medium:0;--awb-spacing-right-medium:1.92%;--awb-spacing-left-medium:1.92%;--awb-width-small:100%;--awb-order-small:0;--awb-spacing-right-small:1.92%;--awb-spacing-left-small:1.92%;\"><div class=\"fusion-column-wrapper fusion-column-has-shadow fusion-flex-justify-content-flex-start fusion-content-layout-column\"><div class=\"fusion-text fusion-text-1\"><p><strong>Studie \u201eUngleiches Deutschland\u201c zeigt sozio\u00f6konomische Disparit\u00e4ten<\/strong><\/p>\n<p><strong>Wie lebt man wo in Deutschland und wie steht es um die Zukunftsf\u00e4higkeit? Ein Team der ILS Research hat das im Auftrag der Friedrich-Ebert-Stiftung untersucht. Ein Ergebnis: Deutschland ist ein sozial und r\u00e4umlich ungleiches Land, auch wenn einige strukturschw\u00e4chere Gebiete im Vergleich zur letzten Studie 2019 aufholen konnten.<\/strong><\/p>\n<p>Das ILS hat eine Clusteranalyse mit ausgew\u00e4hlten repr\u00e4sentativen Indikatoren, wie den Bruttogeh\u00e4ltern, den kommunalen Schulden oder dem Wanderungssaldo, durchgef\u00fchrt. Dabei werden die 400 kreisfreien St\u00e4dte und Landkreise in Deutschland zu f\u00fcnf Raumtypen mit \u00e4hnlichen Lebensverh\u00e4ltnissen und strukturellen Herausforderungen zusammengefasst. Die Ergebnisse erm\u00f6glichen einen detaillierten Blick auf einzelne Regionen. \u201eEinige l\u00e4ndliche R\u00e4ume, insbesondere auch im Osten Deutschlands, konnten in j\u00fcngerer Vergangenheit deutlich aufholen. Der pauschale Gegensatz zwischen Stadt und Land gilt nicht mehr\u201c, so ILS-Wissenschaftler Dr. Bastian Heider. In einigen strukturschwachen Regionen sind etwa die Mediangeh\u00e4lter gestiegen und die Abwanderungsquoten gesunken. \u201eIn den Gro\u00dfst\u00e4dten steigt hingegen die Gefahr sozialer Polarisierung und viele Menschen wandern ins Umland ab\u201c, so Heider.<br \/>\nAngesichts des Klimawandels, geopolitischer Konflikte und wirtschaftlicher Krisen untersuchten die Forscher*innen auch die Zukunftsperspektiven und Krisensicherheit der unterschiedlichen Regionen in Deutschland. \u201eTrotz der aktuellen \u00dcberlastungen und sozialen Polarisierungen werden Gro\u00dfst\u00e4dte auch in Zukunft die wichtigsten Innovations- und Wachstumspole bleiben. Dazu geh\u00f6ren allerdings nicht nur dynamische Metropolen wie M\u00fcnchen, Hamburg oder Frankfurt, sondern auch einige Gro\u00dfst\u00e4dte im Ruhrgebiet wie Essen, Dortmund oder Bochum, die aktuell immer noch mit den Folgen des Strukturwandels zu k\u00e4mpfen haben\u201c, erl\u00e4utert Heider die Ergebnisse. \u201eEinigen l\u00e4ndlichen Regionen wird es jedoch schwerfallen die anstehenden Herausforderungen, wie den demografischen Wandel oder die Dekarbonisierung, ohne gr\u00f6\u00dfere strukturpolitische Unterst\u00fctzung zu bew\u00e4ltigen.\u201c<\/p>\n<p><strong>Karten der Ungleichheit <\/strong><\/p>\n<p>Das Forscher*innenteam b\u00fcndelte die Ergebnisse der Studie in zwei Karten. Die Disparit\u00e4tenkarte gibt einen \u00dcberblick \u00fcber die unterschiedlichen Lebensbedingungen in deutschen St\u00e4dten und Kreisen. Die Karte der Resilienz und Zukunftsf\u00e4higkeit zeigt die Zukunftsperspektiven und Krisensicherheit der unterschiedlichen Teilr\u00e4ume. Die Studie, das wissenschaftliche Gutachten sowie ein dazugeh\u00f6riges WebGis sind auf der <a href=\"https:\/\/www.fes.de\/ungleiches-deutschland\">Internetseite der Friedrich-Ebert-Stiftung<\/a> online.<\/p>\n<p>Das wissenschaftliche Gutachten entstand am ILS unter Beteiligung von Dr. Bastian Heider, Benjamin Scholz, Jacqueline Radzyk, Jutta R\u00f6nsch, Dr. Sabine Weck sowie Prof. Dr. Stefan Siedentop (jetzt TU Dortmund). Die Datenaufbereitung erfolgte unter Mitarbeit von Jonas Siethoff, Jan Trosin und Dr. Christian Gerten.<\/p>\n<p><strong>Hinweis an die Redaktionen:<\/strong> Die Disparit\u00e4tenkarte f\u00fcr die redaktionelle Nutzung finden Sie <a href=\"https:\/\/www.fes.de\/index.php?eID=dumpFile&amp;t=f&amp;f=91151&amp;token=230ceb17d7162c13f91759140d7eb4f179a84b3b\">hier<\/a>.<\/p>\n<\/div><div class=\"fusion-separator fusion-full-width-sep\" style=\"align-self: center;margin-left: auto;margin-right: auto;margin-top:10px;margin-bottom:10px;width:100%;\"><\/div><div class=\"fusion-text fusion-text-2\"><h2>Downloads<\/h2>\n<ul>\n<li><a href=\"https:\/\/www.ils-forschung.de\/wp-content\/uploads\/2023\/09\/ils-pressemitteilung-11-studie-ungleiches-deutschland.pdf\" target=\"_blank\" rel=\"noopener\">Download der Pressemitteilung<\/a><\/li>\n<li><a href=\"https:\/\/www.ils-forschung.de\/wp-content\/uploads\/2023\/09\/a01-cluster-disparitaten2023.jpg\" target=\"_blank\" rel=\"noopener\">Disparit\u00e4tenkarte f\u00fcr redaktionelle Nutzungen<\/a><\/li>\n<li><a href=\"https:\/\/www.ils-forschung.de\/wp-content\/uploads\/2023\/09\/a04-cluster-resilienz2023.jpg\" target=\"_blank\" rel=\"noopener\">Karte der Resilienz f\u00fcr redaktionelle Nutzungen<\/a><\/li>\n<li>Das wissenschaftliche Gutachten zu \u201eUngleiches Deutschland. Sozio\u00f6konomische Disparit\u00e4ten 2023\u201c ist <a href=\"https:\/\/library.fes.de\/pdf-files\/a-p-b\/20535.pdf\">hier<\/a> abrufbar.<\/li>\n<\/ul>\n<\/div><div class=\"fusion-separator fusion-full-width-sep\" style=\"align-self: center;margin-left: auto;margin-right: auto;margin-top:10px;margin-bottom:10px;width:100%;\"><\/div><div class=\"fusion-text fusion-text-3\"><h2>Pressekontakt<\/h2>\n<p>Theresa von Bischopink<br \/>\nILS, Stabsstelle \u201eTransfer und Transformation\u201c<br \/>\nTelefon: +49 (0) 231 9051-160<br \/>\nE-Mail: <a href=\"mailto:theresa.vonbischopink@ils-forschung.de\">theresa.vonbischopink@ils-forschung.de<\/a><\/p>\n<\/div><\/div><\/div><\/div><\/div>\n","protected":false},"excerpt":{"rendered":"","protected":false},"author":14,"featured_media":11893,"comment_status":"closed","ping_status":"closed","sticky":false,"template":"","format":"standard","meta":{"footnotes":""},"categories":[10],"tags":[],"class_list":["post-33200","post","type-post","status-publish","format-standard","has-post-thumbnail","hentry","category-uncategorized"],"yoast_head":"<!-- This site is optimized with the Yoast SEO plugin v27.1.1 - https:\/\/yoast.com\/product\/yoast-seo-wordpress\/ -->\n<title>Wie zukunftsf\u00e4hig sind Deutschlands Regionen? - ILS - Institut f\u00fcr Landes- und Stadtentwicklungsforschung<\/title>\n<meta name=\"robots\" content=\"index, follow, max-snippet:-1, max-image-preview:large, max-video-preview:-1\" \/>\n<link rel=\"canonical\" href=\"https:\/\/www.ils-forschung.de\/en\/2023\/09\/wie-zukunftsfaehig-sind-deutschlands-regionen\/\" \/>\n<meta property=\"og:locale\" content=\"en_US\" \/>\n<meta property=\"og:type\" content=\"article\" \/>\n<meta property=\"og:title\" content=\"Wie zukunftsf\u00e4hig sind Deutschlands Regionen? - ILS - Institut f\u00fcr Landes- und Stadtentwicklungsforschung\" \/>\n<meta property=\"og:url\" content=\"https:\/\/www.ils-forschung.de\/en\/2023\/09\/wie-zukunftsfaehig-sind-deutschlands-regionen\/\" \/>\n<meta property=\"og:site_name\" content=\"ILS - Institut f\u00fcr Landes- und Stadtentwicklungsforschung\" \/>\n<meta property=\"article:published_time\" content=\"2023-09-06T08:46:12+00:00\" \/>\n<meta property=\"article:modified_time\" content=\"2023-09-08T13:43:26+00:00\" \/>\n<meta property=\"og:image\" content=\"https:\/\/www.ils-forschung.de\/wp-content\/uploads\/2021\/01\/pressemitteilung-twitter-entwurf2.jpg\" \/>\n\t<meta property=\"og:image:width\" content=\"1000\" \/>\n\t<meta property=\"og:image:height\" content=\"750\" \/>\n\t<meta property=\"og:image:type\" content=\"image\/jpeg\" \/>\n<meta name=\"author\" content=\"ils-admin\" \/>\n<meta name=\"twitter:card\" content=\"summary_large_image\" \/>\n<meta name=\"twitter:title\" content=\"Wie zukunftsf\u00e4hig sind Deutschlands Regionen?\" \/>\n<meta name=\"twitter:description\" content=\"Wie lebt man wo in Deutschland und wie steht es um die Zukunftsf\u00e4higkeit? Ein Team der ILS Research hat das im Auftrag der Friedrich-Ebert-Stiftung untersucht. Ein Ergebnis: Deutschland ist ein sozial und r\u00e4umlich ungleiches Land, auch wenn einige strukturschw\u00e4chere Gebiete im Vergleich zur letzten Studie 2019 aufholen konnten.\" \/>\n<meta name=\"twitter:image\" content=\"https:\/\/www.ils-forschung.de\/wp-content\/uploads\/2021\/01\/pressemitteilung-twitter-entwurf2.jpg\" \/>\n<meta name=\"twitter:creator\" content=\"@ILS_forschung\" \/>\n<meta name=\"twitter:site\" content=\"@ILS_forschung\" \/>\n<meta name=\"twitter:label1\" content=\"Written by\" \/>\n\t<meta name=\"twitter:data1\" content=\"ils-admin\" \/>\n\t<meta name=\"twitter:label2\" content=\"Est. reading time\" \/>\n\t<meta name=\"twitter:data2\" content=\"5 minutes\" \/>\n<script type=\"application\/ld+json\" class=\"yoast-schema-graph\">{\"@context\":\"https:\/\/schema.org\",\"@graph\":[{\"@type\":\"Article\",\"@id\":\"https:\/\/www.ils-forschung.de\/en\/2023\/09\/wie-zukunftsfaehig-sind-deutschlands-regionen\/#article\",\"isPartOf\":{\"@id\":\"https:\/\/www.ils-forschung.de\/en\/2023\/09\/wie-zukunftsfaehig-sind-deutschlands-regionen\/\"},\"author\":{\"name\":\"ils-admin\",\"@id\":\"https:\/\/www.ils-forschung.de\/en\/#\/schema\/person\/5a4e18575766674595b96b1fcb394571\"},\"headline\":\"Wie zukunftsf\u00e4hig sind Deutschlands Regionen?\",\"datePublished\":\"2023-09-06T08:46:12+00:00\",\"dateModified\":\"2023-09-08T13:43:26+00:00\",\"mainEntityOfPage\":{\"@id\":\"https:\/\/www.ils-forschung.de\/en\/2023\/09\/wie-zukunftsfaehig-sind-deutschlands-regionen\/\"},\"wordCount\":1683,\"image\":{\"@id\":\"https:\/\/www.ils-forschung.de\/en\/2023\/09\/wie-zukunftsfaehig-sind-deutschlands-regionen\/#primaryimage\"},\"thumbnailUrl\":\"https:\/\/www.ils-forschung.de\/wp-content\/uploads\/2021\/01\/pressemitteilung-twitter-entwurf2.jpg\",\"inLanguage\":\"en-US\"},{\"@type\":\"WebPage\",\"@id\":\"https:\/\/www.ils-forschung.de\/en\/2023\/09\/wie-zukunftsfaehig-sind-deutschlands-regionen\/\",\"url\":\"https:\/\/www.ils-forschung.de\/en\/2023\/09\/wie-zukunftsfaehig-sind-deutschlands-regionen\/\",\"name\":\"Wie zukunftsf\u00e4hig sind Deutschlands Regionen? - ILS - Institut f\u00fcr Landes- und Stadtentwicklungsforschung\",\"isPartOf\":{\"@id\":\"https:\/\/www.ils-forschung.de\/en\/#website\"},\"primaryImageOfPage\":{\"@id\":\"https:\/\/www.ils-forschung.de\/en\/2023\/09\/wie-zukunftsfaehig-sind-deutschlands-regionen\/#primaryimage\"},\"image\":{\"@id\":\"https:\/\/www.ils-forschung.de\/en\/2023\/09\/wie-zukunftsfaehig-sind-deutschlands-regionen\/#primaryimage\"},\"thumbnailUrl\":\"https:\/\/www.ils-forschung.de\/wp-content\/uploads\/2021\/01\/pressemitteilung-twitter-entwurf2.jpg\",\"datePublished\":\"2023-09-06T08:46:12+00:00\",\"dateModified\":\"2023-09-08T13:43:26+00:00\",\"author\":{\"@id\":\"https:\/\/www.ils-forschung.de\/en\/#\/schema\/person\/5a4e18575766674595b96b1fcb394571\"},\"breadcrumb\":{\"@id\":\"https:\/\/www.ils-forschung.de\/en\/2023\/09\/wie-zukunftsfaehig-sind-deutschlands-regionen\/#breadcrumb\"},\"inLanguage\":\"en-US\",\"potentialAction\":[{\"@type\":\"ReadAction\",\"target\":[\"https:\/\/www.ils-forschung.de\/en\/2023\/09\/wie-zukunftsfaehig-sind-deutschlands-regionen\/\"]}]},{\"@type\":\"ImageObject\",\"inLanguage\":\"en-US\",\"@id\":\"https:\/\/www.ils-forschung.de\/en\/2023\/09\/wie-zukunftsfaehig-sind-deutschlands-regionen\/#primaryimage\",\"url\":\"https:\/\/www.ils-forschung.de\/wp-content\/uploads\/2021\/01\/pressemitteilung-twitter-entwurf2.jpg\",\"contentUrl\":\"https:\/\/www.ils-forschung.de\/wp-content\/uploads\/2021\/01\/pressemitteilung-twitter-entwurf2.jpg\",\"width\":1000,\"height\":750},{\"@type\":\"BreadcrumbList\",\"@id\":\"https:\/\/www.ils-forschung.de\/en\/2023\/09\/wie-zukunftsfaehig-sind-deutschlands-regionen\/#breadcrumb\",\"itemListElement\":[{\"@type\":\"ListItem\",\"position\":1,\"name\":\"Home\",\"item\":\"https:\/\/www.ils-forschung.de\/en\/\"},{\"@type\":\"ListItem\",\"position\":2,\"name\":\"Wie zukunftsf\u00e4hig sind Deutschlands Regionen?\"}]},{\"@type\":\"WebSite\",\"@id\":\"https:\/\/www.ils-forschung.de\/en\/#website\",\"url\":\"https:\/\/www.ils-forschung.de\/en\/\",\"name\":\"ILS - Institut f\u00fcr Landes- und Stadtentwicklungsforschung\",\"description\":\"Das ILS \u2013 Institut f\u00fcr Landes- und Stadtentwicklungsforschung ist ein raumwissenschaftliches au\u00dferuniversit\u00e4res Forschungsinstitut mit Sitz in Dortmund.\",\"potentialAction\":[{\"@type\":\"SearchAction\",\"target\":{\"@type\":\"EntryPoint\",\"urlTemplate\":\"https:\/\/www.ils-forschung.de\/en\/?s={search_term_string}\"},\"query-input\":{\"@type\":\"PropertyValueSpecification\",\"valueRequired\":true,\"valueName\":\"search_term_string\"}}],\"inLanguage\":\"en-US\"},{\"@type\":\"Person\",\"@id\":\"https:\/\/www.ils-forschung.de\/en\/#\/schema\/person\/5a4e18575766674595b96b1fcb394571\",\"name\":\"ils-admin\",\"url\":\"https:\/\/www.ils-forschung.de\/en\/author\/ils-admin\/\"}]}<\/script>\n<!-- \/ Yoast SEO plugin. -->","yoast_head_json":{"title":"Wie zukunftsf\u00e4hig sind Deutschlands Regionen? - ILS - Institut f\u00fcr Landes- und Stadtentwicklungsforschung","robots":{"index":"index","follow":"follow","max-snippet":"max-snippet:-1","max-image-preview":"max-image-preview:large","max-video-preview":"max-video-preview:-1"},"canonical":"https:\/\/www.ils-forschung.de\/en\/2023\/09\/wie-zukunftsfaehig-sind-deutschlands-regionen\/","og_locale":"en_US","og_type":"article","og_title":"Wie zukunftsf\u00e4hig sind Deutschlands Regionen? - ILS - Institut f\u00fcr Landes- und Stadtentwicklungsforschung","og_url":"https:\/\/www.ils-forschung.de\/en\/2023\/09\/wie-zukunftsfaehig-sind-deutschlands-regionen\/","og_site_name":"ILS - Institut f\u00fcr Landes- und Stadtentwicklungsforschung","article_published_time":"2023-09-06T08:46:12+00:00","article_modified_time":"2023-09-08T13:43:26+00:00","og_image":[{"width":1000,"height":750,"url":"https:\/\/www.ils-forschung.de\/wp-content\/uploads\/2021\/01\/pressemitteilung-twitter-entwurf2.jpg","type":"image\/jpeg"}],"author":"ils-admin","twitter_card":"summary_large_image","twitter_title":"Wie zukunftsf\u00e4hig sind Deutschlands Regionen?","twitter_description":"Wie lebt man wo in Deutschland und wie steht es um die Zukunftsf\u00e4higkeit? Ein Team der ILS Research hat das im Auftrag der Friedrich-Ebert-Stiftung untersucht. Ein Ergebnis: Deutschland ist ein sozial und r\u00e4umlich ungleiches Land, auch wenn einige strukturschw\u00e4chere Gebiete im Vergleich zur letzten Studie 2019 aufholen konnten.","twitter_image":"https:\/\/www.ils-forschung.de\/wp-content\/uploads\/2021\/01\/pressemitteilung-twitter-entwurf2.jpg","twitter_creator":"@ILS_forschung","twitter_site":"@ILS_forschung","twitter_misc":{"Written by":"ils-admin","Est. reading time":"5 minutes"},"schema":{"@context":"https:\/\/schema.org","@graph":[{"@type":"Article","@id":"https:\/\/www.ils-forschung.de\/en\/2023\/09\/wie-zukunftsfaehig-sind-deutschlands-regionen\/#article","isPartOf":{"@id":"https:\/\/www.ils-forschung.de\/en\/2023\/09\/wie-zukunftsfaehig-sind-deutschlands-regionen\/"},"author":{"name":"ils-admin","@id":"https:\/\/www.ils-forschung.de\/en\/#\/schema\/person\/5a4e18575766674595b96b1fcb394571"},"headline":"Wie zukunftsf\u00e4hig sind Deutschlands Regionen?","datePublished":"2023-09-06T08:46:12+00:00","dateModified":"2023-09-08T13:43:26+00:00","mainEntityOfPage":{"@id":"https:\/\/www.ils-forschung.de\/en\/2023\/09\/wie-zukunftsfaehig-sind-deutschlands-regionen\/"},"wordCount":1683,"image":{"@id":"https:\/\/www.ils-forschung.de\/en\/2023\/09\/wie-zukunftsfaehig-sind-deutschlands-regionen\/#primaryimage"},"thumbnailUrl":"https:\/\/www.ils-forschung.de\/wp-content\/uploads\/2021\/01\/pressemitteilung-twitter-entwurf2.jpg","inLanguage":"en-US"},{"@type":"WebPage","@id":"https:\/\/www.ils-forschung.de\/en\/2023\/09\/wie-zukunftsfaehig-sind-deutschlands-regionen\/","url":"https:\/\/www.ils-forschung.de\/en\/2023\/09\/wie-zukunftsfaehig-sind-deutschlands-regionen\/","name":"Wie zukunftsf\u00e4hig sind Deutschlands Regionen? - ILS - Institut f\u00fcr Landes- und Stadtentwicklungsforschung","isPartOf":{"@id":"https:\/\/www.ils-forschung.de\/en\/#website"},"primaryImageOfPage":{"@id":"https:\/\/www.ils-forschung.de\/en\/2023\/09\/wie-zukunftsfaehig-sind-deutschlands-regionen\/#primaryimage"},"image":{"@id":"https:\/\/www.ils-forschung.de\/en\/2023\/09\/wie-zukunftsfaehig-sind-deutschlands-regionen\/#primaryimage"},"thumbnailUrl":"https:\/\/www.ils-forschung.de\/wp-content\/uploads\/2021\/01\/pressemitteilung-twitter-entwurf2.jpg","datePublished":"2023-09-06T08:46:12+00:00","dateModified":"2023-09-08T13:43:26+00:00","author":{"@id":"https:\/\/www.ils-forschung.de\/en\/#\/schema\/person\/5a4e18575766674595b96b1fcb394571"},"breadcrumb":{"@id":"https:\/\/www.ils-forschung.de\/en\/2023\/09\/wie-zukunftsfaehig-sind-deutschlands-regionen\/#breadcrumb"},"inLanguage":"en-US","potentialAction":[{"@type":"ReadAction","target":["https:\/\/www.ils-forschung.de\/en\/2023\/09\/wie-zukunftsfaehig-sind-deutschlands-regionen\/"]}]},{"@type":"ImageObject","inLanguage":"en-US","@id":"https:\/\/www.ils-forschung.de\/en\/2023\/09\/wie-zukunftsfaehig-sind-deutschlands-regionen\/#primaryimage","url":"https:\/\/www.ils-forschung.de\/wp-content\/uploads\/2021\/01\/pressemitteilung-twitter-entwurf2.jpg","contentUrl":"https:\/\/www.ils-forschung.de\/wp-content\/uploads\/2021\/01\/pressemitteilung-twitter-entwurf2.jpg","width":1000,"height":750},{"@type":"BreadcrumbList","@id":"https:\/\/www.ils-forschung.de\/en\/2023\/09\/wie-zukunftsfaehig-sind-deutschlands-regionen\/#breadcrumb","itemListElement":[{"@type":"ListItem","position":1,"name":"Home","item":"https:\/\/www.ils-forschung.de\/en\/"},{"@type":"ListItem","position":2,"name":"Wie zukunftsf\u00e4hig sind Deutschlands Regionen?"}]},{"@type":"WebSite","@id":"https:\/\/www.ils-forschung.de\/en\/#website","url":"https:\/\/www.ils-forschung.de\/en\/","name":"ILS - Institut f\u00fcr Landes- und Stadtentwicklungsforschung","description":"Das ILS \u2013 Institut f\u00fcr Landes- und Stadtentwicklungsforschung ist ein raumwissenschaftliches au\u00dferuniversit\u00e4res Forschungsinstitut mit Sitz in Dortmund.","potentialAction":[{"@type":"SearchAction","target":{"@type":"EntryPoint","urlTemplate":"https:\/\/www.ils-forschung.de\/en\/?s={search_term_string}"},"query-input":{"@type":"PropertyValueSpecification","valueRequired":true,"valueName":"search_term_string"}}],"inLanguage":"en-US"},{"@type":"Person","@id":"https:\/\/www.ils-forschung.de\/en\/#\/schema\/person\/5a4e18575766674595b96b1fcb394571","name":"ils-admin","url":"https:\/\/www.ils-forschung.de\/en\/author\/ils-admin\/"}]}},"cc_featured_image_caption":{"caption_text":"","source_text":"","source_url":""},"_links":{"self":[{"href":"https:\/\/www.ils-forschung.de\/en\/wp-json\/wp\/v2\/posts\/33200","targetHints":{"allow":["GET"]}}],"collection":[{"href":"https:\/\/www.ils-forschung.de\/en\/wp-json\/wp\/v2\/posts"}],"about":[{"href":"https:\/\/www.ils-forschung.de\/en\/wp-json\/wp\/v2\/types\/post"}],"author":[{"embeddable":true,"href":"https:\/\/www.ils-forschung.de\/en\/wp-json\/wp\/v2\/users\/14"}],"replies":[{"embeddable":true,"href":"https:\/\/www.ils-forschung.de\/en\/wp-json\/wp\/v2\/comments?post=33200"}],"version-history":[{"count":0,"href":"https:\/\/www.ils-forschung.de\/en\/wp-json\/wp\/v2\/posts\/33200\/revisions"}],"wp:featuredmedia":[{"embeddable":true,"href":"https:\/\/www.ils-forschung.de\/en\/wp-json\/wp\/v2\/media\/11893"}],"wp:attachment":[{"href":"https:\/\/www.ils-forschung.de\/en\/wp-json\/wp\/v2\/media?parent=33200"}],"wp:term":[{"taxonomy":"category","embeddable":true,"href":"https:\/\/www.ils-forschung.de\/en\/wp-json\/wp\/v2\/categories?post=33200"},{"taxonomy":"post_tag","embeddable":true,"href":"https:\/\/www.ils-forschung.de\/en\/wp-json\/wp\/v2\/tags?post=33200"}],"curies":[{"name":"wp","href":"https:\/\/api.w.org\/{rel}","templated":true}]}}