{"id":25300,"date":"2022-09-30T09:36:44","date_gmt":"2022-09-30T07:36:44","guid":{"rendered":"https:\/\/www.ils-forschung.de\/2022\/09\/jrf-im-landtag-transfer-forschung-fuer-nrw\/"},"modified":"2025-11-20T14:50:59","modified_gmt":"2025-11-20T13:50:59","slug":"jrf-im-landtag-transfer-forschung-fuer-nrw","status":"publish","type":"post","link":"https:\/\/www.ils-forschung.de\/en\/2022\/09\/jrf-im-landtag-transfer-forschung-fuer-nrw\/","title":{"rendered":"JRF im Landtag &#8211; Transfer-Forschung f\u00fcr NRW"},"content":{"rendered":"<div class=\"fusion-fullwidth fullwidth-box fusion-builder-row-1 fusion-flex-container has-pattern-background has-mask-background nonhundred-percent-fullwidth non-hundred-percent-height-scrolling\" style=\"--awb-border-radius-top-left:0px;--awb-border-radius-top-right:0px;--awb-border-radius-bottom-right:0px;--awb-border-radius-bottom-left:0px;--awb-flex-wrap:wrap;\" ><div class=\"fusion-builder-row fusion-row fusion-flex-align-items-flex-start fusion-flex-content-wrap\" style=\"max-width:1144px;margin-left: calc(-4% \/ 2 );margin-right: calc(-4% \/ 2 );\"><div class=\"fusion-layout-column fusion_builder_column fusion-builder-column-0 fusion_builder_column_1_1 1_1 fusion-flex-column\" style=\"--awb-bg-size:cover;--awb-width-large:100%;--awb-margin-top-large:0px;--awb-spacing-right-large:1.92%;--awb-margin-bottom-large:20px;--awb-spacing-left-large:1.92%;--awb-width-medium:100%;--awb-order-medium:0;--awb-spacing-right-medium:1.92%;--awb-spacing-left-medium:1.92%;--awb-width-small:100%;--awb-order-small:0;--awb-spacing-right-small:1.92%;--awb-spacing-left-small:1.92%;\"><div class=\"fusion-column-wrapper fusion-column-has-shadow fusion-flex-justify-content-flex-start fusion-content-layout-column\"><div class=\"fusion-text fusion-text-1\"><p>Die Forschungsgemeinschaft des Landes NRW \u2013 die Johannes-Rau-Forschungsgemeinschaft (JRF) \u2013 hat sich am 28. September im nordrhein-westf\u00e4lischen Landtag in D\u00fcsseldorf pr\u00e4sentiert. Unter dem Motto \u201eTransfer-Forschung f\u00fcr NRW\u201c haben die 16 Mitgliedsinstitute an St\u00e4nden in der B\u00fcrgerhalle ausgew\u00e4hlte Forschungsprojekte vorgestellt. Das ILS hat dort das Verbundprojekt \u201eSUSKULT\u201c in den Fokus pr\u00e4sentiert. Im Projekt wird ein neuartiges Agrarsystem erforscht. <a href=\"https:\/\/jrf.nrw\/detail\/landtag\">Zur Meldung der JRF<\/a><\/p>\n<\/div><\/div><\/div><\/div><\/div>\n","protected":false},"excerpt":{"rendered":"","protected":false},"author":14,"featured_media":25373,"comment_status":"closed","ping_status":"closed","sticky":false,"template":"","format":"standard","meta":{"footnotes":""},"categories":[27],"tags":[],"class_list":["post-25300","post","type-post","status-publish","format-standard","has-post-thumbnail","hentry","category-aktuelles-en"],"yoast_head":"<!-- This site is optimized with the Yoast SEO plugin v27.1.1 - https:\/\/yoast.com\/product\/yoast-seo-wordpress\/ -->\n<title>JRF im Landtag - Transfer-Forschung f\u00fcr NRW - ILS - Institut f\u00fcr Landes- und Stadtentwicklungsforschung<\/title>\n<meta name=\"robots\" content=\"index, follow, max-snippet:-1, max-image-preview:large, max-video-preview:-1\" \/>\n<link rel=\"canonical\" href=\"https:\/\/www.ils-forschung.de\/en\/2022\/09\/jrf-im-landtag-transfer-forschung-fuer-nrw\/\" \/>\n<meta property=\"og:locale\" content=\"en_US\" \/>\n<meta property=\"og:type\" content=\"article\" \/>\n<meta property=\"og:title\" content=\"JRF im Landtag - Transfer-Forschung f\u00fcr NRW - ILS - Institut f\u00fcr Landes- und Stadtentwicklungsforschung\" \/>\n<meta property=\"og:url\" content=\"https:\/\/www.ils-forschung.de\/en\/2022\/09\/jrf-im-landtag-transfer-forschung-fuer-nrw\/\" \/>\n<meta property=\"og:site_name\" content=\"ILS - Institut f\u00fcr Landes- und Stadtentwicklungsforschung\" \/>\n<meta property=\"article:published_time\" content=\"2022-09-30T07:36:44+00:00\" \/>\n<meta property=\"article:modified_time\" content=\"2025-11-20T13:50:59+00:00\" \/>\n<meta property=\"og:image\" content=\"https:\/\/www.ils-forschung.de\/wp-content\/uploads\/2022\/09\/jrf-im-landtag-cjr.jpg\" \/>\n\t<meta property=\"og:image:width\" content=\"1000\" \/>\n\t<meta property=\"og:image:height\" content=\"750\" \/>\n\t<meta property=\"og:image:type\" content=\"image\/jpeg\" \/>\n<meta name=\"author\" content=\"ils-admin\" \/>\n<meta name=\"twitter:card\" content=\"summary_large_image\" \/>\n<meta name=\"twitter:title\" content=\"JRF im Landtag - Transfer-Forschung f\u00fcr NRW\" \/>\n<meta name=\"twitter:description\" content=\"Die Forschungsgemeinschaft des Landes NRW \u2013 die Johannes-Rau-Forschungsgemeinschaft (JRF) \u2013 hat sich am 28. September im nordrhein-westf\u00e4lischen Landtag in D\u00fcsseldorf pr\u00e4sentiert. Unter dem Motto \u201eTransfer-Forschung f\u00fcr NRW\u201c haben die 16 Mitgliedsinstitute an St\u00e4nden in der B\u00fcrgerhalle ausgew\u00e4hlte Forschungsprojekte vorgestellt. Das ILS hat dort das Verbundprojekt \u201eSUSKULT\u201c in den Fokus pr\u00e4sentiert. Im Projekt wird ein neuartiges Agrarsystem erforscht.\" \/>\n<meta name=\"twitter:image\" content=\"https:\/\/www.ils-forschung.de\/wp-content\/uploads\/2022\/09\/jrf-im-landtag-cjr.jpg\" \/>\n<meta name=\"twitter:creator\" content=\"@ILS_forschung\" \/>\n<meta name=\"twitter:site\" content=\"@ILS_forschung\" \/>\n<meta name=\"twitter:label1\" content=\"Written by\" \/>\n\t<meta name=\"twitter:data1\" content=\"ils-admin\" \/>\n\t<meta name=\"twitter:label2\" content=\"Est. reading time\" \/>\n\t<meta name=\"twitter:data2\" content=\"2 minutes\" \/>\n<script type=\"application\/ld+json\" class=\"yoast-schema-graph\">{\"@context\":\"https:\/\/schema.org\",\"@graph\":[{\"@type\":\"Article\",\"@id\":\"https:\/\/www.ils-forschung.de\/en\/2022\/09\/jrf-im-landtag-transfer-forschung-fuer-nrw\/#article\",\"isPartOf\":{\"@id\":\"https:\/\/www.ils-forschung.de\/en\/2022\/09\/jrf-im-landtag-transfer-forschung-fuer-nrw\/\"},\"author\":{\"name\":\"ils-admin\",\"@id\":\"https:\/\/www.ils-forschung.de\/en\/#\/schema\/person\/5a4e18575766674595b96b1fcb394571\"},\"headline\":\"JRF im Landtag &#8211; Transfer-Forschung f\u00fcr NRW\",\"datePublished\":\"2022-09-30T07:36:44+00:00\",\"dateModified\":\"2025-11-20T13:50:59+00:00\",\"mainEntityOfPage\":{\"@id\":\"https:\/\/www.ils-forschung.de\/en\/2022\/09\/jrf-im-landtag-transfer-forschung-fuer-nrw\/\"},\"wordCount\":827,\"image\":{\"@id\":\"https:\/\/www.ils-forschung.de\/en\/2022\/09\/jrf-im-landtag-transfer-forschung-fuer-nrw\/#primaryimage\"},\"thumbnailUrl\":\"https:\/\/www.ils-forschung.de\/wp-content\/uploads\/2022\/09\/jrf-im-landtag-cjr.jpg\",\"articleSection\":[\"Aktuelles\"],\"inLanguage\":\"en-US\"},{\"@type\":\"WebPage\",\"@id\":\"https:\/\/www.ils-forschung.de\/en\/2022\/09\/jrf-im-landtag-transfer-forschung-fuer-nrw\/\",\"url\":\"https:\/\/www.ils-forschung.de\/en\/2022\/09\/jrf-im-landtag-transfer-forschung-fuer-nrw\/\",\"name\":\"JRF im Landtag - Transfer-Forschung f\u00fcr NRW - ILS - Institut f\u00fcr Landes- und Stadtentwicklungsforschung\",\"isPartOf\":{\"@id\":\"https:\/\/www.ils-forschung.de\/en\/#website\"},\"primaryImageOfPage\":{\"@id\":\"https:\/\/www.ils-forschung.de\/en\/2022\/09\/jrf-im-landtag-transfer-forschung-fuer-nrw\/#primaryimage\"},\"image\":{\"@id\":\"https:\/\/www.ils-forschung.de\/en\/2022\/09\/jrf-im-landtag-transfer-forschung-fuer-nrw\/#primaryimage\"},\"thumbnailUrl\":\"https:\/\/www.ils-forschung.de\/wp-content\/uploads\/2022\/09\/jrf-im-landtag-cjr.jpg\",\"datePublished\":\"2022-09-30T07:36:44+00:00\",\"dateModified\":\"2025-11-20T13:50:59+00:00\",\"author\":{\"@id\":\"https:\/\/www.ils-forschung.de\/en\/#\/schema\/person\/5a4e18575766674595b96b1fcb394571\"},\"breadcrumb\":{\"@id\":\"https:\/\/www.ils-forschung.de\/en\/2022\/09\/jrf-im-landtag-transfer-forschung-fuer-nrw\/#breadcrumb\"},\"inLanguage\":\"en-US\",\"potentialAction\":[{\"@type\":\"ReadAction\",\"target\":[\"https:\/\/www.ils-forschung.de\/en\/2022\/09\/jrf-im-landtag-transfer-forschung-fuer-nrw\/\"]}]},{\"@type\":\"ImageObject\",\"inLanguage\":\"en-US\",\"@id\":\"https:\/\/www.ils-forschung.de\/en\/2022\/09\/jrf-im-landtag-transfer-forschung-fuer-nrw\/#primaryimage\",\"url\":\"https:\/\/www.ils-forschung.de\/wp-content\/uploads\/2022\/09\/jrf-im-landtag-cjr.jpg\",\"contentUrl\":\"https:\/\/www.ils-forschung.de\/wp-content\/uploads\/2022\/09\/jrf-im-landtag-cjr.jpg\",\"width\":1000,\"height\":750},{\"@type\":\"BreadcrumbList\",\"@id\":\"https:\/\/www.ils-forschung.de\/en\/2022\/09\/jrf-im-landtag-transfer-forschung-fuer-nrw\/#breadcrumb\",\"itemListElement\":[{\"@type\":\"ListItem\",\"position\":1,\"name\":\"Home\",\"item\":\"https:\/\/www.ils-forschung.de\/en\/\"},{\"@type\":\"ListItem\",\"position\":2,\"name\":\"JRF im Landtag &#8211; Transfer-Forschung f\u00fcr NRW\"}]},{\"@type\":\"WebSite\",\"@id\":\"https:\/\/www.ils-forschung.de\/en\/#website\",\"url\":\"https:\/\/www.ils-forschung.de\/en\/\",\"name\":\"ILS - Institut f\u00fcr Landes- und Stadtentwicklungsforschung\",\"description\":\"Das ILS \u2013 Institut f\u00fcr Landes- und Stadtentwicklungsforschung ist ein raumwissenschaftliches au\u00dferuniversit\u00e4res Forschungsinstitut mit Sitz in Dortmund.\",\"potentialAction\":[{\"@type\":\"SearchAction\",\"target\":{\"@type\":\"EntryPoint\",\"urlTemplate\":\"https:\/\/www.ils-forschung.de\/en\/?s={search_term_string}\"},\"query-input\":{\"@type\":\"PropertyValueSpecification\",\"valueRequired\":true,\"valueName\":\"search_term_string\"}}],\"inLanguage\":\"en-US\"},{\"@type\":\"Person\",\"@id\":\"https:\/\/www.ils-forschung.de\/en\/#\/schema\/person\/5a4e18575766674595b96b1fcb394571\",\"name\":\"ils-admin\",\"url\":\"https:\/\/www.ils-forschung.de\/en\/author\/ils-admin\/\"}]}<\/script>\n<!-- \/ Yoast SEO plugin. -->","yoast_head_json":{"title":"JRF im Landtag - Transfer-Forschung f\u00fcr NRW - ILS - Institut f\u00fcr Landes- und Stadtentwicklungsforschung","robots":{"index":"index","follow":"follow","max-snippet":"max-snippet:-1","max-image-preview":"max-image-preview:large","max-video-preview":"max-video-preview:-1"},"canonical":"https:\/\/www.ils-forschung.de\/en\/2022\/09\/jrf-im-landtag-transfer-forschung-fuer-nrw\/","og_locale":"en_US","og_type":"article","og_title":"JRF im Landtag - Transfer-Forschung f\u00fcr NRW - ILS - Institut f\u00fcr Landes- und Stadtentwicklungsforschung","og_url":"https:\/\/www.ils-forschung.de\/en\/2022\/09\/jrf-im-landtag-transfer-forschung-fuer-nrw\/","og_site_name":"ILS - Institut f\u00fcr Landes- und Stadtentwicklungsforschung","article_published_time":"2022-09-30T07:36:44+00:00","article_modified_time":"2025-11-20T13:50:59+00:00","og_image":[{"width":1000,"height":750,"url":"https:\/\/www.ils-forschung.de\/wp-content\/uploads\/2022\/09\/jrf-im-landtag-cjr.jpg","type":"image\/jpeg"}],"author":"ils-admin","twitter_card":"summary_large_image","twitter_title":"JRF im Landtag - Transfer-Forschung f\u00fcr NRW","twitter_description":"Die Forschungsgemeinschaft des Landes NRW \u2013 die Johannes-Rau-Forschungsgemeinschaft (JRF) \u2013 hat sich am 28. September im nordrhein-westf\u00e4lischen Landtag in D\u00fcsseldorf pr\u00e4sentiert. Unter dem Motto \u201eTransfer-Forschung f\u00fcr NRW\u201c haben die 16 Mitgliedsinstitute an St\u00e4nden in der B\u00fcrgerhalle ausgew\u00e4hlte Forschungsprojekte vorgestellt. Das ILS hat dort das Verbundprojekt \u201eSUSKULT\u201c in den Fokus pr\u00e4sentiert. Im Projekt wird ein neuartiges Agrarsystem erforscht.","twitter_image":"https:\/\/www.ils-forschung.de\/wp-content\/uploads\/2022\/09\/jrf-im-landtag-cjr.jpg","twitter_creator":"@ILS_forschung","twitter_site":"@ILS_forschung","twitter_misc":{"Written by":"ils-admin","Est. reading time":"2 minutes"},"schema":{"@context":"https:\/\/schema.org","@graph":[{"@type":"Article","@id":"https:\/\/www.ils-forschung.de\/en\/2022\/09\/jrf-im-landtag-transfer-forschung-fuer-nrw\/#article","isPartOf":{"@id":"https:\/\/www.ils-forschung.de\/en\/2022\/09\/jrf-im-landtag-transfer-forschung-fuer-nrw\/"},"author":{"name":"ils-admin","@id":"https:\/\/www.ils-forschung.de\/en\/#\/schema\/person\/5a4e18575766674595b96b1fcb394571"},"headline":"JRF im Landtag &#8211; Transfer-Forschung f\u00fcr NRW","datePublished":"2022-09-30T07:36:44+00:00","dateModified":"2025-11-20T13:50:59+00:00","mainEntityOfPage":{"@id":"https:\/\/www.ils-forschung.de\/en\/2022\/09\/jrf-im-landtag-transfer-forschung-fuer-nrw\/"},"wordCount":827,"image":{"@id":"https:\/\/www.ils-forschung.de\/en\/2022\/09\/jrf-im-landtag-transfer-forschung-fuer-nrw\/#primaryimage"},"thumbnailUrl":"https:\/\/www.ils-forschung.de\/wp-content\/uploads\/2022\/09\/jrf-im-landtag-cjr.jpg","articleSection":["Aktuelles"],"inLanguage":"en-US"},{"@type":"WebPage","@id":"https:\/\/www.ils-forschung.de\/en\/2022\/09\/jrf-im-landtag-transfer-forschung-fuer-nrw\/","url":"https:\/\/www.ils-forschung.de\/en\/2022\/09\/jrf-im-landtag-transfer-forschung-fuer-nrw\/","name":"JRF im Landtag - Transfer-Forschung f\u00fcr NRW - ILS - Institut f\u00fcr Landes- und Stadtentwicklungsforschung","isPartOf":{"@id":"https:\/\/www.ils-forschung.de\/en\/#website"},"primaryImageOfPage":{"@id":"https:\/\/www.ils-forschung.de\/en\/2022\/09\/jrf-im-landtag-transfer-forschung-fuer-nrw\/#primaryimage"},"image":{"@id":"https:\/\/www.ils-forschung.de\/en\/2022\/09\/jrf-im-landtag-transfer-forschung-fuer-nrw\/#primaryimage"},"thumbnailUrl":"https:\/\/www.ils-forschung.de\/wp-content\/uploads\/2022\/09\/jrf-im-landtag-cjr.jpg","datePublished":"2022-09-30T07:36:44+00:00","dateModified":"2025-11-20T13:50:59+00:00","author":{"@id":"https:\/\/www.ils-forschung.de\/en\/#\/schema\/person\/5a4e18575766674595b96b1fcb394571"},"breadcrumb":{"@id":"https:\/\/www.ils-forschung.de\/en\/2022\/09\/jrf-im-landtag-transfer-forschung-fuer-nrw\/#breadcrumb"},"inLanguage":"en-US","potentialAction":[{"@type":"ReadAction","target":["https:\/\/www.ils-forschung.de\/en\/2022\/09\/jrf-im-landtag-transfer-forschung-fuer-nrw\/"]}]},{"@type":"ImageObject","inLanguage":"en-US","@id":"https:\/\/www.ils-forschung.de\/en\/2022\/09\/jrf-im-landtag-transfer-forschung-fuer-nrw\/#primaryimage","url":"https:\/\/www.ils-forschung.de\/wp-content\/uploads\/2022\/09\/jrf-im-landtag-cjr.jpg","contentUrl":"https:\/\/www.ils-forschung.de\/wp-content\/uploads\/2022\/09\/jrf-im-landtag-cjr.jpg","width":1000,"height":750},{"@type":"BreadcrumbList","@id":"https:\/\/www.ils-forschung.de\/en\/2022\/09\/jrf-im-landtag-transfer-forschung-fuer-nrw\/#breadcrumb","itemListElement":[{"@type":"ListItem","position":1,"name":"Home","item":"https:\/\/www.ils-forschung.de\/en\/"},{"@type":"ListItem","position":2,"name":"JRF im Landtag &#8211; Transfer-Forschung f\u00fcr NRW"}]},{"@type":"WebSite","@id":"https:\/\/www.ils-forschung.de\/en\/#website","url":"https:\/\/www.ils-forschung.de\/en\/","name":"ILS - Institut f\u00fcr Landes- und Stadtentwicklungsforschung","description":"Das ILS \u2013 Institut f\u00fcr Landes- und Stadtentwicklungsforschung ist ein raumwissenschaftliches au\u00dferuniversit\u00e4res Forschungsinstitut mit Sitz in Dortmund.","potentialAction":[{"@type":"SearchAction","target":{"@type":"EntryPoint","urlTemplate":"https:\/\/www.ils-forschung.de\/en\/?s={search_term_string}"},"query-input":{"@type":"PropertyValueSpecification","valueRequired":true,"valueName":"search_term_string"}}],"inLanguage":"en-US"},{"@type":"Person","@id":"https:\/\/www.ils-forschung.de\/en\/#\/schema\/person\/5a4e18575766674595b96b1fcb394571","name":"ils-admin","url":"https:\/\/www.ils-forschung.de\/en\/author\/ils-admin\/"}]}},"cc_featured_image_caption":{"caption_text":"\u00a9 ILS","source_text":"","source_url":""},"_links":{"self":[{"href":"https:\/\/www.ils-forschung.de\/en\/wp-json\/wp\/v2\/posts\/25300","targetHints":{"allow":["GET"]}}],"collection":[{"href":"https:\/\/www.ils-forschung.de\/en\/wp-json\/wp\/v2\/posts"}],"about":[{"href":"https:\/\/www.ils-forschung.de\/en\/wp-json\/wp\/v2\/types\/post"}],"author":[{"embeddable":true,"href":"https:\/\/www.ils-forschung.de\/en\/wp-json\/wp\/v2\/users\/14"}],"replies":[{"embeddable":true,"href":"https:\/\/www.ils-forschung.de\/en\/wp-json\/wp\/v2\/comments?post=25300"}],"version-history":[{"count":1,"href":"https:\/\/www.ils-forschung.de\/en\/wp-json\/wp\/v2\/posts\/25300\/revisions"}],"predecessor-version":[{"id":53347,"href":"https:\/\/www.ils-forschung.de\/en\/wp-json\/wp\/v2\/posts\/25300\/revisions\/53347"}],"wp:featuredmedia":[{"embeddable":true,"href":"https:\/\/www.ils-forschung.de\/en\/wp-json\/wp\/v2\/media\/25373"}],"wp:attachment":[{"href":"https:\/\/www.ils-forschung.de\/en\/wp-json\/wp\/v2\/media?parent=25300"}],"wp:term":[{"taxonomy":"category","embeddable":true,"href":"https:\/\/www.ils-forschung.de\/en\/wp-json\/wp\/v2\/categories?post=25300"},{"taxonomy":"post_tag","embeddable":true,"href":"https:\/\/www.ils-forschung.de\/en\/wp-json\/wp\/v2\/tags?post=25300"}],"curies":[{"name":"wp","href":"https:\/\/api.w.org\/{rel}","templated":true}]}}