{"id":18581,"date":"2022-02-23T16:05:36","date_gmt":"2022-02-23T15:05:36","guid":{"rendered":"https:\/\/www.ils-forschung.de\/2022\/02\/klimaveraenderungen-und-die-laendlichen-regionen-zwischenbilanz-herausforderungen-zukunftsaussichten\/"},"modified":"2022-02-23T16:05:36","modified_gmt":"2022-02-23T15:05:36","slug":"klimaveraenderungen-und-die-laendlichen-regionen-zwischenbilanz-herausforderungen-zukunftsaussichten","status":"publish","type":"post","link":"https:\/\/www.ils-forschung.de\/en\/2022\/02\/klimaveraenderungen-und-die-laendlichen-regionen-zwischenbilanz-herausforderungen-zukunftsaussichten\/","title":{"rendered":"Klimaver\u00e4nderungen und die l\u00e4ndlichen Regionen \u2013 Zwischenbilanz. Herausforderungen. Zukunftsaussichten."},"content":{"rendered":"<div class=\"fusion-fullwidth fullwidth-box fusion-builder-row-1 fusion-flex-container nonhundred-percent-fullwidth non-hundred-percent-height-scrolling\" style=\"--awb-border-radius-top-left:0px;--awb-border-radius-top-right:0px;--awb-border-radius-bottom-right:0px;--awb-border-radius-bottom-left:0px;--awb-flex-wrap:wrap;\" ><div class=\"fusion-builder-row fusion-row fusion-flex-align-items-flex-start fusion-flex-content-wrap\" style=\"max-width:1144px;margin-left: calc(-4% \/ 2 );margin-right: calc(-4% \/ 2 );\"><div class=\"fusion-layout-column fusion_builder_column fusion-builder-column-0 fusion_builder_column_1_1 1_1 fusion-flex-column\" style=\"--awb-bg-size:cover;--awb-width-large:100%;--awb-margin-top-large:0px;--awb-spacing-right-large:1.92%;--awb-margin-bottom-large:20px;--awb-spacing-left-large:1.92%;--awb-width-medium:100%;--awb-order-medium:0;--awb-spacing-right-medium:1.92%;--awb-spacing-left-medium:1.92%;--awb-width-small:100%;--awb-order-small:0;--awb-spacing-right-small:1.92%;--awb-spacing-left-small:1.92%;\"><div class=\"fusion-column-wrapper fusion-column-has-shadow fusion-flex-justify-content-flex-start fusion-content-layout-column\"><div class=\"fusion-text fusion-text-1\" style=\"--awb-text-transform:none;\"><p><strong>24. bis 25. M\u00e4rz 2022<\/strong><br \/>\n<strong>online<\/strong><\/p>\n<p>Die Klimaver\u00e4nderungen treffen die l\u00e4ndlichen Regionen in besonderer Weise. Die Bilder der \u00dcberschwemmungen nicht nur im Ahrtal und die Eindr\u00fccke des klimabedingten Baumsterbens in den Mittelgebirgen pr\u00e4gten den Blick auf die l\u00e4ndlichen Regionen im vergangenen Jahr.<\/p>\n<p>Klimaanpassungsstrategien sind das Gebot der Stunde! Wie Ursachen zusammenh\u00e4ngen und welche Herausforderungen sich dadurch ergeben, das soll auch anhand konkreter Ma\u00dfnahmen und realisierter Projekte in den Bereichen Klimaschutz und Klimaanpassung gezeigt und diskutiert werden.<\/p>\n<p>Die Tagung richtet sich als Dialog zwischen Wissenschaft und Praxis an alle an der Entwicklung der l\u00e4ndlichen R\u00e4ume interessierten und engagierten Menschen und ist seit vielen Jahren ein Forum zur Vernetzung der Akteur*innen im l\u00e4ndlichen Raum.<\/p>\n<p>Informationen zum Programm und zur Anmeldung finden Sie <a href=\"https:\/\/www.kircheundgesellschaft.de\/veranstaltungen\/klimaveraenderungen-und-ihre-auswirkungen-in-den-laendlichen-regionen-zwischenbilanz-herausforderungen-perspektiven-2022-03-24-100000-3458\/\" rel=\"noopener\" target=\"_blank\">hier<\/a>. Die Teilnahme an der Veranstaltung ist kostenfrei. <\/p>\n<h3 class=\"margintop32px\">Veranstalter<\/h3>\n<ul>\n<li>Institut f\u00fcr Kirche und Gesellschaft der Ev. Kirche von Westfalen<\/li>\n<li>ZeLE\u2013Zentrum f\u00fcr l\u00e4ndliche Entwicklung im Ministerium f\u00fcr Umwelt, Landwirtschaft, Natur- und Verbraucherschutz NRW<\/li>\n<li>ILS \u2013 Institut f\u00fcr Landes- und Stadtentwicklungsforschung<\/li>\n<\/ul>\n<\/div><\/div><\/div><\/div><\/div>\n","protected":false},"excerpt":{"rendered":"","protected":false},"author":14,"featured_media":18579,"comment_status":"closed","ping_status":"open","sticky":false,"template":"","format":"standard","meta":{"footnotes":""},"categories":[10],"tags":[],"class_list":["post-18581","post","type-post","status-publish","format-standard","has-post-thumbnail","hentry","category-uncategorized"],"yoast_head":"<!-- This site is optimized with the Yoast SEO plugin v27.1.1 - https:\/\/yoast.com\/product\/yoast-seo-wordpress\/ -->\n<title>Klimaver\u00e4nderungen und die l\u00e4ndlichen Regionen \u2013 Zwischenbilanz. Herausforderungen. Zukunftsaussichten. - ILS - Institut f\u00fcr Landes- und Stadtentwicklungsforschung<\/title>\n<meta name=\"robots\" content=\"index, follow, max-snippet:-1, max-image-preview:large, max-video-preview:-1\" \/>\n<link rel=\"canonical\" href=\"https:\/\/www.ils-forschung.de\/en\/2022\/02\/klimaveraenderungen-und-die-laendlichen-regionen-zwischenbilanz-herausforderungen-zukunftsaussichten\/\" \/>\n<meta property=\"og:locale\" content=\"en_US\" \/>\n<meta property=\"og:type\" content=\"article\" \/>\n<meta property=\"og:title\" content=\"Klimaver\u00e4nderungen und die l\u00e4ndlichen Regionen \u2013 Zwischenbilanz. Herausforderungen. Zukunftsaussichten. - ILS - Institut f\u00fcr Landes- und Stadtentwicklungsforschung\" \/>\n<meta property=\"og:url\" content=\"https:\/\/www.ils-forschung.de\/en\/2022\/02\/klimaveraenderungen-und-die-laendlichen-regionen-zwischenbilanz-herausforderungen-zukunftsaussichten\/\" \/>\n<meta property=\"og:site_name\" content=\"ILS - Institut f\u00fcr Landes- und Stadtentwicklungsforschung\" \/>\n<meta property=\"article:published_time\" content=\"2022-02-23T15:05:36+00:00\" \/>\n<meta name=\"author\" content=\"ils-admin\" \/>\n<meta name=\"twitter:card\" content=\"summary_large_image\" \/>\n<meta name=\"twitter:creator\" content=\"@ILS_forschung\" \/>\n<meta name=\"twitter:site\" content=\"@ILS_forschung\" \/>\n<meta name=\"twitter:label1\" content=\"Written by\" \/>\n\t<meta name=\"twitter:data1\" content=\"ils-admin\" \/>\n\t<meta name=\"twitter:label2\" content=\"Est. reading time\" \/>\n\t<meta name=\"twitter:data2\" content=\"4 minutes\" \/>\n<script type=\"application\/ld+json\" class=\"yoast-schema-graph\">{\"@context\":\"https:\/\/schema.org\",\"@graph\":[{\"@type\":\"Article\",\"@id\":\"https:\/\/www.ils-forschung.de\/en\/2022\/02\/klimaveraenderungen-und-die-laendlichen-regionen-zwischenbilanz-herausforderungen-zukunftsaussichten\/#article\",\"isPartOf\":{\"@id\":\"https:\/\/www.ils-forschung.de\/en\/2022\/02\/klimaveraenderungen-und-die-laendlichen-regionen-zwischenbilanz-herausforderungen-zukunftsaussichten\/\"},\"author\":{\"name\":\"ils-admin\",\"@id\":\"https:\/\/www.ils-forschung.de\/en\/#\/schema\/person\/5a4e18575766674595b96b1fcb394571\"},\"headline\":\"Klimaver\u00e4nderungen und die l\u00e4ndlichen Regionen \u2013 Zwischenbilanz. Herausforderungen. Zukunftsaussichten.\",\"datePublished\":\"2022-02-23T15:05:36+00:00\",\"mainEntityOfPage\":{\"@id\":\"https:\/\/www.ils-forschung.de\/en\/2022\/02\/klimaveraenderungen-und-die-laendlichen-regionen-zwischenbilanz-herausforderungen-zukunftsaussichten\/\"},\"wordCount\":804,\"image\":{\"@id\":\"https:\/\/www.ils-forschung.de\/en\/2022\/02\/klimaveraenderungen-und-die-laendlichen-regionen-zwischenbilanz-herausforderungen-zukunftsaussichten\/#primaryimage\"},\"thumbnailUrl\":\"https:\/\/www.ils-forschung.de\/wp-content\/uploads\/2022\/02\/veranstaltung-website.jpg\",\"inLanguage\":\"en-US\"},{\"@type\":\"WebPage\",\"@id\":\"https:\/\/www.ils-forschung.de\/en\/2022\/02\/klimaveraenderungen-und-die-laendlichen-regionen-zwischenbilanz-herausforderungen-zukunftsaussichten\/\",\"url\":\"https:\/\/www.ils-forschung.de\/en\/2022\/02\/klimaveraenderungen-und-die-laendlichen-regionen-zwischenbilanz-herausforderungen-zukunftsaussichten\/\",\"name\":\"Klimaver\u00e4nderungen und die l\u00e4ndlichen Regionen \u2013 Zwischenbilanz. Herausforderungen. Zukunftsaussichten. - ILS - Institut f\u00fcr Landes- und Stadtentwicklungsforschung\",\"isPartOf\":{\"@id\":\"https:\/\/www.ils-forschung.de\/en\/#website\"},\"primaryImageOfPage\":{\"@id\":\"https:\/\/www.ils-forschung.de\/en\/2022\/02\/klimaveraenderungen-und-die-laendlichen-regionen-zwischenbilanz-herausforderungen-zukunftsaussichten\/#primaryimage\"},\"image\":{\"@id\":\"https:\/\/www.ils-forschung.de\/en\/2022\/02\/klimaveraenderungen-und-die-laendlichen-regionen-zwischenbilanz-herausforderungen-zukunftsaussichten\/#primaryimage\"},\"thumbnailUrl\":\"https:\/\/www.ils-forschung.de\/wp-content\/uploads\/2022\/02\/veranstaltung-website.jpg\",\"datePublished\":\"2022-02-23T15:05:36+00:00\",\"author\":{\"@id\":\"https:\/\/www.ils-forschung.de\/en\/#\/schema\/person\/5a4e18575766674595b96b1fcb394571\"},\"breadcrumb\":{\"@id\":\"https:\/\/www.ils-forschung.de\/en\/2022\/02\/klimaveraenderungen-und-die-laendlichen-regionen-zwischenbilanz-herausforderungen-zukunftsaussichten\/#breadcrumb\"},\"inLanguage\":\"en-US\",\"potentialAction\":[{\"@type\":\"ReadAction\",\"target\":[\"https:\/\/www.ils-forschung.de\/en\/2022\/02\/klimaveraenderungen-und-die-laendlichen-regionen-zwischenbilanz-herausforderungen-zukunftsaussichten\/\"]}]},{\"@type\":\"ImageObject\",\"inLanguage\":\"en-US\",\"@id\":\"https:\/\/www.ils-forschung.de\/en\/2022\/02\/klimaveraenderungen-und-die-laendlichen-regionen-zwischenbilanz-herausforderungen-zukunftsaussichten\/#primaryimage\",\"url\":\"https:\/\/www.ils-forschung.de\/wp-content\/uploads\/2022\/02\/veranstaltung-website.jpg\",\"contentUrl\":\"https:\/\/www.ils-forschung.de\/wp-content\/uploads\/2022\/02\/veranstaltung-website.jpg\",\"width\":1000,\"height\":750},{\"@type\":\"BreadcrumbList\",\"@id\":\"https:\/\/www.ils-forschung.de\/en\/2022\/02\/klimaveraenderungen-und-die-laendlichen-regionen-zwischenbilanz-herausforderungen-zukunftsaussichten\/#breadcrumb\",\"itemListElement\":[{\"@type\":\"ListItem\",\"position\":1,\"name\":\"Home\",\"item\":\"https:\/\/www.ils-forschung.de\/en\/\"},{\"@type\":\"ListItem\",\"position\":2,\"name\":\"Klimaver\u00e4nderungen und die l\u00e4ndlichen Regionen \u2013 Zwischenbilanz. Herausforderungen. Zukunftsaussichten.\"}]},{\"@type\":\"WebSite\",\"@id\":\"https:\/\/www.ils-forschung.de\/en\/#website\",\"url\":\"https:\/\/www.ils-forschung.de\/en\/\",\"name\":\"ILS - Institut f\u00fcr Landes- und Stadtentwicklungsforschung\",\"description\":\"Das ILS \u2013 Institut f\u00fcr Landes- und Stadtentwicklungsforschung ist ein raumwissenschaftliches au\u00dferuniversit\u00e4res Forschungsinstitut mit Sitz in Dortmund.\",\"potentialAction\":[{\"@type\":\"SearchAction\",\"target\":{\"@type\":\"EntryPoint\",\"urlTemplate\":\"https:\/\/www.ils-forschung.de\/en\/?s={search_term_string}\"},\"query-input\":{\"@type\":\"PropertyValueSpecification\",\"valueRequired\":true,\"valueName\":\"search_term_string\"}}],\"inLanguage\":\"en-US\"},{\"@type\":\"Person\",\"@id\":\"https:\/\/www.ils-forschung.de\/en\/#\/schema\/person\/5a4e18575766674595b96b1fcb394571\",\"name\":\"ils-admin\",\"url\":\"https:\/\/www.ils-forschung.de\/en\/author\/ils-admin\/\"}]}<\/script>\n<!-- \/ Yoast SEO plugin. -->","yoast_head_json":{"title":"Klimaver\u00e4nderungen und die l\u00e4ndlichen Regionen \u2013 Zwischenbilanz. Herausforderungen. Zukunftsaussichten. - ILS - Institut f\u00fcr Landes- und Stadtentwicklungsforschung","robots":{"index":"index","follow":"follow","max-snippet":"max-snippet:-1","max-image-preview":"max-image-preview:large","max-video-preview":"max-video-preview:-1"},"canonical":"https:\/\/www.ils-forschung.de\/en\/2022\/02\/klimaveraenderungen-und-die-laendlichen-regionen-zwischenbilanz-herausforderungen-zukunftsaussichten\/","og_locale":"en_US","og_type":"article","og_title":"Klimaver\u00e4nderungen und die l\u00e4ndlichen Regionen \u2013 Zwischenbilanz. Herausforderungen. Zukunftsaussichten. - ILS - Institut f\u00fcr Landes- und Stadtentwicklungsforschung","og_url":"https:\/\/www.ils-forschung.de\/en\/2022\/02\/klimaveraenderungen-und-die-laendlichen-regionen-zwischenbilanz-herausforderungen-zukunftsaussichten\/","og_site_name":"ILS - Institut f\u00fcr Landes- und Stadtentwicklungsforschung","article_published_time":"2022-02-23T15:05:36+00:00","author":"ils-admin","twitter_card":"summary_large_image","twitter_creator":"@ILS_forschung","twitter_site":"@ILS_forschung","twitter_misc":{"Written by":"ils-admin","Est. reading time":"4 minutes"},"schema":{"@context":"https:\/\/schema.org","@graph":[{"@type":"Article","@id":"https:\/\/www.ils-forschung.de\/en\/2022\/02\/klimaveraenderungen-und-die-laendlichen-regionen-zwischenbilanz-herausforderungen-zukunftsaussichten\/#article","isPartOf":{"@id":"https:\/\/www.ils-forschung.de\/en\/2022\/02\/klimaveraenderungen-und-die-laendlichen-regionen-zwischenbilanz-herausforderungen-zukunftsaussichten\/"},"author":{"name":"ils-admin","@id":"https:\/\/www.ils-forschung.de\/en\/#\/schema\/person\/5a4e18575766674595b96b1fcb394571"},"headline":"Klimaver\u00e4nderungen und die l\u00e4ndlichen Regionen \u2013 Zwischenbilanz. Herausforderungen. Zukunftsaussichten.","datePublished":"2022-02-23T15:05:36+00:00","mainEntityOfPage":{"@id":"https:\/\/www.ils-forschung.de\/en\/2022\/02\/klimaveraenderungen-und-die-laendlichen-regionen-zwischenbilanz-herausforderungen-zukunftsaussichten\/"},"wordCount":804,"image":{"@id":"https:\/\/www.ils-forschung.de\/en\/2022\/02\/klimaveraenderungen-und-die-laendlichen-regionen-zwischenbilanz-herausforderungen-zukunftsaussichten\/#primaryimage"},"thumbnailUrl":"https:\/\/www.ils-forschung.de\/wp-content\/uploads\/2022\/02\/veranstaltung-website.jpg","inLanguage":"en-US"},{"@type":"WebPage","@id":"https:\/\/www.ils-forschung.de\/en\/2022\/02\/klimaveraenderungen-und-die-laendlichen-regionen-zwischenbilanz-herausforderungen-zukunftsaussichten\/","url":"https:\/\/www.ils-forschung.de\/en\/2022\/02\/klimaveraenderungen-und-die-laendlichen-regionen-zwischenbilanz-herausforderungen-zukunftsaussichten\/","name":"Klimaver\u00e4nderungen und die l\u00e4ndlichen Regionen \u2013 Zwischenbilanz. Herausforderungen. Zukunftsaussichten. - ILS - Institut f\u00fcr Landes- und Stadtentwicklungsforschung","isPartOf":{"@id":"https:\/\/www.ils-forschung.de\/en\/#website"},"primaryImageOfPage":{"@id":"https:\/\/www.ils-forschung.de\/en\/2022\/02\/klimaveraenderungen-und-die-laendlichen-regionen-zwischenbilanz-herausforderungen-zukunftsaussichten\/#primaryimage"},"image":{"@id":"https:\/\/www.ils-forschung.de\/en\/2022\/02\/klimaveraenderungen-und-die-laendlichen-regionen-zwischenbilanz-herausforderungen-zukunftsaussichten\/#primaryimage"},"thumbnailUrl":"https:\/\/www.ils-forschung.de\/wp-content\/uploads\/2022\/02\/veranstaltung-website.jpg","datePublished":"2022-02-23T15:05:36+00:00","author":{"@id":"https:\/\/www.ils-forschung.de\/en\/#\/schema\/person\/5a4e18575766674595b96b1fcb394571"},"breadcrumb":{"@id":"https:\/\/www.ils-forschung.de\/en\/2022\/02\/klimaveraenderungen-und-die-laendlichen-regionen-zwischenbilanz-herausforderungen-zukunftsaussichten\/#breadcrumb"},"inLanguage":"en-US","potentialAction":[{"@type":"ReadAction","target":["https:\/\/www.ils-forschung.de\/en\/2022\/02\/klimaveraenderungen-und-die-laendlichen-regionen-zwischenbilanz-herausforderungen-zukunftsaussichten\/"]}]},{"@type":"ImageObject","inLanguage":"en-US","@id":"https:\/\/www.ils-forschung.de\/en\/2022\/02\/klimaveraenderungen-und-die-laendlichen-regionen-zwischenbilanz-herausforderungen-zukunftsaussichten\/#primaryimage","url":"https:\/\/www.ils-forschung.de\/wp-content\/uploads\/2022\/02\/veranstaltung-website.jpg","contentUrl":"https:\/\/www.ils-forschung.de\/wp-content\/uploads\/2022\/02\/veranstaltung-website.jpg","width":1000,"height":750},{"@type":"BreadcrumbList","@id":"https:\/\/www.ils-forschung.de\/en\/2022\/02\/klimaveraenderungen-und-die-laendlichen-regionen-zwischenbilanz-herausforderungen-zukunftsaussichten\/#breadcrumb","itemListElement":[{"@type":"ListItem","position":1,"name":"Home","item":"https:\/\/www.ils-forschung.de\/en\/"},{"@type":"ListItem","position":2,"name":"Klimaver\u00e4nderungen und die l\u00e4ndlichen Regionen \u2013 Zwischenbilanz. Herausforderungen. Zukunftsaussichten."}]},{"@type":"WebSite","@id":"https:\/\/www.ils-forschung.de\/en\/#website","url":"https:\/\/www.ils-forschung.de\/en\/","name":"ILS - Institut f\u00fcr Landes- und Stadtentwicklungsforschung","description":"Das ILS \u2013 Institut f\u00fcr Landes- und Stadtentwicklungsforschung ist ein raumwissenschaftliches au\u00dferuniversit\u00e4res Forschungsinstitut mit Sitz in Dortmund.","potentialAction":[{"@type":"SearchAction","target":{"@type":"EntryPoint","urlTemplate":"https:\/\/www.ils-forschung.de\/en\/?s={search_term_string}"},"query-input":{"@type":"PropertyValueSpecification","valueRequired":true,"valueName":"search_term_string"}}],"inLanguage":"en-US"},{"@type":"Person","@id":"https:\/\/www.ils-forschung.de\/en\/#\/schema\/person\/5a4e18575766674595b96b1fcb394571","name":"ils-admin","url":"https:\/\/www.ils-forschung.de\/en\/author\/ils-admin\/"}]}},"cc_featured_image_caption":{"caption_text":"\u00a9 Institut f\u00fcr Kirche und Gesellschaft der Evangelischen Kirche von Westfalen","source_text":"","source_url":""},"_links":{"self":[{"href":"https:\/\/www.ils-forschung.de\/en\/wp-json\/wp\/v2\/posts\/18581","targetHints":{"allow":["GET"]}}],"collection":[{"href":"https:\/\/www.ils-forschung.de\/en\/wp-json\/wp\/v2\/posts"}],"about":[{"href":"https:\/\/www.ils-forschung.de\/en\/wp-json\/wp\/v2\/types\/post"}],"author":[{"embeddable":true,"href":"https:\/\/www.ils-forschung.de\/en\/wp-json\/wp\/v2\/users\/14"}],"replies":[{"embeddable":true,"href":"https:\/\/www.ils-forschung.de\/en\/wp-json\/wp\/v2\/comments?post=18581"}],"version-history":[{"count":0,"href":"https:\/\/www.ils-forschung.de\/en\/wp-json\/wp\/v2\/posts\/18581\/revisions"}],"wp:featuredmedia":[{"embeddable":true,"href":"https:\/\/www.ils-forschung.de\/en\/wp-json\/wp\/v2\/media\/18579"}],"wp:attachment":[{"href":"https:\/\/www.ils-forschung.de\/en\/wp-json\/wp\/v2\/media?parent=18581"}],"wp:term":[{"taxonomy":"category","embeddable":true,"href":"https:\/\/www.ils-forschung.de\/en\/wp-json\/wp\/v2\/categories?post=18581"},{"taxonomy":"post_tag","embeddable":true,"href":"https:\/\/www.ils-forschung.de\/en\/wp-json\/wp\/v2\/tags?post=18581"}],"curies":[{"name":"wp","href":"https:\/\/api.w.org\/{rel}","templated":true}]}}