{"id":11309,"date":"2020-11-11T11:11:15","date_gmt":"2020-11-11T10:11:15","guid":{"rendered":"https:\/\/www.ils-forschung.de\/2020\/11\/ils-geschaeftsfuehrer-prof-dr-stefan-siedentop-wurde-in-den-wissenschaftlichen-vorstand-der-johannes-rau-forschungsgemeinschaft-gewaehlt\/"},"modified":"2025-11-20T14:48:09","modified_gmt":"2025-11-20T13:48:09","slug":"ils-geschaeftsfuehrer-prof-dr-stefan-siedentop-wurde-in-den-wissenschaftlichen-vorstand-der-johannes-rau-forschungsgemeinschaft-gewaehlt","status":"publish","type":"post","link":"https:\/\/www.ils-forschung.de\/en\/2020\/11\/ils-geschaeftsfuehrer-prof-dr-stefan-siedentop-wurde-in-den-wissenschaftlichen-vorstand-der-johannes-rau-forschungsgemeinschaft-gewaehlt\/","title":{"rendered":"ILS-Gesch\u00e4ftsf\u00fchrer Prof. Dr. Stefan Siedentop wurde in den wissenschaftlichen Vorstand der Johannes-Rau-Forschungsgemeinschaft gew\u00e4hlt"},"content":{"rendered":"<div class=\"fusion-fullwidth fullwidth-box fusion-builder-row-1 fusion-flex-container nonhundred-percent-fullwidth non-hundred-percent-height-scrolling\" style=\"--awb-border-radius-top-left:0px;--awb-border-radius-top-right:0px;--awb-border-radius-bottom-right:0px;--awb-border-radius-bottom-left:0px;--awb-flex-wrap:wrap;\" ><div class=\"fusion-builder-row fusion-row fusion-flex-align-items-flex-start fusion-flex-content-wrap\" style=\"max-width:1144px;margin-left: calc(-4% \/ 2 );margin-right: calc(-4% \/ 2 );\"><div class=\"fusion-layout-column fusion_builder_column fusion-builder-column-0 fusion_builder_column_1_1 1_1 fusion-flex-column\" style=\"--awb-bg-size:cover;--awb-width-large:100%;--awb-margin-top-large:0px;--awb-spacing-right-large:1.92%;--awb-margin-bottom-large:20px;--awb-spacing-left-large:1.92%;--awb-width-medium:100%;--awb-order-medium:0;--awb-spacing-right-medium:1.92%;--awb-spacing-left-medium:1.92%;--awb-width-small:100%;--awb-order-small:0;--awb-spacing-right-small:1.92%;--awb-spacing-left-small:1.92%;\"><div class=\"fusion-column-wrapper fusion-column-has-shadow fusion-flex-justify-content-flex-start fusion-content-layout-column\"><div class=\"fusion-text fusion-text-1\"><p><strong>Manfred Fischedick und Stefan Siedentop komplettieren den Vorstand<\/strong><br \/>\nDie Johannes-Rau-Forschungsgemeinschaft (JRF) hat ein neues, vierk\u00f6pfiges F\u00fchrungsteam: Professor Stefan Siedentop und Professor Manfred Fischedick (Wuppertal Institut) wurden am 5. November 2020 von der Mitgliederversammlung f\u00fcr eine Amtszeit von f\u00fcnf Jahren zu ehrenamtlichen, wissenschaftlichen Vorst\u00e4nden des gemeinn\u00fctzigen Vereins gew\u00e4hlt. Zusammen mit dem Vorstandsvorsitzenden Professor Dieter Bathen und der kaufm\u00e4nnischen Vorst\u00e4ndin Ramona Fels bilden sie den neuen Vorstand der JRF. Die erste Vorstandssitzung fand heute in der JRF-Gesch\u00e4ftsstelle statt.<\/p>\n<p>\u201eIch bin froh, dass wir mit Manfred Fischedick und Stefan Siedentop zwei hochgesch\u00e4tzte Kollegen aus den Reihen der JRF als wissenschaftliche Vorst\u00e4nde gewinnen konnten. Ihre Institute sind Gr\u00fcndungsmitglieder der JRF. Sie kennen den Verein sehr gut und haben ihn von den ersten Schritten bis zum Status quo begleitet. Bereits mit der \u00dcbernahme der Sprecherfunktionen in den Leitthemen \u201aIndustrie &amp; Umwelt\u2018 sowie \u201aSt\u00e4dte &amp; Infrastruktur\u2018 haben sie Verantwortung innerhalb der JRF \u00fcbernommen. Nun k\u00f6nnen wir die Geschicke des Vereins gemeinsam als Vorstand lenken\u201c, sagte der Vorstandsvorsitzende Bathen.<\/p>\n<p>Siedentop und Fischedick bedankten sich bei den Leitungen der JRF-Institute und dem NRW-Wissenschaftsministerium f\u00fcr das ausgesprochene Vertrauen.<\/p>\n<p>Siedentop sagte: \u201eIn unserer ersten Vorstandssitzung haben wir beschlossen, den eingeschlagenen Weg mit voller Kraft weiterzugehen. F\u00fcr die kommenden Jahre stehen spannende Aufgaben auf der Agenda der JRF: Die inhaltliche und regionale Erweiterung der Gemeinschaft, die Kommunikation mit der politischen Ebene in NRW, die Weiterentwicklung des Evaluierungsverfahrens und der wissenschaftliche Nachwuchs \u2013 das sind nur einige Themen, die uns besch\u00e4ftigen werden und auf die ich mich freue.\u201c<\/p>\n<p>Fischedick sagte: \u201eIch freue mich darauf, diese verantwortungsvolle Aufgabe zu \u00fcbernehmen und die Forschungsgemeinschaft des Landes NRW im Vorstandsverbund mitzugestalten. Auch in meiner Funktion als Leitthemensprecher ist mir daran gelegen, mehr Kooperationsprojekte innerhalb der JRF zu verwirklichen und der transdisziplin\u00e4ren, praxisnahen Forschung in NRW R\u00fcckenwind zu geben.\u201c<\/p>\n<p>Der Vorstand der JRF ist ein Organ neben der Mitgliederversammlung und dem Kuratorium und f\u00fcr die Gesamtstrategie des Vereins verantwortlich. Bathen (ehrenamtlich) und Fels (hauptamtlich) wurden bereits 2019 im Amt best\u00e4tigt und f\u00fcr weitere f\u00fcnf Jahre in den Vorstand gew\u00e4hlt. Im Fr\u00fchjahr 2020 ist Uwe Schneidewind als wissenschaftliches Vorstandsmitglied aufgrund seiner Kandidatur als Oberb\u00fcrgermeister f\u00fcr Wuppertal ausgeschieden. \u201eWir haben beschlossen, gleich zwei neue wissenschaftliche Vorst\u00e4nde zu w\u00e4hlen, um den Vorstand breiter aufzustellen und noch leistungsf\u00e4higer zu machen\u201c, h\u00e4lt Fels fest, die auch die Gesch\u00e4ftsstelle in D\u00fcsseldorf leitet.<\/p>\n<p>Zu den neu gew\u00e4hlten Personen:<\/p>\n<p>Stefan Siedentop ist hauptamtlich wissenschaftlicher Direktor des Instituts f\u00fcr Landes- und Stadtentwicklungsforschung und Professor an der Fakult\u00e4t f\u00fcr Raumplanung im Fachgebiet Stadtentwicklung an der TU Dortmund. Der studierte Raumplaner promovierte mit einem umweltplanerischen Thema. Berufliche Stationen f\u00fchrten ihn ans Leibniz-Institut f\u00fcr \u00f6kologische Raumentwicklung (I\u00d6R), an die Universit\u00e4t Stuttgart und an das Institut f\u00fcr Raumordnung und Entwicklungsplanung. Seine Themenschwerpunkte sind die Theorie und Empirie st\u00e4dtischer und stadtregionaler Entwicklung sowie die Instrumente regionalen Wachstumsmanagements in Verdichtungsr\u00e4umen.<\/p>\n<p>Manfred Fischedick ist hauptamtlich wissenschaftlicher Gesch\u00e4ftsf\u00fchrer des Wuppertal Instituts f\u00fcr Klima, Umwelt, Energie und Professor an der Schumpeter School of Business and Economics an der Bergischen Universit\u00e4t Wuppertal. Der studierte Verfahrenstechniker promovierte im Bereich der Energietechnik und ist seit 1993 in verschiedenen (F\u00fchrungs-)Funktionen am Wuppertal Institut t\u00e4tig. Fischedick ist unter anderem Leitautor im Weltklimarat und Mitglied zahlreicher nationaler und internationaler Gremien. Sein Arbeits- und Forschungsschwerpunkt konzentriert sich auf Transformationsforschung mit besonderem Blick auf das Energiesystem und die Industrie, nationale und internationale Energie- und Klimapolitik, Forschungs- und Technologiepolitik.<\/p>\n<p>Zur Johannes-Rau-Forschungsgemeinschaft:<br \/>\nDie JRF ist die Forschungsgemeinschaft des Landes Nordrhein-Westfalen, gegr\u00fcndet als gemeinn\u00fctziger Verein und Dachorganisation f\u00fcr 15 landesgef\u00f6rderte, rechtlich selbstst\u00e4ndige, au\u00dferuniversit\u00e4re und gemeinn\u00fctzige Forschungsinstitute. Unter dem Leitbild \u201eForschung \u201aMade in NRW\u2018 f\u00fcr Gesellschaft, Wirtschaft, Politik\u201c arbeiten die JRF-Institute fach\u00fcbergreifend zusammen, betreiben eine gemeinsame \u00d6ffentlichkeitsarbeit, f\u00f6rdern wissenschaftlichen Nachwuchs und werden von externen GutachterInnen evaluiert. Neben den wissenschaftlichen Mitgliedern ist das Land NRW ein Gr\u00fcndungsmitglied, vertreten durch das Ministerium f\u00fcr Kultur und Wissenschaft.<\/p>\n<p>Weitere Informationen unter: <a href=\"http:\/\/www.jrf.nrw\/\" target=\"_blank\" rel=\"noopener noreferrer\">www.jrf.nrw<\/a><\/p>\n<\/div><div class=\"fusion-text fusion-text-2\"><p>Zu den Fotos:<\/p>\n<p><em>Das Bildmaterial kann auf der JRF-Internetseite heruntergeladen werden und steht unter \u00a9 JRF e.V. f\u00fcr die Presse-Berichterstattung uneingeschr\u00e4nkt zur Verf\u00fcgung.<\/em><\/p>\n<\/div><div class=\"fusion-image-element \" style=\"--awb-caption-title-font-family:var(--h2_typography-font-family);--awb-caption-title-font-weight:var(--h2_typography-font-weight);--awb-caption-title-font-style:var(--h2_typography-font-style);--awb-caption-title-size:var(--h2_typography-font-size);--awb-caption-title-transform:var(--h2_typography-text-transform);--awb-caption-title-line-height:var(--h2_typography-line-height);--awb-caption-title-letter-spacing:var(--h2_typography-letter-spacing);\"><span class=\" fusion-imageframe imageframe-none imageframe-1 hover-type-none\"><img decoding=\"async\" width=\"1000\" height=\"645\" title=\"jrf-vorstand2020\" src=\"https:\/\/www.ils-forschung.de\/wp-content\/uploads\/2020\/11\/jrf-vorstand2020.jpg\" alt class=\"img-responsive wp-image-11277\" srcset=\"https:\/\/www.ils-forschung.de\/wp-content\/uploads\/2020\/11\/jrf-vorstand2020-200x129.jpg 200w, https:\/\/www.ils-forschung.de\/wp-content\/uploads\/2020\/11\/jrf-vorstand2020-400x258.jpg 400w, https:\/\/www.ils-forschung.de\/wp-content\/uploads\/2020\/11\/jrf-vorstand2020-600x387.jpg 600w, https:\/\/www.ils-forschung.de\/wp-content\/uploads\/2020\/11\/jrf-vorstand2020-800x516.jpg 800w, https:\/\/www.ils-forschung.de\/wp-content\/uploads\/2020\/11\/jrf-vorstand2020.jpg 1000w\" sizes=\"(max-width: 1125px) 100vw, (max-width: 765px) 100vw, 1000px\" \/><\/span><\/div><div class=\"fusion-text fusion-text-3\"><p><span style=\"font-size: 11px;\"><em>Der neue JRF-Vorstand: V.l.n.r.: Prof. Dr. Manfred Fischedick, Prof. Dr. Dieter Bathen, Ramona Fels, Prof. Dr. Stefan Siedentop<\/em><\/span><\/p>\n<\/div><div class=\"fusion-text fusion-text-4\"><h3 class=\"margintop32px\">Download:<\/h3>\n<p>Die Pressemitteilung als <a href=\"https:\/\/www.ils-forschung.de\/wp-content\/uploads\/2020\/11\/ils-pressemitteilung-11-20-stefan-siedentop-im-jrf-vorstand.pdf\" target=\"_blank\" rel=\"noopener noreferrer\">Download<\/a><\/p>\n<h3 class=\"margintop32px\">Pressekontakt:<\/h3>\n<p>Ann-Christin Kleinmanns, Verantwortliche f\u00fcr Presse- und \u00d6ffentlichkeitsarbeit<br \/>\nTelefon: 0231\/9051-131<br \/>\nE-Mail: <a href=\"mailto:ann-christin.kleinmanns@ils-forschung.de\">ann-christin.kleinmanns@ils-forschung.de<\/a><\/p>\n<h3 class=\"margintop32px\">Ansprechpartnerin:<\/h3>\n<p>Prof. Dr. Stefan Siedentop<br \/>\nE-Mail: <a href=\"mailto:stefan.siedentop@ils-forschung.de\">stefan.siedentop@ils-forschung.de<\/a><\/p>\n<\/div><\/div><\/div><\/div><\/div>\n","protected":false},"excerpt":{"rendered":"","protected":false},"author":14,"featured_media":11281,"comment_status":"closed","ping_status":"closed","sticky":false,"template":"","format":"standard","meta":{"footnotes":""},"categories":[10],"tags":[],"class_list":["post-11309","post","type-post","status-publish","format-standard","has-post-thumbnail","hentry","category-uncategorized"],"yoast_head":"<!-- This site is optimized with the Yoast SEO plugin v27.1.1 - https:\/\/yoast.com\/product\/yoast-seo-wordpress\/ -->\n<title>ILS-Gesch\u00e4ftsf\u00fchrer Prof. Dr. Stefan Siedentop wurde in den wissenschaftlichen Vorstand der Johannes-Rau-Forschungsgemeinschaft gew\u00e4hlt - ILS - Institut f\u00fcr Landes- und Stadtentwicklungsforschung<\/title>\n<meta name=\"robots\" content=\"index, follow, max-snippet:-1, max-image-preview:large, max-video-preview:-1\" \/>\n<link rel=\"canonical\" href=\"https:\/\/www.ils-forschung.de\/en\/2020\/11\/ils-geschaeftsfuehrer-prof-dr-stefan-siedentop-wurde-in-den-wissenschaftlichen-vorstand-der-johannes-rau-forschungsgemeinschaft-gewaehlt\/\" \/>\n<meta property=\"og:locale\" content=\"en_US\" \/>\n<meta property=\"og:type\" content=\"article\" \/>\n<meta property=\"og:title\" content=\"ILS-Gesch\u00e4ftsf\u00fchrer Prof. Dr. Stefan Siedentop wurde in den wissenschaftlichen Vorstand der Johannes-Rau-Forschungsgemeinschaft gew\u00e4hlt - ILS - Institut f\u00fcr Landes- und Stadtentwicklungsforschung\" \/>\n<meta property=\"og:url\" content=\"https:\/\/www.ils-forschung.de\/en\/2020\/11\/ils-geschaeftsfuehrer-prof-dr-stefan-siedentop-wurde-in-den-wissenschaftlichen-vorstand-der-johannes-rau-forschungsgemeinschaft-gewaehlt\/\" \/>\n<meta property=\"og:site_name\" content=\"ILS - Institut f\u00fcr Landes- und Stadtentwicklungsforschung\" \/>\n<meta property=\"article:published_time\" content=\"2020-11-11T10:11:15+00:00\" \/>\n<meta property=\"article:modified_time\" content=\"2025-11-20T13:48:09+00:00\" \/>\n<meta property=\"og:image\" content=\"https:\/\/www.ils-forschung.de\/wp-content\/uploads\/2020\/11\/siedentop-im-jrfvorstand-ils.jpg\" \/>\n\t<meta property=\"og:image:width\" content=\"1000\" \/>\n\t<meta property=\"og:image:height\" content=\"750\" \/>\n\t<meta property=\"og:image:type\" content=\"image\/jpeg\" \/>\n<meta name=\"author\" content=\"ils-admin\" \/>\n<meta name=\"twitter:card\" content=\"summary_large_image\" \/>\n<meta name=\"twitter:image\" content=\"https:\/\/www.ils-forschung.de\/wp-content\/uploads\/2020\/09\/pressemitteilung-twitter.jpg\" \/>\n<meta name=\"twitter:creator\" content=\"@ILS_forschung\" \/>\n<meta name=\"twitter:site\" content=\"@ILS_forschung\" \/>\n<meta name=\"twitter:label1\" content=\"Written by\" \/>\n\t<meta name=\"twitter:data1\" content=\"ils-admin\" \/>\n\t<meta name=\"twitter:label2\" content=\"Est. reading time\" \/>\n\t<meta name=\"twitter:data2\" content=\"9 minutes\" \/>\n<script type=\"application\/ld+json\" class=\"yoast-schema-graph\">{\"@context\":\"https:\/\/schema.org\",\"@graph\":[{\"@type\":\"Article\",\"@id\":\"https:\/\/www.ils-forschung.de\/en\/2020\/11\/ils-geschaeftsfuehrer-prof-dr-stefan-siedentop-wurde-in-den-wissenschaftlichen-vorstand-der-johannes-rau-forschungsgemeinschaft-gewaehlt\/#article\",\"isPartOf\":{\"@id\":\"https:\/\/www.ils-forschung.de\/en\/2020\/11\/ils-geschaeftsfuehrer-prof-dr-stefan-siedentop-wurde-in-den-wissenschaftlichen-vorstand-der-johannes-rau-forschungsgemeinschaft-gewaehlt\/\"},\"author\":{\"name\":\"ils-admin\",\"@id\":\"https:\/\/www.ils-forschung.de\/en\/#\/schema\/person\/5a4e18575766674595b96b1fcb394571\"},\"headline\":\"ILS-Gesch\u00e4ftsf\u00fchrer Prof. Dr. Stefan Siedentop wurde in den wissenschaftlichen Vorstand der Johannes-Rau-Forschungsgemeinschaft gew\u00e4hlt\",\"datePublished\":\"2020-11-11T10:11:15+00:00\",\"dateModified\":\"2025-11-20T13:48:09+00:00\",\"mainEntityOfPage\":{\"@id\":\"https:\/\/www.ils-forschung.de\/en\/2020\/11\/ils-geschaeftsfuehrer-prof-dr-stefan-siedentop-wurde-in-den-wissenschaftlichen-vorstand-der-johannes-rau-forschungsgemeinschaft-gewaehlt\/\"},\"wordCount\":1748,\"image\":{\"@id\":\"https:\/\/www.ils-forschung.de\/en\/2020\/11\/ils-geschaeftsfuehrer-prof-dr-stefan-siedentop-wurde-in-den-wissenschaftlichen-vorstand-der-johannes-rau-forschungsgemeinschaft-gewaehlt\/#primaryimage\"},\"thumbnailUrl\":\"https:\/\/www.ils-forschung.de\/wp-content\/uploads\/2020\/11\/siedentop-im-jrfvorstand-ils.jpg\",\"inLanguage\":\"en-US\"},{\"@type\":\"WebPage\",\"@id\":\"https:\/\/www.ils-forschung.de\/en\/2020\/11\/ils-geschaeftsfuehrer-prof-dr-stefan-siedentop-wurde-in-den-wissenschaftlichen-vorstand-der-johannes-rau-forschungsgemeinschaft-gewaehlt\/\",\"url\":\"https:\/\/www.ils-forschung.de\/en\/2020\/11\/ils-geschaeftsfuehrer-prof-dr-stefan-siedentop-wurde-in-den-wissenschaftlichen-vorstand-der-johannes-rau-forschungsgemeinschaft-gewaehlt\/\",\"name\":\"ILS-Gesch\u00e4ftsf\u00fchrer Prof. Dr. Stefan Siedentop wurde in den wissenschaftlichen Vorstand der Johannes-Rau-Forschungsgemeinschaft gew\u00e4hlt - ILS - Institut f\u00fcr Landes- und Stadtentwicklungsforschung\",\"isPartOf\":{\"@id\":\"https:\/\/www.ils-forschung.de\/en\/#website\"},\"primaryImageOfPage\":{\"@id\":\"https:\/\/www.ils-forschung.de\/en\/2020\/11\/ils-geschaeftsfuehrer-prof-dr-stefan-siedentop-wurde-in-den-wissenschaftlichen-vorstand-der-johannes-rau-forschungsgemeinschaft-gewaehlt\/#primaryimage\"},\"image\":{\"@id\":\"https:\/\/www.ils-forschung.de\/en\/2020\/11\/ils-geschaeftsfuehrer-prof-dr-stefan-siedentop-wurde-in-den-wissenschaftlichen-vorstand-der-johannes-rau-forschungsgemeinschaft-gewaehlt\/#primaryimage\"},\"thumbnailUrl\":\"https:\/\/www.ils-forschung.de\/wp-content\/uploads\/2020\/11\/siedentop-im-jrfvorstand-ils.jpg\",\"datePublished\":\"2020-11-11T10:11:15+00:00\",\"dateModified\":\"2025-11-20T13:48:09+00:00\",\"author\":{\"@id\":\"https:\/\/www.ils-forschung.de\/en\/#\/schema\/person\/5a4e18575766674595b96b1fcb394571\"},\"breadcrumb\":{\"@id\":\"https:\/\/www.ils-forschung.de\/en\/2020\/11\/ils-geschaeftsfuehrer-prof-dr-stefan-siedentop-wurde-in-den-wissenschaftlichen-vorstand-der-johannes-rau-forschungsgemeinschaft-gewaehlt\/#breadcrumb\"},\"inLanguage\":\"en-US\",\"potentialAction\":[{\"@type\":\"ReadAction\",\"target\":[\"https:\/\/www.ils-forschung.de\/en\/2020\/11\/ils-geschaeftsfuehrer-prof-dr-stefan-siedentop-wurde-in-den-wissenschaftlichen-vorstand-der-johannes-rau-forschungsgemeinschaft-gewaehlt\/\"]}]},{\"@type\":\"ImageObject\",\"inLanguage\":\"en-US\",\"@id\":\"https:\/\/www.ils-forschung.de\/en\/2020\/11\/ils-geschaeftsfuehrer-prof-dr-stefan-siedentop-wurde-in-den-wissenschaftlichen-vorstand-der-johannes-rau-forschungsgemeinschaft-gewaehlt\/#primaryimage\",\"url\":\"https:\/\/www.ils-forschung.de\/wp-content\/uploads\/2020\/11\/siedentop-im-jrfvorstand-ils.jpg\",\"contentUrl\":\"https:\/\/www.ils-forschung.de\/wp-content\/uploads\/2020\/11\/siedentop-im-jrfvorstand-ils.jpg\",\"width\":1000,\"height\":750},{\"@type\":\"BreadcrumbList\",\"@id\":\"https:\/\/www.ils-forschung.de\/en\/2020\/11\/ils-geschaeftsfuehrer-prof-dr-stefan-siedentop-wurde-in-den-wissenschaftlichen-vorstand-der-johannes-rau-forschungsgemeinschaft-gewaehlt\/#breadcrumb\",\"itemListElement\":[{\"@type\":\"ListItem\",\"position\":1,\"name\":\"Home\",\"item\":\"https:\/\/www.ils-forschung.de\/en\/\"},{\"@type\":\"ListItem\",\"position\":2,\"name\":\"ILS-Gesch\u00e4ftsf\u00fchrer Prof. Dr. Stefan Siedentop wurde in den wissenschaftlichen Vorstand der Johannes-Rau-Forschungsgemeinschaft gew\u00e4hlt\"}]},{\"@type\":\"WebSite\",\"@id\":\"https:\/\/www.ils-forschung.de\/en\/#website\",\"url\":\"https:\/\/www.ils-forschung.de\/en\/\",\"name\":\"ILS - Institut f\u00fcr Landes- und Stadtentwicklungsforschung\",\"description\":\"Das ILS \u2013 Institut f\u00fcr Landes- und Stadtentwicklungsforschung ist ein raumwissenschaftliches au\u00dferuniversit\u00e4res Forschungsinstitut mit Sitz in Dortmund.\",\"potentialAction\":[{\"@type\":\"SearchAction\",\"target\":{\"@type\":\"EntryPoint\",\"urlTemplate\":\"https:\/\/www.ils-forschung.de\/en\/?s={search_term_string}\"},\"query-input\":{\"@type\":\"PropertyValueSpecification\",\"valueRequired\":true,\"valueName\":\"search_term_string\"}}],\"inLanguage\":\"en-US\"},{\"@type\":\"Person\",\"@id\":\"https:\/\/www.ils-forschung.de\/en\/#\/schema\/person\/5a4e18575766674595b96b1fcb394571\",\"name\":\"ils-admin\",\"url\":\"https:\/\/www.ils-forschung.de\/en\/author\/ils-admin\/\"}]}<\/script>\n<!-- \/ Yoast SEO plugin. -->","yoast_head_json":{"title":"ILS-Gesch\u00e4ftsf\u00fchrer Prof. Dr. Stefan Siedentop wurde in den wissenschaftlichen Vorstand der Johannes-Rau-Forschungsgemeinschaft gew\u00e4hlt - ILS - Institut f\u00fcr Landes- und Stadtentwicklungsforschung","robots":{"index":"index","follow":"follow","max-snippet":"max-snippet:-1","max-image-preview":"max-image-preview:large","max-video-preview":"max-video-preview:-1"},"canonical":"https:\/\/www.ils-forschung.de\/en\/2020\/11\/ils-geschaeftsfuehrer-prof-dr-stefan-siedentop-wurde-in-den-wissenschaftlichen-vorstand-der-johannes-rau-forschungsgemeinschaft-gewaehlt\/","og_locale":"en_US","og_type":"article","og_title":"ILS-Gesch\u00e4ftsf\u00fchrer Prof. Dr. Stefan Siedentop wurde in den wissenschaftlichen Vorstand der Johannes-Rau-Forschungsgemeinschaft gew\u00e4hlt - ILS - Institut f\u00fcr Landes- und Stadtentwicklungsforschung","og_url":"https:\/\/www.ils-forschung.de\/en\/2020\/11\/ils-geschaeftsfuehrer-prof-dr-stefan-siedentop-wurde-in-den-wissenschaftlichen-vorstand-der-johannes-rau-forschungsgemeinschaft-gewaehlt\/","og_site_name":"ILS - Institut f\u00fcr Landes- und Stadtentwicklungsforschung","article_published_time":"2020-11-11T10:11:15+00:00","article_modified_time":"2025-11-20T13:48:09+00:00","og_image":[{"width":1000,"height":750,"url":"https:\/\/www.ils-forschung.de\/wp-content\/uploads\/2020\/11\/siedentop-im-jrfvorstand-ils.jpg","type":"image\/jpeg"}],"author":"ils-admin","twitter_card":"summary_large_image","twitter_image":"https:\/\/www.ils-forschung.de\/wp-content\/uploads\/2020\/09\/pressemitteilung-twitter.jpg","twitter_creator":"@ILS_forschung","twitter_site":"@ILS_forschung","twitter_misc":{"Written by":"ils-admin","Est. reading time":"9 minutes"},"schema":{"@context":"https:\/\/schema.org","@graph":[{"@type":"Article","@id":"https:\/\/www.ils-forschung.de\/en\/2020\/11\/ils-geschaeftsfuehrer-prof-dr-stefan-siedentop-wurde-in-den-wissenschaftlichen-vorstand-der-johannes-rau-forschungsgemeinschaft-gewaehlt\/#article","isPartOf":{"@id":"https:\/\/www.ils-forschung.de\/en\/2020\/11\/ils-geschaeftsfuehrer-prof-dr-stefan-siedentop-wurde-in-den-wissenschaftlichen-vorstand-der-johannes-rau-forschungsgemeinschaft-gewaehlt\/"},"author":{"name":"ils-admin","@id":"https:\/\/www.ils-forschung.de\/en\/#\/schema\/person\/5a4e18575766674595b96b1fcb394571"},"headline":"ILS-Gesch\u00e4ftsf\u00fchrer Prof. Dr. Stefan Siedentop wurde in den wissenschaftlichen Vorstand der Johannes-Rau-Forschungsgemeinschaft gew\u00e4hlt","datePublished":"2020-11-11T10:11:15+00:00","dateModified":"2025-11-20T13:48:09+00:00","mainEntityOfPage":{"@id":"https:\/\/www.ils-forschung.de\/en\/2020\/11\/ils-geschaeftsfuehrer-prof-dr-stefan-siedentop-wurde-in-den-wissenschaftlichen-vorstand-der-johannes-rau-forschungsgemeinschaft-gewaehlt\/"},"wordCount":1748,"image":{"@id":"https:\/\/www.ils-forschung.de\/en\/2020\/11\/ils-geschaeftsfuehrer-prof-dr-stefan-siedentop-wurde-in-den-wissenschaftlichen-vorstand-der-johannes-rau-forschungsgemeinschaft-gewaehlt\/#primaryimage"},"thumbnailUrl":"https:\/\/www.ils-forschung.de\/wp-content\/uploads\/2020\/11\/siedentop-im-jrfvorstand-ils.jpg","inLanguage":"en-US"},{"@type":"WebPage","@id":"https:\/\/www.ils-forschung.de\/en\/2020\/11\/ils-geschaeftsfuehrer-prof-dr-stefan-siedentop-wurde-in-den-wissenschaftlichen-vorstand-der-johannes-rau-forschungsgemeinschaft-gewaehlt\/","url":"https:\/\/www.ils-forschung.de\/en\/2020\/11\/ils-geschaeftsfuehrer-prof-dr-stefan-siedentop-wurde-in-den-wissenschaftlichen-vorstand-der-johannes-rau-forschungsgemeinschaft-gewaehlt\/","name":"ILS-Gesch\u00e4ftsf\u00fchrer Prof. Dr. Stefan Siedentop wurde in den wissenschaftlichen Vorstand der Johannes-Rau-Forschungsgemeinschaft gew\u00e4hlt - ILS - Institut f\u00fcr Landes- und Stadtentwicklungsforschung","isPartOf":{"@id":"https:\/\/www.ils-forschung.de\/en\/#website"},"primaryImageOfPage":{"@id":"https:\/\/www.ils-forschung.de\/en\/2020\/11\/ils-geschaeftsfuehrer-prof-dr-stefan-siedentop-wurde-in-den-wissenschaftlichen-vorstand-der-johannes-rau-forschungsgemeinschaft-gewaehlt\/#primaryimage"},"image":{"@id":"https:\/\/www.ils-forschung.de\/en\/2020\/11\/ils-geschaeftsfuehrer-prof-dr-stefan-siedentop-wurde-in-den-wissenschaftlichen-vorstand-der-johannes-rau-forschungsgemeinschaft-gewaehlt\/#primaryimage"},"thumbnailUrl":"https:\/\/www.ils-forschung.de\/wp-content\/uploads\/2020\/11\/siedentop-im-jrfvorstand-ils.jpg","datePublished":"2020-11-11T10:11:15+00:00","dateModified":"2025-11-20T13:48:09+00:00","author":{"@id":"https:\/\/www.ils-forschung.de\/en\/#\/schema\/person\/5a4e18575766674595b96b1fcb394571"},"breadcrumb":{"@id":"https:\/\/www.ils-forschung.de\/en\/2020\/11\/ils-geschaeftsfuehrer-prof-dr-stefan-siedentop-wurde-in-den-wissenschaftlichen-vorstand-der-johannes-rau-forschungsgemeinschaft-gewaehlt\/#breadcrumb"},"inLanguage":"en-US","potentialAction":[{"@type":"ReadAction","target":["https:\/\/www.ils-forschung.de\/en\/2020\/11\/ils-geschaeftsfuehrer-prof-dr-stefan-siedentop-wurde-in-den-wissenschaftlichen-vorstand-der-johannes-rau-forschungsgemeinschaft-gewaehlt\/"]}]},{"@type":"ImageObject","inLanguage":"en-US","@id":"https:\/\/www.ils-forschung.de\/en\/2020\/11\/ils-geschaeftsfuehrer-prof-dr-stefan-siedentop-wurde-in-den-wissenschaftlichen-vorstand-der-johannes-rau-forschungsgemeinschaft-gewaehlt\/#primaryimage","url":"https:\/\/www.ils-forschung.de\/wp-content\/uploads\/2020\/11\/siedentop-im-jrfvorstand-ils.jpg","contentUrl":"https:\/\/www.ils-forschung.de\/wp-content\/uploads\/2020\/11\/siedentop-im-jrfvorstand-ils.jpg","width":1000,"height":750},{"@type":"BreadcrumbList","@id":"https:\/\/www.ils-forschung.de\/en\/2020\/11\/ils-geschaeftsfuehrer-prof-dr-stefan-siedentop-wurde-in-den-wissenschaftlichen-vorstand-der-johannes-rau-forschungsgemeinschaft-gewaehlt\/#breadcrumb","itemListElement":[{"@type":"ListItem","position":1,"name":"Home","item":"https:\/\/www.ils-forschung.de\/en\/"},{"@type":"ListItem","position":2,"name":"ILS-Gesch\u00e4ftsf\u00fchrer Prof. Dr. Stefan Siedentop wurde in den wissenschaftlichen Vorstand der Johannes-Rau-Forschungsgemeinschaft gew\u00e4hlt"}]},{"@type":"WebSite","@id":"https:\/\/www.ils-forschung.de\/en\/#website","url":"https:\/\/www.ils-forschung.de\/en\/","name":"ILS - Institut f\u00fcr Landes- und Stadtentwicklungsforschung","description":"Das ILS \u2013 Institut f\u00fcr Landes- und Stadtentwicklungsforschung ist ein raumwissenschaftliches au\u00dferuniversit\u00e4res Forschungsinstitut mit Sitz in Dortmund.","potentialAction":[{"@type":"SearchAction","target":{"@type":"EntryPoint","urlTemplate":"https:\/\/www.ils-forschung.de\/en\/?s={search_term_string}"},"query-input":{"@type":"PropertyValueSpecification","valueRequired":true,"valueName":"search_term_string"}}],"inLanguage":"en-US"},{"@type":"Person","@id":"https:\/\/www.ils-forschung.de\/en\/#\/schema\/person\/5a4e18575766674595b96b1fcb394571","name":"ils-admin","url":"https:\/\/www.ils-forschung.de\/en\/author\/ils-admin\/"}]}},"cc_featured_image_caption":{"caption_text":"","source_text":"","source_url":""},"_links":{"self":[{"href":"https:\/\/www.ils-forschung.de\/en\/wp-json\/wp\/v2\/posts\/11309","targetHints":{"allow":["GET"]}}],"collection":[{"href":"https:\/\/www.ils-forschung.de\/en\/wp-json\/wp\/v2\/posts"}],"about":[{"href":"https:\/\/www.ils-forschung.de\/en\/wp-json\/wp\/v2\/types\/post"}],"author":[{"embeddable":true,"href":"https:\/\/www.ils-forschung.de\/en\/wp-json\/wp\/v2\/users\/14"}],"replies":[{"embeddable":true,"href":"https:\/\/www.ils-forschung.de\/en\/wp-json\/wp\/v2\/comments?post=11309"}],"version-history":[{"count":2,"href":"https:\/\/www.ils-forschung.de\/en\/wp-json\/wp\/v2\/posts\/11309\/revisions"}],"predecessor-version":[{"id":53301,"href":"https:\/\/www.ils-forschung.de\/en\/wp-json\/wp\/v2\/posts\/11309\/revisions\/53301"}],"wp:featuredmedia":[{"embeddable":true,"href":"https:\/\/www.ils-forschung.de\/en\/wp-json\/wp\/v2\/media\/11281"}],"wp:attachment":[{"href":"https:\/\/www.ils-forschung.de\/en\/wp-json\/wp\/v2\/media?parent=11309"}],"wp:term":[{"taxonomy":"category","embeddable":true,"href":"https:\/\/www.ils-forschung.de\/en\/wp-json\/wp\/v2\/categories?post=11309"},{"taxonomy":"post_tag","embeddable":true,"href":"https:\/\/www.ils-forschung.de\/en\/wp-json\/wp\/v2\/tags?post=11309"}],"curies":[{"name":"wp","href":"https:\/\/api.w.org\/{rel}","templated":true}]}}